{"id":8887,"date":"2022-03-30T23:19:35","date_gmt":"2022-03-30T21:19:35","guid":{"rendered":"https:\/\/goethe-gymnasium.berlin\/?p=8887"},"modified":"2022-03-31T00:23:56","modified_gmt":"2022-03-30T22:23:56","slug":"ohne-atomstrom-zum-landessieg","status":"publish","type":"post","link":"https:\/\/goethe-gymnasium.berlin\/index.php\/2022\/03\/30\/ohne-atomstrom-zum-landessieg\/","title":{"rendered":"Ohne Atomstrom zum Landessieg"},"content":{"rendered":"\n<h4 class=\"wp-block-heading\"><strong>Landessieger bei \u201eJugend debattiert\u201c kommt vom Goethe<\/strong><\/h4>\n\n\n\n<p>Auch in diesem Jahr kann sich das Goethe-Gymnasium wieder \u00fcber ein hervorragendes Abschneiden beim <strong><a href=\"https:\/\/www.jugend-debattiert.de\/\" target=\"_blank\" rel=\"noreferrer noopener\">Wettbewerb \u201eJugend debattiert\u201c<\/a><\/strong> freuen.<\/p>\n\n\n\n<p>Schon beim <strong>Regionalwettbewerb<\/strong> vermochte es unser starkes Team (Altersgruppe 1: Nona Bergholz, Noa Marcus Hornung, Mia Hoshino und Alexandra Rubinstein; Altersgruppe 2: Helene Kromka und Maarten Robeck) vier Teilnehmer*innen in den Finaldebatten zu platzieren. Dort holte Alexandra Rubinstein den Regionalsieg in der AG 1 und Noa Marcus Hornung belegte letztlich den vierten Rang in dem gro\u00dfen Feld der Mitdebattant*innen.<\/p>\n\n\n\n<p>In der AG 2 traten Helene und Maarten gemeinsam als Team Pro bei der Debattenfrage <em>\u201eSoll Moscheegemeinden (in unserer Stadt) der Ruf des Muezzin erlaubt werden?\u201c<\/em> an und beeindruckten durch eine pr\u00e4zise formulierte Ma\u00dfnahme und souver\u00e4nes Auftreten. Als Erstplatzierte (Helene) und Zweitplatzierter (Maarten) der Finaldebatte qualifizierten sich Helene und Maarten ebenso wie Alexandra in der AG 1 f\u00fcr den Landeswettbewerb, der auch in diesem Jahr online stattfand.<\/p>\n\n\n\n<div class=\"wp-block-image\"><figure class=\"aligncenter size-large\"><img loading=\"lazy\" decoding=\"async\" width=\"1900\" height=\"1016\" src=\"https:\/\/goethe-gymnasium.berlin\/wp-content\/uploads\/2022\/03\/Jugend-debattiert-2022-1900x1016.jpg\" alt=\"\" class=\"wp-image-8889\" srcset=\"https:\/\/goethe-gymnasium.berlin\/wp-content\/uploads\/2022\/03\/Jugend-debattiert-2022-1900x1016.jpg 1900w, https:\/\/goethe-gymnasium.berlin\/wp-content\/uploads\/2022\/03\/Jugend-debattiert-2022-300x160.jpg 300w, https:\/\/goethe-gymnasium.berlin\/wp-content\/uploads\/2022\/03\/Jugend-debattiert-2022-768x411.jpg 768w, https:\/\/goethe-gymnasium.berlin\/wp-content\/uploads\/2022\/03\/Jugend-debattiert-2022-1536x821.jpg 1536w, https:\/\/goethe-gymnasium.berlin\/wp-content\/uploads\/2022\/03\/Jugend-debattiert-2022-2048x1095.jpg 2048w, https:\/\/goethe-gymnasium.berlin\/wp-content\/uploads\/2022\/03\/Jugend-debattiert-2022-125x67.jpg 125w, https:\/\/goethe-gymnasium.berlin\/wp-content\/uploads\/2022\/03\/Jugend-debattiert-2022-200x107.jpg 200w, https:\/\/goethe-gymnasium.berlin\/wp-content\/uploads\/2022\/03\/Jugend-debattiert-2022-80x43.jpg 80w, https:\/\/goethe-gymnasium.berlin\/wp-content\/uploads\/2022\/03\/Jugend-debattiert-2022-1024x548.jpg 1024w\" sizes=\"auto, (max-width: 1900px) 100vw, 1900px\" \/><figcaption><em>Maarten und Helene beim Regionalwettbewerb<\/em><\/figcaption><\/figure><\/div>\n\n\n\n<p>In dem Feld aller Berliner Debattant*innen scheiterte Alexandra in der AG 1 als F\u00fcnftplatzierte nur knapp an dem Einzug der vier besten ins Finale. Maarten holte sich in der AG 2 einen Finalplatz und durfte so am 29. M\u00e4rz 2022 bei der Frage <em>\u201eSoll Deutschland wieder in die friedliche Nutzung der Kernenergie einsteigen?\u201c<\/em> im Berliner Abgeordnetenhaus mitdebattieren. Und das tat er als Contra 2-Redner mit so viel Sachkenntnis, Engagement und Verve, dass am Ende der Landessieger in der AG 2 Maarten Robeck hie\u00df. Maarten wird gemeinsam mit Aurora Bostanjoglo vom Werner-von-Siemens-Gymnasium das Land Berlin nun beim <a href=\"https:\/\/www.berlin.de\/sen\/bjf\/service\/presse\/pressearchiv-2022\/pressemitteilung.1191252.php\" target=\"_blank\" rel=\"noreferrer noopener\">Bundeswettbewerb<\/a> vertreten. \u201eGanz stark\u201c, also \u2013 wie es Staatssekret\u00e4r Azis Bozkurt als Juror in seiner R\u00fcckmeldung f\u00fcr Maarten b\u00fcndig zusammenfasste.<\/p>\n\n\n\n<p>Herzlichen Dank an alle Teilnehmer*innen und Helfer*innen des diesj\u00e4hrigen Wettbewerbs! Auf ein Neues im n\u00e4chsten Jahr!<\/p>\n\n\n\n<p class=\"has-text-align-right\"><em>Text: Frau Beckmann (Schulkoordinatorin Jugend debattiert), Frau Krousky (Schuljahr 2021\/22)<br>Fotos: Frau Beckmann (Schuljahr 2021\/22)<\/em><\/p>\n","protected":false},"excerpt":{"rendered":"<p>Der Landessieger bei \u201eJugend debattiert\u201c kommt vom Goethe-Gymnasium. <a class=\"more-link\" href=\"https:\/\/goethe-gymnasium.berlin\/index.php\/2022\/03\/30\/ohne-atomstrom-zum-landessieg\/\">Weiterlesen &#8230;<\/a><\/p>\n","protected":false},"author":4,"featured_media":5178,"comment_status":"closed","ping_status":"closed","sticky":false,"template":"","format":"standard","meta":{"footnotes":""},"categories":[5,13,145],"tags":[168,456],"class_list":["post-8887","post","type-post","status-publish","format-standard","has-post-thumbnail","hentry","category-berichte","category-deutsch","category-wettbewerbe","tag-jugend-debattiert","tag-jugend-debattiert-2022"],"yoast_head":"<!-- This site is optimized with the Yoast SEO plugin v27.4 - https:\/\/yoast.com\/product\/yoast-seo-wordpress\/ -->\n<title>Ohne Atomstrom zum Landessieg - Goethe-Gymnasium Berlin-Wilmersdorf<\/title>\n<meta name=\"description\" content=\"Goethe-Gymnasium Berlin-Wilmersdorf\" \/>\n<meta name=\"robots\" content=\"index, follow, max-snippet:-1, max-image-preview:large, max-video-preview:-1\" \/>\n<link rel=\"canonical\" href=\"https:\/\/goethe-gymnasium.berlin\/index.php\/2022\/03\/30\/ohne-atomstrom-zum-landessieg\/\" \/>\n<meta property=\"og:locale\" content=\"de_DE\" \/>\n<meta property=\"og:type\" content=\"article\" \/>\n<meta property=\"og:title\" content=\"Ohne Atomstrom zum Landessieg - Goethe-Gymnasium Berlin-Wilmersdorf\" \/>\n<meta property=\"og:description\" content=\"Goethe-Gymnasium Berlin-Wilmersdorf\" \/>\n<meta property=\"og:url\" content=\"https:\/\/goethe-gymnasium.berlin\/index.php\/2022\/03\/30\/ohne-atomstrom-zum-landessieg\/\" \/>\n<meta property=\"og:site_name\" content=\"Goethe-Gymnasium Berlin-Wilmersdorf\" \/>\n<meta property=\"article:publisher\" content=\"https:\/\/www.facebook.com\/pages\/Goethe-Gymnasium\/109376575754402\" \/>\n<meta property=\"article:published_time\" content=\"2022-03-30T21:19:35+00:00\" \/>\n<meta property=\"article:modified_time\" content=\"2022-03-30T22:23:56+00:00\" \/>\n<meta property=\"og:image\" content=\"https:\/\/goethe-gymnasium.berlin\/wp-content\/uploads\/2020\/02\/jugend_debattiert_logo-e1634763617216.jpg\" \/>\n\t<meta property=\"og:image:width\" content=\"800\" \/>\n\t<meta property=\"og:image:height\" content=\"800\" \/>\n\t<meta property=\"og:image:type\" content=\"image\/jpeg\" \/>\n<meta name=\"author\" content=\"BWeber\" \/>\n<meta name=\"twitter:card\" content=\"summary_large_image\" \/>\n<meta name=\"twitter:label1\" content=\"Verfasst von\" \/>\n\t<meta name=\"twitter:data1\" content=\"BWeber\" \/>\n\t<meta name=\"twitter:label2\" content=\"Gesch\u00e4tzte Lesezeit\" \/>\n\t<meta name=\"twitter:data2\" content=\"2\u00a0Minuten\" \/>\n<script type=\"application\/ld+json\" class=\"yoast-schema-graph\">{\"@context\":\"https:\\\/\\\/schema.org\",\"@graph\":[{\"@type\":\"Article\",\"@id\":\"https:\\\/\\\/goethe-gymnasium.berlin\\\/index.php\\\/2022\\\/03\\\/30\\\/ohne-atomstrom-zum-landessieg\\\/#article\",\"isPartOf\":{\"@id\":\"https:\\\/\\\/goethe-gymnasium.berlin\\\/index.php\\\/2022\\\/03\\\/30\\\/ohne-atomstrom-zum-landessieg\\\/\"},\"author\":{\"name\":\"BWeber\",\"@id\":\"https:\\\/\\\/goethe-gymnasium.berlin\\\/#\\\/schema\\\/person\\\/657649ee416ae4c87decf9eca214731b\"},\"headline\":\"Ohne Atomstrom zum Landessieg\",\"datePublished\":\"2022-03-30T21:19:35+00:00\",\"dateModified\":\"2022-03-30T22:23:56+00:00\",\"mainEntityOfPage\":{\"@id\":\"https:\\\/\\\/goethe-gymnasium.berlin\\\/index.php\\\/2022\\\/03\\\/30\\\/ohne-atomstrom-zum-landessieg\\\/\"},\"wordCount\":312,\"publisher\":{\"@id\":\"https:\\\/\\\/goethe-gymnasium.berlin\\\/#organization\"},\"image\":{\"@id\":\"https:\\\/\\\/goethe-gymnasium.berlin\\\/index.php\\\/2022\\\/03\\\/30\\\/ohne-atomstrom-zum-landessieg\\\/#primaryimage\"},\"thumbnailUrl\":\"https:\\\/\\\/goethe-gymnasium.berlin\\\/wp-content\\\/uploads\\\/2020\\\/02\\\/jugend_debattiert_logo-e1634763617216.jpg\",\"keywords\":[\"Jugend debattiert\",\"Jugend debattiert 2022\"],\"articleSection\":[\"Berichte\",\"Deutsch\",\"Wettbewerbe\"],\"inLanguage\":\"de\"},{\"@type\":\"WebPage\",\"@id\":\"https:\\\/\\\/goethe-gymnasium.berlin\\\/index.php\\\/2022\\\/03\\\/30\\\/ohne-atomstrom-zum-landessieg\\\/\",\"url\":\"https:\\\/\\\/goethe-gymnasium.berlin\\\/index.php\\\/2022\\\/03\\\/30\\\/ohne-atomstrom-zum-landessieg\\\/\",\"name\":\"Ohne Atomstrom zum Landessieg - Goethe-Gymnasium Berlin-Wilmersdorf\",\"isPartOf\":{\"@id\":\"https:\\\/\\\/goethe-gymnasium.berlin\\\/#website\"},\"primaryImageOfPage\":{\"@id\":\"https:\\\/\\\/goethe-gymnasium.berlin\\\/index.php\\\/2022\\\/03\\\/30\\\/ohne-atomstrom-zum-landessieg\\\/#primaryimage\"},\"image\":{\"@id\":\"https:\\\/\\\/goethe-gymnasium.berlin\\\/index.php\\\/2022\\\/03\\\/30\\\/ohne-atomstrom-zum-landessieg\\\/#primaryimage\"},\"thumbnailUrl\":\"https:\\\/\\\/goethe-gymnasium.berlin\\\/wp-content\\\/uploads\\\/2020\\\/02\\\/jugend_debattiert_logo-e1634763617216.jpg\",\"datePublished\":\"2022-03-30T21:19:35+00:00\",\"dateModified\":\"2022-03-30T22:23:56+00:00\",\"description\":\"Goethe-Gymnasium Berlin-Wilmersdorf\",\"breadcrumb\":{\"@id\":\"https:\\\/\\\/goethe-gymnasium.berlin\\\/index.php\\\/2022\\\/03\\\/30\\\/ohne-atomstrom-zum-landessieg\\\/#breadcrumb\"},\"inLanguage\":\"de\",\"potentialAction\":[{\"@type\":\"ReadAction\",\"target\":[\"https:\\\/\\\/goethe-gymnasium.berlin\\\/index.php\\\/2022\\\/03\\\/30\\\/ohne-atomstrom-zum-landessieg\\\/\"]}]},{\"@type\":\"ImageObject\",\"inLanguage\":\"de\",\"@id\":\"https:\\\/\\\/goethe-gymnasium.berlin\\\/index.php\\\/2022\\\/03\\\/30\\\/ohne-atomstrom-zum-landessieg\\\/#primaryimage\",\"url\":\"https:\\\/\\\/goethe-gymnasium.berlin\\\/wp-content\\\/uploads\\\/2020\\\/02\\\/jugend_debattiert_logo-e1634763617216.jpg\",\"contentUrl\":\"https:\\\/\\\/goethe-gymnasium.berlin\\\/wp-content\\\/uploads\\\/2020\\\/02\\\/jugend_debattiert_logo-e1634763617216.jpg\",\"width\":800,\"height\":800},{\"@type\":\"BreadcrumbList\",\"@id\":\"https:\\\/\\\/goethe-gymnasium.berlin\\\/index.php\\\/2022\\\/03\\\/30\\\/ohne-atomstrom-zum-landessieg\\\/#breadcrumb\",\"itemListElement\":[{\"@type\":\"ListItem\",\"position\":1,\"name\":\"Startseite\",\"item\":\"https:\\\/\\\/goethe-gymnasium.berlin\\\/\"},{\"@type\":\"ListItem\",\"position\":2,\"name\":\"Ohne Atomstrom zum Landessieg\"}]},{\"@type\":\"WebSite\",\"@id\":\"https:\\\/\\\/goethe-gymnasium.berlin\\\/#website\",\"url\":\"https:\\\/\\\/goethe-gymnasium.berlin\\\/\",\"name\":\"Goethe-Gymnasium Berlin-Wilmersdorf\",\"description\":\"\",\"publisher\":{\"@id\":\"https:\\\/\\\/goethe-gymnasium.berlin\\\/#organization\"},\"potentialAction\":[{\"@type\":\"SearchAction\",\"target\":{\"@type\":\"EntryPoint\",\"urlTemplate\":\"https:\\\/\\\/goethe-gymnasium.berlin\\\/?s={search_term_string}\"},\"query-input\":{\"@type\":\"PropertyValueSpecification\",\"valueRequired\":true,\"valueName\":\"search_term_string\"}}],\"inLanguage\":\"de\"},{\"@type\":\"Organization\",\"@id\":\"https:\\\/\\\/goethe-gymnasium.berlin\\\/#organization\",\"name\":\"Goethe-Gymnasium Berlin-Wilmersdorf\",\"url\":\"https:\\\/\\\/goethe-gymnasium.berlin\\\/\",\"logo\":{\"@type\":\"ImageObject\",\"inLanguage\":\"de\",\"@id\":\"https:\\\/\\\/goethe-gymnasium.berlin\\\/#\\\/schema\\\/logo\\\/image\\\/\",\"url\":\"https:\\\/\\\/goethe-gymnasium.berlin\\\/wp-content\\\/uploads\\\/2018\\\/04\\\/goethe-logo_hoch.png\",\"contentUrl\":\"https:\\\/\\\/goethe-gymnasium.berlin\\\/wp-content\\\/uploads\\\/2018\\\/04\\\/goethe-logo_hoch.png\",\"width\":755,\"height\":514,\"caption\":\"Goethe-Gymnasium Berlin-Wilmersdorf\"},\"image\":{\"@id\":\"https:\\\/\\\/goethe-gymnasium.berlin\\\/#\\\/schema\\\/logo\\\/image\\\/\"},\"sameAs\":[\"https:\\\/\\\/www.facebook.com\\\/pages\\\/Goethe-Gymnasium\\\/109376575754402\",\"https:\\\/\\\/www.youtube.com\\\/channel\\\/UCMKuMVF9h_YkS3zmEp7SnzQ\"]},{\"@type\":\"Person\",\"@id\":\"https:\\\/\\\/goethe-gymnasium.berlin\\\/#\\\/schema\\\/person\\\/657649ee416ae4c87decf9eca214731b\",\"name\":\"BWeber\",\"image\":{\"@type\":\"ImageObject\",\"inLanguage\":\"de\",\"@id\":\"https:\\\/\\\/secure.gravatar.com\\\/avatar\\\/02bebd62837a35b7591c929f78cee097518003bae0426a33e45c214fc8bd37fb?s=96&d=mm&r=g\",\"url\":\"https:\\\/\\\/secure.gravatar.com\\\/avatar\\\/02bebd62837a35b7591c929f78cee097518003bae0426a33e45c214fc8bd37fb?s=96&d=mm&r=g\",\"contentUrl\":\"https:\\\/\\\/secure.gravatar.com\\\/avatar\\\/02bebd62837a35b7591c929f78cee097518003bae0426a33e45c214fc8bd37fb?s=96&d=mm&r=g\",\"caption\":\"BWeber\"},\"url\":\"https:\\\/\\\/goethe-gymnasium.berlin\\\/index.php\\\/author\\\/bweber\\\/\"}]}<\/script>\n<!-- \/ Yoast SEO plugin. -->","yoast_head_json":{"title":"Ohne Atomstrom zum Landessieg - Goethe-Gymnasium Berlin-Wilmersdorf","description":"Goethe-Gymnasium Berlin-Wilmersdorf","robots":{"index":"index","follow":"follow","max-snippet":"max-snippet:-1","max-image-preview":"max-image-preview:large","max-video-preview":"max-video-preview:-1"},"canonical":"https:\/\/goethe-gymnasium.berlin\/index.php\/2022\/03\/30\/ohne-atomstrom-zum-landessieg\/","og_locale":"de_DE","og_type":"article","og_title":"Ohne Atomstrom zum Landessieg - Goethe-Gymnasium Berlin-Wilmersdorf","og_description":"Goethe-Gymnasium Berlin-Wilmersdorf","og_url":"https:\/\/goethe-gymnasium.berlin\/index.php\/2022\/03\/30\/ohne-atomstrom-zum-landessieg\/","og_site_name":"Goethe-Gymnasium Berlin-Wilmersdorf","article_publisher":"https:\/\/www.facebook.com\/pages\/Goethe-Gymnasium\/109376575754402","article_published_time":"2022-03-30T21:19:35+00:00","article_modified_time":"2022-03-30T22:23:56+00:00","og_image":[{"width":800,"height":800,"url":"https:\/\/goethe-gymnasium.berlin\/wp-content\/uploads\/2020\/02\/jugend_debattiert_logo-e1634763617216.jpg","type":"image\/jpeg"}],"author":"BWeber","twitter_card":"summary_large_image","twitter_misc":{"Verfasst von":"BWeber","Gesch\u00e4tzte Lesezeit":"2\u00a0Minuten"},"schema":{"@context":"https:\/\/schema.org","@graph":[{"@type":"Article","@id":"https:\/\/goethe-gymnasium.berlin\/index.php\/2022\/03\/30\/ohne-atomstrom-zum-landessieg\/#article","isPartOf":{"@id":"https:\/\/goethe-gymnasium.berlin\/index.php\/2022\/03\/30\/ohne-atomstrom-zum-landessieg\/"},"author":{"name":"BWeber","@id":"https:\/\/goethe-gymnasium.berlin\/#\/schema\/person\/657649ee416ae4c87decf9eca214731b"},"headline":"Ohne Atomstrom zum Landessieg","datePublished":"2022-03-30T21:19:35+00:00","dateModified":"2022-03-30T22:23:56+00:00","mainEntityOfPage":{"@id":"https:\/\/goethe-gymnasium.berlin\/index.php\/2022\/03\/30\/ohne-atomstrom-zum-landessieg\/"},"wordCount":312,"publisher":{"@id":"https:\/\/goethe-gymnasium.berlin\/#organization"},"image":{"@id":"https:\/\/goethe-gymnasium.berlin\/index.php\/2022\/03\/30\/ohne-atomstrom-zum-landessieg\/#primaryimage"},"thumbnailUrl":"https:\/\/goethe-gymnasium.berlin\/wp-content\/uploads\/2020\/02\/jugend_debattiert_logo-e1634763617216.jpg","keywords":["Jugend debattiert","Jugend debattiert 2022"],"articleSection":["Berichte","Deutsch","Wettbewerbe"],"inLanguage":"de"},{"@type":"WebPage","@id":"https:\/\/goethe-gymnasium.berlin\/index.php\/2022\/03\/30\/ohne-atomstrom-zum-landessieg\/","url":"https:\/\/goethe-gymnasium.berlin\/index.php\/2022\/03\/30\/ohne-atomstrom-zum-landessieg\/","name":"Ohne Atomstrom zum Landessieg - Goethe-Gymnasium Berlin-Wilmersdorf","isPartOf":{"@id":"https:\/\/goethe-gymnasium.berlin\/#website"},"primaryImageOfPage":{"@id":"https:\/\/goethe-gymnasium.berlin\/index.php\/2022\/03\/30\/ohne-atomstrom-zum-landessieg\/#primaryimage"},"image":{"@id":"https:\/\/goethe-gymnasium.berlin\/index.php\/2022\/03\/30\/ohne-atomstrom-zum-landessieg\/#primaryimage"},"thumbnailUrl":"https:\/\/goethe-gymnasium.berlin\/wp-content\/uploads\/2020\/02\/jugend_debattiert_logo-e1634763617216.jpg","datePublished":"2022-03-30T21:19:35+00:00","dateModified":"2022-03-30T22:23:56+00:00","description":"Goethe-Gymnasium Berlin-Wilmersdorf","breadcrumb":{"@id":"https:\/\/goethe-gymnasium.berlin\/index.php\/2022\/03\/30\/ohne-atomstrom-zum-landessieg\/#breadcrumb"},"inLanguage":"de","potentialAction":[{"@type":"ReadAction","target":["https:\/\/goethe-gymnasium.berlin\/index.php\/2022\/03\/30\/ohne-atomstrom-zum-landessieg\/"]}]},{"@type":"ImageObject","inLanguage":"de","@id":"https:\/\/goethe-gymnasium.berlin\/index.php\/2022\/03\/30\/ohne-atomstrom-zum-landessieg\/#primaryimage","url":"https:\/\/goethe-gymnasium.berlin\/wp-content\/uploads\/2020\/02\/jugend_debattiert_logo-e1634763617216.jpg","contentUrl":"https:\/\/goethe-gymnasium.berlin\/wp-content\/uploads\/2020\/02\/jugend_debattiert_logo-e1634763617216.jpg","width":800,"height":800},{"@type":"BreadcrumbList","@id":"https:\/\/goethe-gymnasium.berlin\/index.php\/2022\/03\/30\/ohne-atomstrom-zum-landessieg\/#breadcrumb","itemListElement":[{"@type":"ListItem","position":1,"name":"Startseite","item":"https:\/\/goethe-gymnasium.berlin\/"},{"@type":"ListItem","position":2,"name":"Ohne Atomstrom zum Landessieg"}]},{"@type":"WebSite","@id":"https:\/\/goethe-gymnasium.berlin\/#website","url":"https:\/\/goethe-gymnasium.berlin\/","name":"Goethe-Gymnasium Berlin-Wilmersdorf","description":"","publisher":{"@id":"https:\/\/goethe-gymnasium.berlin\/#organization"},"potentialAction":[{"@type":"SearchAction","target":{"@type":"EntryPoint","urlTemplate":"https:\/\/goethe-gymnasium.berlin\/?s={search_term_string}"},"query-input":{"@type":"PropertyValueSpecification","valueRequired":true,"valueName":"search_term_string"}}],"inLanguage":"de"},{"@type":"Organization","@id":"https:\/\/goethe-gymnasium.berlin\/#organization","name":"Goethe-Gymnasium Berlin-Wilmersdorf","url":"https:\/\/goethe-gymnasium.berlin\/","logo":{"@type":"ImageObject","inLanguage":"de","@id":"https:\/\/goethe-gymnasium.berlin\/#\/schema\/logo\/image\/","url":"https:\/\/goethe-gymnasium.berlin\/wp-content\/uploads\/2018\/04\/goethe-logo_hoch.png","contentUrl":"https:\/\/goethe-gymnasium.berlin\/wp-content\/uploads\/2018\/04\/goethe-logo_hoch.png","width":755,"height":514,"caption":"Goethe-Gymnasium Berlin-Wilmersdorf"},"image":{"@id":"https:\/\/goethe-gymnasium.berlin\/#\/schema\/logo\/image\/"},"sameAs":["https:\/\/www.facebook.com\/pages\/Goethe-Gymnasium\/109376575754402","https:\/\/www.youtube.com\/channel\/UCMKuMVF9h_YkS3zmEp7SnzQ"]},{"@type":"Person","@id":"https:\/\/goethe-gymnasium.berlin\/#\/schema\/person\/657649ee416ae4c87decf9eca214731b","name":"BWeber","image":{"@type":"ImageObject","inLanguage":"de","@id":"https:\/\/secure.gravatar.com\/avatar\/02bebd62837a35b7591c929f78cee097518003bae0426a33e45c214fc8bd37fb?s=96&d=mm&r=g","url":"https:\/\/secure.gravatar.com\/avatar\/02bebd62837a35b7591c929f78cee097518003bae0426a33e45c214fc8bd37fb?s=96&d=mm&r=g","contentUrl":"https:\/\/secure.gravatar.com\/avatar\/02bebd62837a35b7591c929f78cee097518003bae0426a33e45c214fc8bd37fb?s=96&d=mm&r=g","caption":"BWeber"},"url":"https:\/\/goethe-gymnasium.berlin\/index.php\/author\/bweber\/"}]}},"_links":{"self":[{"href":"https:\/\/goethe-gymnasium.berlin\/index.php\/wp-json\/wp\/v2\/posts\/8887","targetHints":{"allow":["GET"]}}],"collection":[{"href":"https:\/\/goethe-gymnasium.berlin\/index.php\/wp-json\/wp\/v2\/posts"}],"about":[{"href":"https:\/\/goethe-gymnasium.berlin\/index.php\/wp-json\/wp\/v2\/types\/post"}],"author":[{"embeddable":true,"href":"https:\/\/goethe-gymnasium.berlin\/index.php\/wp-json\/wp\/v2\/users\/4"}],"replies":[{"embeddable":true,"href":"https:\/\/goethe-gymnasium.berlin\/index.php\/wp-json\/wp\/v2\/comments?post=8887"}],"version-history":[{"count":4,"href":"https:\/\/goethe-gymnasium.berlin\/index.php\/wp-json\/wp\/v2\/posts\/8887\/revisions"}],"predecessor-version":[{"id":8928,"href":"https:\/\/goethe-gymnasium.berlin\/index.php\/wp-json\/wp\/v2\/posts\/8887\/revisions\/8928"}],"wp:featuredmedia":[{"embeddable":true,"href":"https:\/\/goethe-gymnasium.berlin\/index.php\/wp-json\/wp\/v2\/media\/5178"}],"wp:attachment":[{"href":"https:\/\/goethe-gymnasium.berlin\/index.php\/wp-json\/wp\/v2\/media?parent=8887"}],"wp:term":[{"taxonomy":"category","embeddable":true,"href":"https:\/\/goethe-gymnasium.berlin\/index.php\/wp-json\/wp\/v2\/categories?post=8887"},{"taxonomy":"post_tag","embeddable":true,"href":"https:\/\/goethe-gymnasium.berlin\/index.php\/wp-json\/wp\/v2\/tags?post=8887"}],"curies":[{"name":"wp","href":"https:\/\/api.w.org\/{rel}","templated":true}]}}