{"id":8861,"date":"2022-03-22T11:05:00","date_gmt":"2022-03-22T10:05:00","guid":{"rendered":"https:\/\/goethe-gymnasium.berlin\/?p=8861"},"modified":"2022-03-26T23:35:20","modified_gmt":"2022-03-26T22:35:20","slug":"goethes-190-todestag","status":"publish","type":"post","link":"https:\/\/goethe-gymnasium.berlin\/index.php\/2022\/03\/22\/goethes-190-todestag\/","title":{"rendered":"Goethes 190. Todestag"},"content":{"rendered":"\n<p>Am Dienstag, dem 22. M\u00e4rz 2022, war Goethes 190. Todestag. Um daran zu erinnern, hat die Klasse 5a den &#8222;Zauberlehrling&#8220; aufgef\u00fchrt. Kleinere Gruppen besuchten verschiedene Klassen und stellten jeweils zwei Strophen in deutscher und den unterschiedlichen &#8222;Muttersprachen&#8220; vor.<\/p>\n\n\n\n<figure class=\"wp-block-image size-large\"><a href=\"https:\/\/goethe-gymnasium.berlin\/wp-content\/uploads\/2022\/03\/Zauberlehrling2022_5a_m.jpg\" target=\"_blank\" rel=\"noopener\"><img loading=\"lazy\" decoding=\"async\" width=\"1788\" height=\"1024\" src=\"https:\/\/goethe-gymnasium.berlin\/wp-content\/uploads\/2022\/03\/Zauberlehrling2022_5a_m-1788x1024.jpg\" alt=\"\" class=\"wp-image-8869\" srcset=\"https:\/\/goethe-gymnasium.berlin\/wp-content\/uploads\/2022\/03\/Zauberlehrling2022_5a_m-1788x1024.jpg 1788w, https:\/\/goethe-gymnasium.berlin\/wp-content\/uploads\/2022\/03\/Zauberlehrling2022_5a_m-300x172.jpg 300w, https:\/\/goethe-gymnasium.berlin\/wp-content\/uploads\/2022\/03\/Zauberlehrling2022_5a_m-768x440.jpg 768w, https:\/\/goethe-gymnasium.berlin\/wp-content\/uploads\/2022\/03\/Zauberlehrling2022_5a_m-1536x880.jpg 1536w, https:\/\/goethe-gymnasium.berlin\/wp-content\/uploads\/2022\/03\/Zauberlehrling2022_5a_m-125x72.jpg 125w, https:\/\/goethe-gymnasium.berlin\/wp-content\/uploads\/2022\/03\/Zauberlehrling2022_5a_m-200x115.jpg 200w, https:\/\/goethe-gymnasium.berlin\/wp-content\/uploads\/2022\/03\/Zauberlehrling2022_5a_m-80x46.jpg 80w, https:\/\/goethe-gymnasium.berlin\/wp-content\/uploads\/2022\/03\/Zauberlehrling2022_5a_m-1024x587.jpg 1024w, https:\/\/goethe-gymnasium.berlin\/wp-content\/uploads\/2022\/03\/Zauberlehrling2022_5a_m.jpg 1882w\" sizes=\"auto, (max-width: 1788px) 100vw, 1788px\" \/><\/a><\/figure>\n\n\n\n<p>Die vortragenden Sch\u00fcler waren ganz gro\u00dfartig. F\u00fcr die Zuh\u00f6rer war es eine nette Unterbrechung des Unterrichts. Die jeweiligen Sprachen zu erraten, war nicht immer so einfach.<\/p>\n\n\n\n<p class=\"has-text-align-right\"><em>Text und Foto: Frau und Herr Kohlenberg (Schuljahr 2021\/22)<\/em><\/p>\n","protected":false},"excerpt":{"rendered":"<p>Am Dienstag, dem 22. M\u00e4rz 2022, war Goethes 190. Todestag.  <a class=\"more-link\" href=\"https:\/\/goethe-gymnasium.berlin\/index.php\/2022\/03\/22\/goethes-190-todestag\/\">Weiterlesen &#8230;<\/a><\/p>\n","protected":false},"author":4,"featured_media":8862,"comment_status":"closed","ping_status":"closed","sticky":false,"template":"","format":"standard","meta":{"footnotes":""},"categories":[13],"tags":[197],"class_list":["post-8861","post","type-post","status-publish","format-standard","has-post-thumbnail","hentry","category-deutsch","tag-goethe"],"yoast_head":"<!-- This site is optimized with the Yoast SEO plugin v27.5 - https:\/\/yoast.com\/product\/yoast-seo-wordpress\/ -->\n<title>Goethes 190. Todestag - Goethe-Gymnasium Berlin-Wilmersdorf<\/title>\n<meta name=\"description\" content=\"Goethe-Gymnasium Berlin-Wilmersdorf\" \/>\n<meta name=\"robots\" content=\"index, follow, max-snippet:-1, max-image-preview:large, max-video-preview:-1\" \/>\n<link rel=\"canonical\" href=\"https:\/\/goethe-gymnasium.berlin\/index.php\/2022\/03\/22\/goethes-190-todestag\/\" \/>\n<meta property=\"og:locale\" content=\"de_DE\" \/>\n<meta property=\"og:type\" content=\"article\" \/>\n<meta property=\"og:title\" content=\"Goethes 190. Todestag - Goethe-Gymnasium Berlin-Wilmersdorf\" \/>\n<meta property=\"og:description\" content=\"Goethe-Gymnasium Berlin-Wilmersdorf\" \/>\n<meta property=\"og:url\" content=\"https:\/\/goethe-gymnasium.berlin\/index.php\/2022\/03\/22\/goethes-190-todestag\/\" \/>\n<meta property=\"og:site_name\" content=\"Goethe-Gymnasium Berlin-Wilmersdorf\" \/>\n<meta property=\"article:publisher\" content=\"https:\/\/www.facebook.com\/pages\/Goethe-Gymnasium\/109376575754402\" \/>\n<meta property=\"article:published_time\" content=\"2022-03-22T10:05:00+00:00\" \/>\n<meta property=\"article:modified_time\" content=\"2022-03-26T22:35:20+00:00\" \/>\n<meta property=\"og:image\" content=\"https:\/\/goethe-gymnasium.berlin\/wp-content\/uploads\/2022\/03\/Goethe-Stieler-1828-e1648287838303.jpg\" \/>\n\t<meta property=\"og:image:width\" content=\"1038\" \/>\n\t<meta property=\"og:image:height\" content=\"1280\" \/>\n\t<meta property=\"og:image:type\" content=\"image\/jpeg\" \/>\n<meta name=\"author\" content=\"BWeber\" \/>\n<meta name=\"twitter:card\" content=\"summary_large_image\" \/>\n<meta name=\"twitter:label1\" content=\"Verfasst von\" \/>\n\t<meta name=\"twitter:data1\" content=\"BWeber\" \/>\n\t<meta name=\"twitter:label2\" content=\"Gesch\u00e4tzte Lesezeit\" \/>\n\t<meta name=\"twitter:data2\" content=\"1\u00a0Minute\" \/>\n<script type=\"application\/ld+json\" class=\"yoast-schema-graph\">{\"@context\":\"https:\\\/\\\/schema.org\",\"@graph\":[{\"@type\":\"Article\",\"@id\":\"https:\\\/\\\/goethe-gymnasium.berlin\\\/index.php\\\/2022\\\/03\\\/22\\\/goethes-190-todestag\\\/#article\",\"isPartOf\":{\"@id\":\"https:\\\/\\\/goethe-gymnasium.berlin\\\/index.php\\\/2022\\\/03\\\/22\\\/goethes-190-todestag\\\/\"},\"author\":{\"name\":\"BWeber\",\"@id\":\"https:\\\/\\\/goethe-gymnasium.berlin\\\/#\\\/schema\\\/person\\\/657649ee416ae4c87decf9eca214731b\"},\"headline\":\"Goethes 190. Todestag\",\"datePublished\":\"2022-03-22T10:05:00+00:00\",\"dateModified\":\"2022-03-26T22:35:20+00:00\",\"mainEntityOfPage\":{\"@id\":\"https:\\\/\\\/goethe-gymnasium.berlin\\\/index.php\\\/2022\\\/03\\\/22\\\/goethes-190-todestag\\\/\"},\"wordCount\":77,\"publisher\":{\"@id\":\"https:\\\/\\\/goethe-gymnasium.berlin\\\/#organization\"},\"image\":{\"@id\":\"https:\\\/\\\/goethe-gymnasium.berlin\\\/index.php\\\/2022\\\/03\\\/22\\\/goethes-190-todestag\\\/#primaryimage\"},\"thumbnailUrl\":\"https:\\\/\\\/goethe-gymnasium.berlin\\\/wp-content\\\/uploads\\\/2022\\\/03\\\/Goethe-Stieler-1828-e1648287838303.jpg\",\"keywords\":[\"Goethe\"],\"articleSection\":[\"Deutsch\"],\"inLanguage\":\"de\"},{\"@type\":\"WebPage\",\"@id\":\"https:\\\/\\\/goethe-gymnasium.berlin\\\/index.php\\\/2022\\\/03\\\/22\\\/goethes-190-todestag\\\/\",\"url\":\"https:\\\/\\\/goethe-gymnasium.berlin\\\/index.php\\\/2022\\\/03\\\/22\\\/goethes-190-todestag\\\/\",\"name\":\"Goethes 190. Todestag - Goethe-Gymnasium Berlin-Wilmersdorf\",\"isPartOf\":{\"@id\":\"https:\\\/\\\/goethe-gymnasium.berlin\\\/#website\"},\"primaryImageOfPage\":{\"@id\":\"https:\\\/\\\/goethe-gymnasium.berlin\\\/index.php\\\/2022\\\/03\\\/22\\\/goethes-190-todestag\\\/#primaryimage\"},\"image\":{\"@id\":\"https:\\\/\\\/goethe-gymnasium.berlin\\\/index.php\\\/2022\\\/03\\\/22\\\/goethes-190-todestag\\\/#primaryimage\"},\"thumbnailUrl\":\"https:\\\/\\\/goethe-gymnasium.berlin\\\/wp-content\\\/uploads\\\/2022\\\/03\\\/Goethe-Stieler-1828-e1648287838303.jpg\",\"datePublished\":\"2022-03-22T10:05:00+00:00\",\"dateModified\":\"2022-03-26T22:35:20+00:00\",\"description\":\"Goethe-Gymnasium Berlin-Wilmersdorf\",\"breadcrumb\":{\"@id\":\"https:\\\/\\\/goethe-gymnasium.berlin\\\/index.php\\\/2022\\\/03\\\/22\\\/goethes-190-todestag\\\/#breadcrumb\"},\"inLanguage\":\"de\",\"potentialAction\":[{\"@type\":\"ReadAction\",\"target\":[\"https:\\\/\\\/goethe-gymnasium.berlin\\\/index.php\\\/2022\\\/03\\\/22\\\/goethes-190-todestag\\\/\"]}]},{\"@type\":\"ImageObject\",\"inLanguage\":\"de\",\"@id\":\"https:\\\/\\\/goethe-gymnasium.berlin\\\/index.php\\\/2022\\\/03\\\/22\\\/goethes-190-todestag\\\/#primaryimage\",\"url\":\"https:\\\/\\\/goethe-gymnasium.berlin\\\/wp-content\\\/uploads\\\/2022\\\/03\\\/Goethe-Stieler-1828-e1648287838303.jpg\",\"contentUrl\":\"https:\\\/\\\/goethe-gymnasium.berlin\\\/wp-content\\\/uploads\\\/2022\\\/03\\\/Goethe-Stieler-1828-e1648287838303.jpg\",\"width\":1038,\"height\":1280},{\"@type\":\"BreadcrumbList\",\"@id\":\"https:\\\/\\\/goethe-gymnasium.berlin\\\/index.php\\\/2022\\\/03\\\/22\\\/goethes-190-todestag\\\/#breadcrumb\",\"itemListElement\":[{\"@type\":\"ListItem\",\"position\":1,\"name\":\"Startseite\",\"item\":\"https:\\\/\\\/goethe-gymnasium.berlin\\\/\"},{\"@type\":\"ListItem\",\"position\":2,\"name\":\"Goethes 190. Todestag\"}]},{\"@type\":\"WebSite\",\"@id\":\"https:\\\/\\\/goethe-gymnasium.berlin\\\/#website\",\"url\":\"https:\\\/\\\/goethe-gymnasium.berlin\\\/\",\"name\":\"Goethe-Gymnasium Berlin-Wilmersdorf\",\"description\":\"\",\"publisher\":{\"@id\":\"https:\\\/\\\/goethe-gymnasium.berlin\\\/#organization\"},\"potentialAction\":[{\"@type\":\"SearchAction\",\"target\":{\"@type\":\"EntryPoint\",\"urlTemplate\":\"https:\\\/\\\/goethe-gymnasium.berlin\\\/?s={search_term_string}\"},\"query-input\":{\"@type\":\"PropertyValueSpecification\",\"valueRequired\":true,\"valueName\":\"search_term_string\"}}],\"inLanguage\":\"de\"},{\"@type\":\"Organization\",\"@id\":\"https:\\\/\\\/goethe-gymnasium.berlin\\\/#organization\",\"name\":\"Goethe-Gymnasium Berlin-Wilmersdorf\",\"url\":\"https:\\\/\\\/goethe-gymnasium.berlin\\\/\",\"logo\":{\"@type\":\"ImageObject\",\"inLanguage\":\"de\",\"@id\":\"https:\\\/\\\/goethe-gymnasium.berlin\\\/#\\\/schema\\\/logo\\\/image\\\/\",\"url\":\"https:\\\/\\\/goethe-gymnasium.berlin\\\/wp-content\\\/uploads\\\/2018\\\/04\\\/goethe-logo_hoch.png\",\"contentUrl\":\"https:\\\/\\\/goethe-gymnasium.berlin\\\/wp-content\\\/uploads\\\/2018\\\/04\\\/goethe-logo_hoch.png\",\"width\":755,\"height\":514,\"caption\":\"Goethe-Gymnasium Berlin-Wilmersdorf\"},\"image\":{\"@id\":\"https:\\\/\\\/goethe-gymnasium.berlin\\\/#\\\/schema\\\/logo\\\/image\\\/\"},\"sameAs\":[\"https:\\\/\\\/www.facebook.com\\\/pages\\\/Goethe-Gymnasium\\\/109376575754402\",\"https:\\\/\\\/www.youtube.com\\\/channel\\\/UCMKuMVF9h_YkS3zmEp7SnzQ\"]},{\"@type\":\"Person\",\"@id\":\"https:\\\/\\\/goethe-gymnasium.berlin\\\/#\\\/schema\\\/person\\\/657649ee416ae4c87decf9eca214731b\",\"name\":\"BWeber\",\"image\":{\"@type\":\"ImageObject\",\"inLanguage\":\"de\",\"@id\":\"https:\\\/\\\/secure.gravatar.com\\\/avatar\\\/02bebd62837a35b7591c929f78cee097518003bae0426a33e45c214fc8bd37fb?s=96&d=mm&r=g\",\"url\":\"https:\\\/\\\/secure.gravatar.com\\\/avatar\\\/02bebd62837a35b7591c929f78cee097518003bae0426a33e45c214fc8bd37fb?s=96&d=mm&r=g\",\"contentUrl\":\"https:\\\/\\\/secure.gravatar.com\\\/avatar\\\/02bebd62837a35b7591c929f78cee097518003bae0426a33e45c214fc8bd37fb?s=96&d=mm&r=g\",\"caption\":\"BWeber\"},\"url\":\"https:\\\/\\\/goethe-gymnasium.berlin\\\/index.php\\\/author\\\/bweber\\\/\"}]}<\/script>\n<!-- \/ Yoast SEO plugin. -->","yoast_head_json":{"title":"Goethes 190. Todestag - Goethe-Gymnasium Berlin-Wilmersdorf","description":"Goethe-Gymnasium Berlin-Wilmersdorf","robots":{"index":"index","follow":"follow","max-snippet":"max-snippet:-1","max-image-preview":"max-image-preview:large","max-video-preview":"max-video-preview:-1"},"canonical":"https:\/\/goethe-gymnasium.berlin\/index.php\/2022\/03\/22\/goethes-190-todestag\/","og_locale":"de_DE","og_type":"article","og_title":"Goethes 190. Todestag - Goethe-Gymnasium Berlin-Wilmersdorf","og_description":"Goethe-Gymnasium Berlin-Wilmersdorf","og_url":"https:\/\/goethe-gymnasium.berlin\/index.php\/2022\/03\/22\/goethes-190-todestag\/","og_site_name":"Goethe-Gymnasium Berlin-Wilmersdorf","article_publisher":"https:\/\/www.facebook.com\/pages\/Goethe-Gymnasium\/109376575754402","article_published_time":"2022-03-22T10:05:00+00:00","article_modified_time":"2022-03-26T22:35:20+00:00","og_image":[{"width":1038,"height":1280,"url":"https:\/\/goethe-gymnasium.berlin\/wp-content\/uploads\/2022\/03\/Goethe-Stieler-1828-e1648287838303.jpg","type":"image\/jpeg"}],"author":"BWeber","twitter_card":"summary_large_image","twitter_misc":{"Verfasst von":"BWeber","Gesch\u00e4tzte Lesezeit":"1\u00a0Minute"},"schema":{"@context":"https:\/\/schema.org","@graph":[{"@type":"Article","@id":"https:\/\/goethe-gymnasium.berlin\/index.php\/2022\/03\/22\/goethes-190-todestag\/#article","isPartOf":{"@id":"https:\/\/goethe-gymnasium.berlin\/index.php\/2022\/03\/22\/goethes-190-todestag\/"},"author":{"name":"BWeber","@id":"https:\/\/goethe-gymnasium.berlin\/#\/schema\/person\/657649ee416ae4c87decf9eca214731b"},"headline":"Goethes 190. Todestag","datePublished":"2022-03-22T10:05:00+00:00","dateModified":"2022-03-26T22:35:20+00:00","mainEntityOfPage":{"@id":"https:\/\/goethe-gymnasium.berlin\/index.php\/2022\/03\/22\/goethes-190-todestag\/"},"wordCount":77,"publisher":{"@id":"https:\/\/goethe-gymnasium.berlin\/#organization"},"image":{"@id":"https:\/\/goethe-gymnasium.berlin\/index.php\/2022\/03\/22\/goethes-190-todestag\/#primaryimage"},"thumbnailUrl":"https:\/\/goethe-gymnasium.berlin\/wp-content\/uploads\/2022\/03\/Goethe-Stieler-1828-e1648287838303.jpg","keywords":["Goethe"],"articleSection":["Deutsch"],"inLanguage":"de"},{"@type":"WebPage","@id":"https:\/\/goethe-gymnasium.berlin\/index.php\/2022\/03\/22\/goethes-190-todestag\/","url":"https:\/\/goethe-gymnasium.berlin\/index.php\/2022\/03\/22\/goethes-190-todestag\/","name":"Goethes 190. Todestag - Goethe-Gymnasium Berlin-Wilmersdorf","isPartOf":{"@id":"https:\/\/goethe-gymnasium.berlin\/#website"},"primaryImageOfPage":{"@id":"https:\/\/goethe-gymnasium.berlin\/index.php\/2022\/03\/22\/goethes-190-todestag\/#primaryimage"},"image":{"@id":"https:\/\/goethe-gymnasium.berlin\/index.php\/2022\/03\/22\/goethes-190-todestag\/#primaryimage"},"thumbnailUrl":"https:\/\/goethe-gymnasium.berlin\/wp-content\/uploads\/2022\/03\/Goethe-Stieler-1828-e1648287838303.jpg","datePublished":"2022-03-22T10:05:00+00:00","dateModified":"2022-03-26T22:35:20+00:00","description":"Goethe-Gymnasium Berlin-Wilmersdorf","breadcrumb":{"@id":"https:\/\/goethe-gymnasium.berlin\/index.php\/2022\/03\/22\/goethes-190-todestag\/#breadcrumb"},"inLanguage":"de","potentialAction":[{"@type":"ReadAction","target":["https:\/\/goethe-gymnasium.berlin\/index.php\/2022\/03\/22\/goethes-190-todestag\/"]}]},{"@type":"ImageObject","inLanguage":"de","@id":"https:\/\/goethe-gymnasium.berlin\/index.php\/2022\/03\/22\/goethes-190-todestag\/#primaryimage","url":"https:\/\/goethe-gymnasium.berlin\/wp-content\/uploads\/2022\/03\/Goethe-Stieler-1828-e1648287838303.jpg","contentUrl":"https:\/\/goethe-gymnasium.berlin\/wp-content\/uploads\/2022\/03\/Goethe-Stieler-1828-e1648287838303.jpg","width":1038,"height":1280},{"@type":"BreadcrumbList","@id":"https:\/\/goethe-gymnasium.berlin\/index.php\/2022\/03\/22\/goethes-190-todestag\/#breadcrumb","itemListElement":[{"@type":"ListItem","position":1,"name":"Startseite","item":"https:\/\/goethe-gymnasium.berlin\/"},{"@type":"ListItem","position":2,"name":"Goethes 190. Todestag"}]},{"@type":"WebSite","@id":"https:\/\/goethe-gymnasium.berlin\/#website","url":"https:\/\/goethe-gymnasium.berlin\/","name":"Goethe-Gymnasium Berlin-Wilmersdorf","description":"","publisher":{"@id":"https:\/\/goethe-gymnasium.berlin\/#organization"},"potentialAction":[{"@type":"SearchAction","target":{"@type":"EntryPoint","urlTemplate":"https:\/\/goethe-gymnasium.berlin\/?s={search_term_string}"},"query-input":{"@type":"PropertyValueSpecification","valueRequired":true,"valueName":"search_term_string"}}],"inLanguage":"de"},{"@type":"Organization","@id":"https:\/\/goethe-gymnasium.berlin\/#organization","name":"Goethe-Gymnasium Berlin-Wilmersdorf","url":"https:\/\/goethe-gymnasium.berlin\/","logo":{"@type":"ImageObject","inLanguage":"de","@id":"https:\/\/goethe-gymnasium.berlin\/#\/schema\/logo\/image\/","url":"https:\/\/goethe-gymnasium.berlin\/wp-content\/uploads\/2018\/04\/goethe-logo_hoch.png","contentUrl":"https:\/\/goethe-gymnasium.berlin\/wp-content\/uploads\/2018\/04\/goethe-logo_hoch.png","width":755,"height":514,"caption":"Goethe-Gymnasium Berlin-Wilmersdorf"},"image":{"@id":"https:\/\/goethe-gymnasium.berlin\/#\/schema\/logo\/image\/"},"sameAs":["https:\/\/www.facebook.com\/pages\/Goethe-Gymnasium\/109376575754402","https:\/\/www.youtube.com\/channel\/UCMKuMVF9h_YkS3zmEp7SnzQ"]},{"@type":"Person","@id":"https:\/\/goethe-gymnasium.berlin\/#\/schema\/person\/657649ee416ae4c87decf9eca214731b","name":"BWeber","image":{"@type":"ImageObject","inLanguage":"de","@id":"https:\/\/secure.gravatar.com\/avatar\/02bebd62837a35b7591c929f78cee097518003bae0426a33e45c214fc8bd37fb?s=96&d=mm&r=g","url":"https:\/\/secure.gravatar.com\/avatar\/02bebd62837a35b7591c929f78cee097518003bae0426a33e45c214fc8bd37fb?s=96&d=mm&r=g","contentUrl":"https:\/\/secure.gravatar.com\/avatar\/02bebd62837a35b7591c929f78cee097518003bae0426a33e45c214fc8bd37fb?s=96&d=mm&r=g","caption":"BWeber"},"url":"https:\/\/goethe-gymnasium.berlin\/index.php\/author\/bweber\/"}]}},"_links":{"self":[{"href":"https:\/\/goethe-gymnasium.berlin\/index.php\/wp-json\/wp\/v2\/posts\/8861","targetHints":{"allow":["GET"]}}],"collection":[{"href":"https:\/\/goethe-gymnasium.berlin\/index.php\/wp-json\/wp\/v2\/posts"}],"about":[{"href":"https:\/\/goethe-gymnasium.berlin\/index.php\/wp-json\/wp\/v2\/types\/post"}],"author":[{"embeddable":true,"href":"https:\/\/goethe-gymnasium.berlin\/index.php\/wp-json\/wp\/v2\/users\/4"}],"replies":[{"embeddable":true,"href":"https:\/\/goethe-gymnasium.berlin\/index.php\/wp-json\/wp\/v2\/comments?post=8861"}],"version-history":[{"count":3,"href":"https:\/\/goethe-gymnasium.berlin\/index.php\/wp-json\/wp\/v2\/posts\/8861\/revisions"}],"predecessor-version":[{"id":8870,"href":"https:\/\/goethe-gymnasium.berlin\/index.php\/wp-json\/wp\/v2\/posts\/8861\/revisions\/8870"}],"wp:featuredmedia":[{"embeddable":true,"href":"https:\/\/goethe-gymnasium.berlin\/index.php\/wp-json\/wp\/v2\/media\/8862"}],"wp:attachment":[{"href":"https:\/\/goethe-gymnasium.berlin\/index.php\/wp-json\/wp\/v2\/media?parent=8861"}],"wp:term":[{"taxonomy":"category","embeddable":true,"href":"https:\/\/goethe-gymnasium.berlin\/index.php\/wp-json\/wp\/v2\/categories?post=8861"},{"taxonomy":"post_tag","embeddable":true,"href":"https:\/\/goethe-gymnasium.berlin\/index.php\/wp-json\/wp\/v2\/tags?post=8861"}],"curies":[{"name":"wp","href":"https:\/\/api.w.org\/{rel}","templated":true}]}}