{"id":8063,"date":"2017-03-19T19:20:00","date_gmt":"2017-03-19T18:20:00","guid":{"rendered":"https:\/\/goethe-gymnasium.berlin\/?p=8063"},"modified":"2021-10-19T19:21:37","modified_gmt":"2021-10-19T17:21:37","slug":"aux-champs-elysees","status":"publish","type":"post","link":"https:\/\/goethe-gymnasium.berlin\/index.php\/2017\/03\/19\/aux-champs-elysees\/","title":{"rendered":"Aux Champs-Elys\u00e9es"},"content":{"rendered":"\n<p>Von der diesj\u00e4hrigen Parisfahrt bleibt den Fahrtenteilnehmer*innen nicht nur der Ohrwurm &#8222;Aux Champs-Elys\u00e9es&#8220; von Joe Dassin (1969) im Kopf h\u00e4ngen, sondern auch die zahllosen Momente der Besichtigungen und Erlebnisse, die ein Teil der Reisegruppe in einem Fahrtentagebuch auf Franz\u00f6sisch verewigt hat: <a href=\"https:\/\/goethe-gymnasium.berlin\/wp-content\/uploads\/2021\/10\/paris2017.pdf\" target=\"_blank\" rel=\"noreferrer noopener\">Tour de Paris 2017<\/a><\/p>\n\n\n\n<figure class=\"wp-block-gallery columns-3 is-cropped wp-block-gallery-2 is-layout-flex wp-block-gallery-is-layout-flex\"><ul class=\"blocks-gallery-grid\"><li class=\"blocks-gallery-item\"><figure><a href=\"https:\/\/goethe-gymnasium.berlin\/wp-content\/uploads\/2021\/10\/paris2017-02.jpg\"><img loading=\"lazy\" decoding=\"async\" width=\"1530\" height=\"1024\" src=\"https:\/\/goethe-gymnasium.berlin\/wp-content\/uploads\/2021\/10\/paris2017-02-1530x1024.jpg\" alt=\"\" data-id=\"8070\" data-full-url=\"https:\/\/goethe-gymnasium.berlin\/wp-content\/uploads\/2021\/10\/paris2017-02.jpg\" data-link=\"https:\/\/goethe-gymnasium.berlin\/paris2017-02\/\" class=\"wp-image-8070\" srcset=\"https:\/\/goethe-gymnasium.berlin\/wp-content\/uploads\/2021\/10\/paris2017-02-1530x1024.jpg 1530w, https:\/\/goethe-gymnasium.berlin\/wp-content\/uploads\/2021\/10\/paris2017-02-300x201.jpg 300w, https:\/\/goethe-gymnasium.berlin\/wp-content\/uploads\/2021\/10\/paris2017-02-768x514.jpg 768w, https:\/\/goethe-gymnasium.berlin\/wp-content\/uploads\/2021\/10\/paris2017-02-1536x1028.jpg 1536w, https:\/\/goethe-gymnasium.berlin\/wp-content\/uploads\/2021\/10\/paris2017-02-125x84.jpg 125w, https:\/\/goethe-gymnasium.berlin\/wp-content\/uploads\/2021\/10\/paris2017-02-200x134.jpg 200w, https:\/\/goethe-gymnasium.berlin\/wp-content\/uploads\/2021\/10\/paris2017-02-80x54.jpg 80w, https:\/\/goethe-gymnasium.berlin\/wp-content\/uploads\/2021\/10\/paris2017-02-1024x685.jpg 1024w, https:\/\/goethe-gymnasium.berlin\/wp-content\/uploads\/2021\/10\/paris2017-02.jpg 1910w\" sizes=\"auto, (max-width: 1530px) 100vw, 1530px\" \/><\/a><figcaption class=\"blocks-gallery-item__caption\"><em>Aux Champs-Elyse\u00e9s<\/em><\/figcaption><\/figure><\/li><li class=\"blocks-gallery-item\"><figure><a href=\"https:\/\/goethe-gymnasium.berlin\/wp-content\/uploads\/2021\/10\/paris2017-03.jpg\"><img loading=\"lazy\" decoding=\"async\" width=\"1530\" height=\"1024\" src=\"https:\/\/goethe-gymnasium.berlin\/wp-content\/uploads\/2021\/10\/paris2017-03-1530x1024.jpg\" alt=\"\" data-id=\"8069\" data-full-url=\"https:\/\/goethe-gymnasium.berlin\/wp-content\/uploads\/2021\/10\/paris2017-03.jpg\" data-link=\"https:\/\/goethe-gymnasium.berlin\/paris2017-03\/\" class=\"wp-image-8069\" srcset=\"https:\/\/goethe-gymnasium.berlin\/wp-content\/uploads\/2021\/10\/paris2017-03-1530x1024.jpg 1530w, https:\/\/goethe-gymnasium.berlin\/wp-content\/uploads\/2021\/10\/paris2017-03-300x201.jpg 300w, https:\/\/goethe-gymnasium.berlin\/wp-content\/uploads\/2021\/10\/paris2017-03-768x514.jpg 768w, https:\/\/goethe-gymnasium.berlin\/wp-content\/uploads\/2021\/10\/paris2017-03-1536x1028.jpg 1536w, https:\/\/goethe-gymnasium.berlin\/wp-content\/uploads\/2021\/10\/paris2017-03-125x84.jpg 125w, https:\/\/goethe-gymnasium.berlin\/wp-content\/uploads\/2021\/10\/paris2017-03-200x134.jpg 200w, https:\/\/goethe-gymnasium.berlin\/wp-content\/uploads\/2021\/10\/paris2017-03-80x54.jpg 80w, https:\/\/goethe-gymnasium.berlin\/wp-content\/uploads\/2021\/10\/paris2017-03-1024x685.jpg 1024w, https:\/\/goethe-gymnasium.berlin\/wp-content\/uploads\/2021\/10\/paris2017-03.jpg 1936w\" sizes=\"auto, (max-width: 1530px) 100vw, 1530px\" \/><\/a><figcaption class=\"blocks-gallery-item__caption\"><em>Riesenrad und Obelisk<\/em><\/figcaption><\/figure><\/li><li class=\"blocks-gallery-item\"><figure><a href=\"https:\/\/goethe-gymnasium.berlin\/wp-content\/uploads\/2021\/10\/paris2017-04.jpg\"><img loading=\"lazy\" decoding=\"async\" width=\"685\" height=\"1024\" src=\"https:\/\/goethe-gymnasium.berlin\/wp-content\/uploads\/2021\/10\/paris2017-04-685x1024.jpg\" alt=\"\" data-id=\"8068\" data-full-url=\"https:\/\/goethe-gymnasium.berlin\/wp-content\/uploads\/2021\/10\/paris2017-04.jpg\" data-link=\"https:\/\/goethe-gymnasium.berlin\/paris2017-04\/\" class=\"wp-image-8068\" srcset=\"https:\/\/goethe-gymnasium.berlin\/wp-content\/uploads\/2021\/10\/paris2017-04-685x1024.jpg 685w, https:\/\/goethe-gymnasium.berlin\/wp-content\/uploads\/2021\/10\/paris2017-04-201x300.jpg 201w, https:\/\/goethe-gymnasium.berlin\/wp-content\/uploads\/2021\/10\/paris2017-04-768x1147.jpg 768w, https:\/\/goethe-gymnasium.berlin\/wp-content\/uploads\/2021\/10\/paris2017-04-1028x1536.jpg 1028w, https:\/\/goethe-gymnasium.berlin\/wp-content\/uploads\/2021\/10\/paris2017-04-84x125.jpg 84w, https:\/\/goethe-gymnasium.berlin\/wp-content\/uploads\/2021\/10\/paris2017-04-134x200.jpg 134w, https:\/\/goethe-gymnasium.berlin\/wp-content\/uploads\/2021\/10\/paris2017-04-54x80.jpg 54w, https:\/\/goethe-gymnasium.berlin\/wp-content\/uploads\/2021\/10\/paris2017-04-514x768.jpg 514w, https:\/\/goethe-gymnasium.berlin\/wp-content\/uploads\/2021\/10\/paris2017-04.jpg 1296w\" sizes=\"auto, (max-width: 685px) 100vw, 685px\" \/><\/a><figcaption class=\"blocks-gallery-item__caption\"><em>Eiffelturm bei Nacht<\/em><\/figcaption><\/figure><\/li><li class=\"blocks-gallery-item\"><figure><a href=\"https:\/\/goethe-gymnasium.berlin\/wp-content\/uploads\/2021\/10\/paris2017-05.jpg\"><img loading=\"lazy\" decoding=\"async\" width=\"685\" height=\"1024\" src=\"https:\/\/goethe-gymnasium.berlin\/wp-content\/uploads\/2021\/10\/paris2017-05-685x1024.jpg\" alt=\"\" data-id=\"8067\" data-full-url=\"https:\/\/goethe-gymnasium.berlin\/wp-content\/uploads\/2021\/10\/paris2017-05.jpg\" data-link=\"https:\/\/goethe-gymnasium.berlin\/paris2017-05\/\" class=\"wp-image-8067\" srcset=\"https:\/\/goethe-gymnasium.berlin\/wp-content\/uploads\/2021\/10\/paris2017-05-685x1024.jpg 685w, https:\/\/goethe-gymnasium.berlin\/wp-content\/uploads\/2021\/10\/paris2017-05-201x300.jpg 201w, https:\/\/goethe-gymnasium.berlin\/wp-content\/uploads\/2021\/10\/paris2017-05-768x1147.jpg 768w, https:\/\/goethe-gymnasium.berlin\/wp-content\/uploads\/2021\/10\/paris2017-05-1028x1536.jpg 1028w, https:\/\/goethe-gymnasium.berlin\/wp-content\/uploads\/2021\/10\/paris2017-05-84x125.jpg 84w, https:\/\/goethe-gymnasium.berlin\/wp-content\/uploads\/2021\/10\/paris2017-05-134x200.jpg 134w, https:\/\/goethe-gymnasium.berlin\/wp-content\/uploads\/2021\/10\/paris2017-05-54x80.jpg 54w, https:\/\/goethe-gymnasium.berlin\/wp-content\/uploads\/2021\/10\/paris2017-05-514x768.jpg 514w, https:\/\/goethe-gymnasium.berlin\/wp-content\/uploads\/2021\/10\/paris2017-05.jpg 1296w\" sizes=\"auto, (max-width: 685px) 100vw, 685px\" \/><\/a><figcaption class=\"blocks-gallery-item__caption\"><em>Schwebt sie schon?<\/em><\/figcaption><\/figure><\/li><li class=\"blocks-gallery-item\"><figure><a href=\"https:\/\/goethe-gymnasium.berlin\/wp-content\/uploads\/2021\/10\/paris2017-06.jpg\"><img loading=\"lazy\" decoding=\"async\" width=\"1530\" height=\"1024\" src=\"https:\/\/goethe-gymnasium.berlin\/wp-content\/uploads\/2021\/10\/paris2017-06-1530x1024.jpg\" alt=\"\" data-id=\"8066\" data-full-url=\"https:\/\/goethe-gymnasium.berlin\/wp-content\/uploads\/2021\/10\/paris2017-06.jpg\" data-link=\"https:\/\/goethe-gymnasium.berlin\/paris2017-06\/\" class=\"wp-image-8066\" srcset=\"https:\/\/goethe-gymnasium.berlin\/wp-content\/uploads\/2021\/10\/paris2017-06-1530x1024.jpg 1530w, https:\/\/goethe-gymnasium.berlin\/wp-content\/uploads\/2021\/10\/paris2017-06-300x201.jpg 300w, https:\/\/goethe-gymnasium.berlin\/wp-content\/uploads\/2021\/10\/paris2017-06-768x514.jpg 768w, https:\/\/goethe-gymnasium.berlin\/wp-content\/uploads\/2021\/10\/paris2017-06-1536x1028.jpg 1536w, https:\/\/goethe-gymnasium.berlin\/wp-content\/uploads\/2021\/10\/paris2017-06-125x84.jpg 125w, https:\/\/goethe-gymnasium.berlin\/wp-content\/uploads\/2021\/10\/paris2017-06-200x134.jpg 200w, https:\/\/goethe-gymnasium.berlin\/wp-content\/uploads\/2021\/10\/paris2017-06-80x54.jpg 80w, https:\/\/goethe-gymnasium.berlin\/wp-content\/uploads\/2021\/10\/paris2017-06-1024x685.jpg 1024w, https:\/\/goethe-gymnasium.berlin\/wp-content\/uploads\/2021\/10\/paris2017-06.jpg 1936w\" sizes=\"auto, (max-width: 1530px) 100vw, 1530px\" \/><\/a><figcaption class=\"blocks-gallery-item__caption\"><em>Pariser Pantheon<\/em><\/figcaption><\/figure><\/li><li class=\"blocks-gallery-item\"><figure><a href=\"https:\/\/goethe-gymnasium.berlin\/wp-content\/uploads\/2021\/10\/paris2017-07.jpg\"><img loading=\"lazy\" decoding=\"async\" width=\"1530\" height=\"1024\" src=\"https:\/\/goethe-gymnasium.berlin\/wp-content\/uploads\/2021\/10\/paris2017-07-1530x1024.jpg\" alt=\"\" data-id=\"8065\" data-full-url=\"https:\/\/goethe-gymnasium.berlin\/wp-content\/uploads\/2021\/10\/paris2017-07.jpg\" data-link=\"https:\/\/goethe-gymnasium.berlin\/paris2017-07\/\" class=\"wp-image-8065\" srcset=\"https:\/\/goethe-gymnasium.berlin\/wp-content\/uploads\/2021\/10\/paris2017-07-1530x1024.jpg 1530w, https:\/\/goethe-gymnasium.berlin\/wp-content\/uploads\/2021\/10\/paris2017-07-300x201.jpg 300w, https:\/\/goethe-gymnasium.berlin\/wp-content\/uploads\/2021\/10\/paris2017-07-768x514.jpg 768w, https:\/\/goethe-gymnasium.berlin\/wp-content\/uploads\/2021\/10\/paris2017-07-1536x1028.jpg 1536w, https:\/\/goethe-gymnasium.berlin\/wp-content\/uploads\/2021\/10\/paris2017-07-125x84.jpg 125w, https:\/\/goethe-gymnasium.berlin\/wp-content\/uploads\/2021\/10\/paris2017-07-200x134.jpg 200w, https:\/\/goethe-gymnasium.berlin\/wp-content\/uploads\/2021\/10\/paris2017-07-80x54.jpg 80w, https:\/\/goethe-gymnasium.berlin\/wp-content\/uploads\/2021\/10\/paris2017-07-1024x685.jpg 1024w, https:\/\/goethe-gymnasium.berlin\/wp-content\/uploads\/2021\/10\/paris2017-07.jpg 1936w\" sizes=\"auto, (max-width: 1530px) 100vw, 1530px\" \/><\/a><figcaption class=\"blocks-gallery-item__caption\"><em>F\u00fcr Jazz-Fans: Das Grab von Sax<\/em><\/figcaption><\/figure><\/li><\/ul><\/figure>\n\n\n\n<p class=\"has-text-align-right\"><em>Texte: Franz\u00f6sischkurs Klasse 10 bei Frau Kloer (Schuljahr 2016\/17);<\/em><br><em>Fotos: Frau Dr. Weber (Schuljahr 2016\/17)<\/em><\/p>\n","protected":false},"excerpt":{"rendered":"<p>Von der diesj\u00e4hrigen Parisfahrt bleibt den Fahrtenteilnehmer*innen nicht nur der Ohrwurm &#8222;Aux Champs-Elys\u00e9es&#8220; im Kopf h\u00e4ngen &#8230; <a class=\"more-link\" href=\"https:\/\/goethe-gymnasium.berlin\/index.php\/2017\/03\/19\/aux-champs-elysees\/\">Weiterlesen &#8230;<\/a><\/p>\n","protected":false},"author":4,"featured_media":8071,"comment_status":"closed","ping_status":"closed","sticky":false,"template":"","format":"standard","meta":{"footnotes":""},"categories":[39,28],"tags":[65,427,426],"class_list":["post-8063","post","type-post","status-publish","format-standard","has-post-thumbnail","hentry","category-fahrten","category-franzoesisch","tag-fahrten","tag-paris-2017","tag-paris-fahrt"],"yoast_head":"<!-- This site is optimized with the Yoast SEO plugin v27.4 - https:\/\/yoast.com\/product\/yoast-seo-wordpress\/ -->\n<title>Aux Champs-Elys\u00e9es - Goethe-Gymnasium Berlin-Wilmersdorf<\/title>\n<meta name=\"description\" content=\"Goethe-Gymnasium Berlin-Wilmersdorf\" \/>\n<meta name=\"robots\" content=\"index, follow, max-snippet:-1, max-image-preview:large, max-video-preview:-1\" \/>\n<link rel=\"canonical\" href=\"https:\/\/goethe-gymnasium.berlin\/index.php\/2017\/03\/19\/aux-champs-elysees\/\" \/>\n<meta property=\"og:locale\" content=\"de_DE\" \/>\n<meta property=\"og:type\" content=\"article\" \/>\n<meta property=\"og:title\" content=\"Aux Champs-Elys\u00e9es - Goethe-Gymnasium Berlin-Wilmersdorf\" \/>\n<meta property=\"og:description\" content=\"Goethe-Gymnasium Berlin-Wilmersdorf\" \/>\n<meta property=\"og:url\" content=\"https:\/\/goethe-gymnasium.berlin\/index.php\/2017\/03\/19\/aux-champs-elysees\/\" \/>\n<meta property=\"og:site_name\" content=\"Goethe-Gymnasium Berlin-Wilmersdorf\" \/>\n<meta property=\"article:publisher\" content=\"https:\/\/www.facebook.com\/pages\/Goethe-Gymnasium\/109376575754402\" \/>\n<meta property=\"article:published_time\" content=\"2017-03-19T18:20:00+00:00\" \/>\n<meta property=\"article:modified_time\" content=\"2021-10-19T17:21:37+00:00\" \/>\n<meta property=\"og:image\" content=\"https:\/\/goethe-gymnasium.berlin\/wp-content\/uploads\/2021\/10\/paris2017-01.jpg\" \/>\n\t<meta property=\"og:image:width\" content=\"1875\" \/>\n\t<meta property=\"og:image:height\" content=\"1255\" \/>\n\t<meta property=\"og:image:type\" content=\"image\/jpeg\" \/>\n<meta name=\"author\" content=\"BWeber\" \/>\n<meta name=\"twitter:card\" content=\"summary_large_image\" \/>\n<meta name=\"twitter:label1\" content=\"Verfasst von\" \/>\n\t<meta name=\"twitter:data1\" content=\"BWeber\" \/>\n\t<meta name=\"twitter:label2\" content=\"Gesch\u00e4tzte Lesezeit\" \/>\n\t<meta name=\"twitter:data2\" content=\"2\u00a0Minuten\" \/>\n<script type=\"application\/ld+json\" class=\"yoast-schema-graph\">{\"@context\":\"https:\\\/\\\/schema.org\",\"@graph\":[{\"@type\":\"Article\",\"@id\":\"https:\\\/\\\/goethe-gymnasium.berlin\\\/index.php\\\/2017\\\/03\\\/19\\\/aux-champs-elysees\\\/#article\",\"isPartOf\":{\"@id\":\"https:\\\/\\\/goethe-gymnasium.berlin\\\/index.php\\\/2017\\\/03\\\/19\\\/aux-champs-elysees\\\/\"},\"author\":{\"name\":\"BWeber\",\"@id\":\"https:\\\/\\\/goethe-gymnasium.berlin\\\/#\\\/schema\\\/person\\\/657649ee416ae4c87decf9eca214731b\"},\"headline\":\"Aux Champs-Elys\u00e9es\",\"datePublished\":\"2017-03-19T18:20:00+00:00\",\"dateModified\":\"2021-10-19T17:21:37+00:00\",\"mainEntityOfPage\":{\"@id\":\"https:\\\/\\\/goethe-gymnasium.berlin\\\/index.php\\\/2017\\\/03\\\/19\\\/aux-champs-elysees\\\/\"},\"wordCount\":85,\"publisher\":{\"@id\":\"https:\\\/\\\/goethe-gymnasium.berlin\\\/#organization\"},\"image\":{\"@id\":\"https:\\\/\\\/goethe-gymnasium.berlin\\\/index.php\\\/2017\\\/03\\\/19\\\/aux-champs-elysees\\\/#primaryimage\"},\"thumbnailUrl\":\"https:\\\/\\\/goethe-gymnasium.berlin\\\/wp-content\\\/uploads\\\/2021\\\/10\\\/paris2017-01.jpg\",\"keywords\":[\"Fahrten\",\"Paris 2017\",\"Paris-Fahrt\"],\"articleSection\":[\"Fahrten\",\"Franz\u00f6sisch\"],\"inLanguage\":\"de\"},{\"@type\":\"WebPage\",\"@id\":\"https:\\\/\\\/goethe-gymnasium.berlin\\\/index.php\\\/2017\\\/03\\\/19\\\/aux-champs-elysees\\\/\",\"url\":\"https:\\\/\\\/goethe-gymnasium.berlin\\\/index.php\\\/2017\\\/03\\\/19\\\/aux-champs-elysees\\\/\",\"name\":\"Aux Champs-Elys\u00e9es - Goethe-Gymnasium Berlin-Wilmersdorf\",\"isPartOf\":{\"@id\":\"https:\\\/\\\/goethe-gymnasium.berlin\\\/#website\"},\"primaryImageOfPage\":{\"@id\":\"https:\\\/\\\/goethe-gymnasium.berlin\\\/index.php\\\/2017\\\/03\\\/19\\\/aux-champs-elysees\\\/#primaryimage\"},\"image\":{\"@id\":\"https:\\\/\\\/goethe-gymnasium.berlin\\\/index.php\\\/2017\\\/03\\\/19\\\/aux-champs-elysees\\\/#primaryimage\"},\"thumbnailUrl\":\"https:\\\/\\\/goethe-gymnasium.berlin\\\/wp-content\\\/uploads\\\/2021\\\/10\\\/paris2017-01.jpg\",\"datePublished\":\"2017-03-19T18:20:00+00:00\",\"dateModified\":\"2021-10-19T17:21:37+00:00\",\"description\":\"Goethe-Gymnasium Berlin-Wilmersdorf\",\"breadcrumb\":{\"@id\":\"https:\\\/\\\/goethe-gymnasium.berlin\\\/index.php\\\/2017\\\/03\\\/19\\\/aux-champs-elysees\\\/#breadcrumb\"},\"inLanguage\":\"de\",\"potentialAction\":[{\"@type\":\"ReadAction\",\"target\":[\"https:\\\/\\\/goethe-gymnasium.berlin\\\/index.php\\\/2017\\\/03\\\/19\\\/aux-champs-elysees\\\/\"]}]},{\"@type\":\"ImageObject\",\"inLanguage\":\"de\",\"@id\":\"https:\\\/\\\/goethe-gymnasium.berlin\\\/index.php\\\/2017\\\/03\\\/19\\\/aux-champs-elysees\\\/#primaryimage\",\"url\":\"https:\\\/\\\/goethe-gymnasium.berlin\\\/wp-content\\\/uploads\\\/2021\\\/10\\\/paris2017-01.jpg\",\"contentUrl\":\"https:\\\/\\\/goethe-gymnasium.berlin\\\/wp-content\\\/uploads\\\/2021\\\/10\\\/paris2017-01.jpg\",\"width\":1875,\"height\":1255},{\"@type\":\"BreadcrumbList\",\"@id\":\"https:\\\/\\\/goethe-gymnasium.berlin\\\/index.php\\\/2017\\\/03\\\/19\\\/aux-champs-elysees\\\/#breadcrumb\",\"itemListElement\":[{\"@type\":\"ListItem\",\"position\":1,\"name\":\"Startseite\",\"item\":\"https:\\\/\\\/goethe-gymnasium.berlin\\\/\"},{\"@type\":\"ListItem\",\"position\":2,\"name\":\"Aux Champs-Elys\u00e9es\"}]},{\"@type\":\"WebSite\",\"@id\":\"https:\\\/\\\/goethe-gymnasium.berlin\\\/#website\",\"url\":\"https:\\\/\\\/goethe-gymnasium.berlin\\\/\",\"name\":\"Goethe-Gymnasium Berlin-Wilmersdorf\",\"description\":\"\",\"publisher\":{\"@id\":\"https:\\\/\\\/goethe-gymnasium.berlin\\\/#organization\"},\"potentialAction\":[{\"@type\":\"SearchAction\",\"target\":{\"@type\":\"EntryPoint\",\"urlTemplate\":\"https:\\\/\\\/goethe-gymnasium.berlin\\\/?s={search_term_string}\"},\"query-input\":{\"@type\":\"PropertyValueSpecification\",\"valueRequired\":true,\"valueName\":\"search_term_string\"}}],\"inLanguage\":\"de\"},{\"@type\":\"Organization\",\"@id\":\"https:\\\/\\\/goethe-gymnasium.berlin\\\/#organization\",\"name\":\"Goethe-Gymnasium Berlin-Wilmersdorf\",\"url\":\"https:\\\/\\\/goethe-gymnasium.berlin\\\/\",\"logo\":{\"@type\":\"ImageObject\",\"inLanguage\":\"de\",\"@id\":\"https:\\\/\\\/goethe-gymnasium.berlin\\\/#\\\/schema\\\/logo\\\/image\\\/\",\"url\":\"https:\\\/\\\/goethe-gymnasium.berlin\\\/wp-content\\\/uploads\\\/2018\\\/04\\\/goethe-logo_hoch.png\",\"contentUrl\":\"https:\\\/\\\/goethe-gymnasium.berlin\\\/wp-content\\\/uploads\\\/2018\\\/04\\\/goethe-logo_hoch.png\",\"width\":755,\"height\":514,\"caption\":\"Goethe-Gymnasium Berlin-Wilmersdorf\"},\"image\":{\"@id\":\"https:\\\/\\\/goethe-gymnasium.berlin\\\/#\\\/schema\\\/logo\\\/image\\\/\"},\"sameAs\":[\"https:\\\/\\\/www.facebook.com\\\/pages\\\/Goethe-Gymnasium\\\/109376575754402\",\"https:\\\/\\\/www.youtube.com\\\/channel\\\/UCMKuMVF9h_YkS3zmEp7SnzQ\"]},{\"@type\":\"Person\",\"@id\":\"https:\\\/\\\/goethe-gymnasium.berlin\\\/#\\\/schema\\\/person\\\/657649ee416ae4c87decf9eca214731b\",\"name\":\"BWeber\",\"image\":{\"@type\":\"ImageObject\",\"inLanguage\":\"de\",\"@id\":\"https:\\\/\\\/secure.gravatar.com\\\/avatar\\\/02bebd62837a35b7591c929f78cee097518003bae0426a33e45c214fc8bd37fb?s=96&d=mm&r=g\",\"url\":\"https:\\\/\\\/secure.gravatar.com\\\/avatar\\\/02bebd62837a35b7591c929f78cee097518003bae0426a33e45c214fc8bd37fb?s=96&d=mm&r=g\",\"contentUrl\":\"https:\\\/\\\/secure.gravatar.com\\\/avatar\\\/02bebd62837a35b7591c929f78cee097518003bae0426a33e45c214fc8bd37fb?s=96&d=mm&r=g\",\"caption\":\"BWeber\"},\"url\":\"https:\\\/\\\/goethe-gymnasium.berlin\\\/index.php\\\/author\\\/bweber\\\/\"}]}<\/script>\n<!-- \/ Yoast SEO plugin. -->","yoast_head_json":{"title":"Aux Champs-Elys\u00e9es - Goethe-Gymnasium Berlin-Wilmersdorf","description":"Goethe-Gymnasium Berlin-Wilmersdorf","robots":{"index":"index","follow":"follow","max-snippet":"max-snippet:-1","max-image-preview":"max-image-preview:large","max-video-preview":"max-video-preview:-1"},"canonical":"https:\/\/goethe-gymnasium.berlin\/index.php\/2017\/03\/19\/aux-champs-elysees\/","og_locale":"de_DE","og_type":"article","og_title":"Aux Champs-Elys\u00e9es - Goethe-Gymnasium Berlin-Wilmersdorf","og_description":"Goethe-Gymnasium Berlin-Wilmersdorf","og_url":"https:\/\/goethe-gymnasium.berlin\/index.php\/2017\/03\/19\/aux-champs-elysees\/","og_site_name":"Goethe-Gymnasium Berlin-Wilmersdorf","article_publisher":"https:\/\/www.facebook.com\/pages\/Goethe-Gymnasium\/109376575754402","article_published_time":"2017-03-19T18:20:00+00:00","article_modified_time":"2021-10-19T17:21:37+00:00","og_image":[{"width":1875,"height":1255,"url":"https:\/\/goethe-gymnasium.berlin\/wp-content\/uploads\/2021\/10\/paris2017-01.jpg","type":"image\/jpeg"}],"author":"BWeber","twitter_card":"summary_large_image","twitter_misc":{"Verfasst von":"BWeber","Gesch\u00e4tzte Lesezeit":"2\u00a0Minuten"},"schema":{"@context":"https:\/\/schema.org","@graph":[{"@type":"Article","@id":"https:\/\/goethe-gymnasium.berlin\/index.php\/2017\/03\/19\/aux-champs-elysees\/#article","isPartOf":{"@id":"https:\/\/goethe-gymnasium.berlin\/index.php\/2017\/03\/19\/aux-champs-elysees\/"},"author":{"name":"BWeber","@id":"https:\/\/goethe-gymnasium.berlin\/#\/schema\/person\/657649ee416ae4c87decf9eca214731b"},"headline":"Aux Champs-Elys\u00e9es","datePublished":"2017-03-19T18:20:00+00:00","dateModified":"2021-10-19T17:21:37+00:00","mainEntityOfPage":{"@id":"https:\/\/goethe-gymnasium.berlin\/index.php\/2017\/03\/19\/aux-champs-elysees\/"},"wordCount":85,"publisher":{"@id":"https:\/\/goethe-gymnasium.berlin\/#organization"},"image":{"@id":"https:\/\/goethe-gymnasium.berlin\/index.php\/2017\/03\/19\/aux-champs-elysees\/#primaryimage"},"thumbnailUrl":"https:\/\/goethe-gymnasium.berlin\/wp-content\/uploads\/2021\/10\/paris2017-01.jpg","keywords":["Fahrten","Paris 2017","Paris-Fahrt"],"articleSection":["Fahrten","Franz\u00f6sisch"],"inLanguage":"de"},{"@type":"WebPage","@id":"https:\/\/goethe-gymnasium.berlin\/index.php\/2017\/03\/19\/aux-champs-elysees\/","url":"https:\/\/goethe-gymnasium.berlin\/index.php\/2017\/03\/19\/aux-champs-elysees\/","name":"Aux Champs-Elys\u00e9es - Goethe-Gymnasium Berlin-Wilmersdorf","isPartOf":{"@id":"https:\/\/goethe-gymnasium.berlin\/#website"},"primaryImageOfPage":{"@id":"https:\/\/goethe-gymnasium.berlin\/index.php\/2017\/03\/19\/aux-champs-elysees\/#primaryimage"},"image":{"@id":"https:\/\/goethe-gymnasium.berlin\/index.php\/2017\/03\/19\/aux-champs-elysees\/#primaryimage"},"thumbnailUrl":"https:\/\/goethe-gymnasium.berlin\/wp-content\/uploads\/2021\/10\/paris2017-01.jpg","datePublished":"2017-03-19T18:20:00+00:00","dateModified":"2021-10-19T17:21:37+00:00","description":"Goethe-Gymnasium Berlin-Wilmersdorf","breadcrumb":{"@id":"https:\/\/goethe-gymnasium.berlin\/index.php\/2017\/03\/19\/aux-champs-elysees\/#breadcrumb"},"inLanguage":"de","potentialAction":[{"@type":"ReadAction","target":["https:\/\/goethe-gymnasium.berlin\/index.php\/2017\/03\/19\/aux-champs-elysees\/"]}]},{"@type":"ImageObject","inLanguage":"de","@id":"https:\/\/goethe-gymnasium.berlin\/index.php\/2017\/03\/19\/aux-champs-elysees\/#primaryimage","url":"https:\/\/goethe-gymnasium.berlin\/wp-content\/uploads\/2021\/10\/paris2017-01.jpg","contentUrl":"https:\/\/goethe-gymnasium.berlin\/wp-content\/uploads\/2021\/10\/paris2017-01.jpg","width":1875,"height":1255},{"@type":"BreadcrumbList","@id":"https:\/\/goethe-gymnasium.berlin\/index.php\/2017\/03\/19\/aux-champs-elysees\/#breadcrumb","itemListElement":[{"@type":"ListItem","position":1,"name":"Startseite","item":"https:\/\/goethe-gymnasium.berlin\/"},{"@type":"ListItem","position":2,"name":"Aux Champs-Elys\u00e9es"}]},{"@type":"WebSite","@id":"https:\/\/goethe-gymnasium.berlin\/#website","url":"https:\/\/goethe-gymnasium.berlin\/","name":"Goethe-Gymnasium Berlin-Wilmersdorf","description":"","publisher":{"@id":"https:\/\/goethe-gymnasium.berlin\/#organization"},"potentialAction":[{"@type":"SearchAction","target":{"@type":"EntryPoint","urlTemplate":"https:\/\/goethe-gymnasium.berlin\/?s={search_term_string}"},"query-input":{"@type":"PropertyValueSpecification","valueRequired":true,"valueName":"search_term_string"}}],"inLanguage":"de"},{"@type":"Organization","@id":"https:\/\/goethe-gymnasium.berlin\/#organization","name":"Goethe-Gymnasium Berlin-Wilmersdorf","url":"https:\/\/goethe-gymnasium.berlin\/","logo":{"@type":"ImageObject","inLanguage":"de","@id":"https:\/\/goethe-gymnasium.berlin\/#\/schema\/logo\/image\/","url":"https:\/\/goethe-gymnasium.berlin\/wp-content\/uploads\/2018\/04\/goethe-logo_hoch.png","contentUrl":"https:\/\/goethe-gymnasium.berlin\/wp-content\/uploads\/2018\/04\/goethe-logo_hoch.png","width":755,"height":514,"caption":"Goethe-Gymnasium Berlin-Wilmersdorf"},"image":{"@id":"https:\/\/goethe-gymnasium.berlin\/#\/schema\/logo\/image\/"},"sameAs":["https:\/\/www.facebook.com\/pages\/Goethe-Gymnasium\/109376575754402","https:\/\/www.youtube.com\/channel\/UCMKuMVF9h_YkS3zmEp7SnzQ"]},{"@type":"Person","@id":"https:\/\/goethe-gymnasium.berlin\/#\/schema\/person\/657649ee416ae4c87decf9eca214731b","name":"BWeber","image":{"@type":"ImageObject","inLanguage":"de","@id":"https:\/\/secure.gravatar.com\/avatar\/02bebd62837a35b7591c929f78cee097518003bae0426a33e45c214fc8bd37fb?s=96&d=mm&r=g","url":"https:\/\/secure.gravatar.com\/avatar\/02bebd62837a35b7591c929f78cee097518003bae0426a33e45c214fc8bd37fb?s=96&d=mm&r=g","contentUrl":"https:\/\/secure.gravatar.com\/avatar\/02bebd62837a35b7591c929f78cee097518003bae0426a33e45c214fc8bd37fb?s=96&d=mm&r=g","caption":"BWeber"},"url":"https:\/\/goethe-gymnasium.berlin\/index.php\/author\/bweber\/"}]}},"_links":{"self":[{"href":"https:\/\/goethe-gymnasium.berlin\/index.php\/wp-json\/wp\/v2\/posts\/8063","targetHints":{"allow":["GET"]}}],"collection":[{"href":"https:\/\/goethe-gymnasium.berlin\/index.php\/wp-json\/wp\/v2\/posts"}],"about":[{"href":"https:\/\/goethe-gymnasium.berlin\/index.php\/wp-json\/wp\/v2\/types\/post"}],"author":[{"embeddable":true,"href":"https:\/\/goethe-gymnasium.berlin\/index.php\/wp-json\/wp\/v2\/users\/4"}],"replies":[{"embeddable":true,"href":"https:\/\/goethe-gymnasium.berlin\/index.php\/wp-json\/wp\/v2\/comments?post=8063"}],"version-history":[{"count":1,"href":"https:\/\/goethe-gymnasium.berlin\/index.php\/wp-json\/wp\/v2\/posts\/8063\/revisions"}],"predecessor-version":[{"id":8072,"href":"https:\/\/goethe-gymnasium.berlin\/index.php\/wp-json\/wp\/v2\/posts\/8063\/revisions\/8072"}],"wp:featuredmedia":[{"embeddable":true,"href":"https:\/\/goethe-gymnasium.berlin\/index.php\/wp-json\/wp\/v2\/media\/8071"}],"wp:attachment":[{"href":"https:\/\/goethe-gymnasium.berlin\/index.php\/wp-json\/wp\/v2\/media?parent=8063"}],"wp:term":[{"taxonomy":"category","embeddable":true,"href":"https:\/\/goethe-gymnasium.berlin\/index.php\/wp-json\/wp\/v2\/categories?post=8063"},{"taxonomy":"post_tag","embeddable":true,"href":"https:\/\/goethe-gymnasium.berlin\/index.php\/wp-json\/wp\/v2\/tags?post=8063"}],"curies":[{"name":"wp","href":"https:\/\/api.w.org\/{rel}","templated":true}]}}