{"id":7906,"date":"2021-09-18T15:45:08","date_gmt":"2021-09-18T13:45:08","guid":{"rendered":"https:\/\/goethe-gymnasium.berlin\/?p=7906"},"modified":"2021-09-18T20:49:58","modified_gmt":"2021-09-18T18:49:58","slug":"mit-meissel-und-feder","status":"publish","type":"post","link":"https:\/\/goethe-gymnasium.berlin\/index.php\/2021\/09\/18\/mit-meissel-und-feder\/","title":{"rendered":"Mit Mei\u00dfel und Feder"},"content":{"rendered":"\n<h4 class=\"wp-block-heading\">Auf Exkursion im Bibellabor<\/h4>\n\n\n\n<p>Am 02. September 2021 waren wir, die Klasse 6a, zusammen mit unseren Religionslehrerinnen Frau Jungerberg und Frau Perak und unserer Klassenlehrerin Frau Dr. Weber zu Gast im <a rel=\"noreferrer noopener\" href=\"https:\/\/canstein-berlin.de\/bibellabor\/\" target=\"_blank\">Bibellabor<\/a> in der Philipp-Melanchthon-Kirche in Neuk\u00f6lln.<\/p>\n\n\n\n<p>Von dem gro\u00dfen Raum der Kirche mit den bunten Fenstern und der Orgel waren wir sehr beeindruckt.<\/p>\n\n\n\n<p>Dort wurden wir von Elias, unserem netten Begleiter empfangen. Als erstes kamen wir in einem gro\u00dfen Stuhlkreis zusammen und Elias erkl\u00e4rte uns an einer schweren alten Bibel, die von Riemen und Schnallen zusammengehalten wurde, woher die Redewendung &#8222;ein Buch aufschlagen&#8220; kommt: Mit einem Fausthieb auf den Buchdeckel lie\u00df er die Schnallen aufspringen, so dass man in das Buch hineinschauen konnte. Au\u00dferdem erfuhren wir, dass die Bibel in \u00fcber 700 Sprachen \u00fcbersetzt wurde.<\/p>\n\n\n\n<figure class=\"wp-block-gallery columns-2 is-cropped wp-block-gallery-2 is-layout-flex wp-block-gallery-is-layout-flex\"><ul class=\"blocks-gallery-grid\"><li class=\"blocks-gallery-item\"><figure><a href=\"https:\/\/goethe-gymnasium.berlin\/wp-content\/uploads\/2021\/09\/bibellabor01.jpg\"><img loading=\"lazy\" decoding=\"async\" width=\"768\" height=\"1024\" src=\"https:\/\/goethe-gymnasium.berlin\/wp-content\/uploads\/2021\/09\/bibellabor01-768x1024.jpg\" alt=\"\" data-id=\"7917\" data-full-url=\"https:\/\/goethe-gymnasium.berlin\/wp-content\/uploads\/2021\/09\/bibellabor01.jpg\" data-link=\"https:\/\/goethe-gymnasium.berlin\/bibellabor01\/\" class=\"wp-image-7917\" srcset=\"https:\/\/goethe-gymnasium.berlin\/wp-content\/uploads\/2021\/09\/bibellabor01-768x1024.jpg 768w, https:\/\/goethe-gymnasium.berlin\/wp-content\/uploads\/2021\/09\/bibellabor01-225x300.jpg 225w, https:\/\/goethe-gymnasium.berlin\/wp-content\/uploads\/2021\/09\/bibellabor01-1152x1536.jpg 1152w, https:\/\/goethe-gymnasium.berlin\/wp-content\/uploads\/2021\/09\/bibellabor01-94x125.jpg 94w, https:\/\/goethe-gymnasium.berlin\/wp-content\/uploads\/2021\/09\/bibellabor01-150x200.jpg 150w, https:\/\/goethe-gymnasium.berlin\/wp-content\/uploads\/2021\/09\/bibellabor01-60x80.jpg 60w, https:\/\/goethe-gymnasium.berlin\/wp-content\/uploads\/2021\/09\/bibellabor01-576x768.jpg 576w, https:\/\/goethe-gymnasium.berlin\/wp-content\/uploads\/2021\/09\/bibellabor01.jpg 1488w\" sizes=\"auto, (max-width: 768px) 100vw, 768px\" \/><\/a><figcaption class=\"blocks-gallery-item__caption\"><em>Ein Buch aufschlagen<\/em><\/figcaption><\/figure><\/li><li class=\"blocks-gallery-item\"><figure><a href=\"https:\/\/goethe-gymnasium.berlin\/wp-content\/uploads\/2021\/09\/bibellabor02.jpg\"><img loading=\"lazy\" decoding=\"async\" width=\"1365\" height=\"1024\" src=\"https:\/\/goethe-gymnasium.berlin\/wp-content\/uploads\/2021\/09\/bibellabor02-1365x1024.jpg\" alt=\"\" data-id=\"7916\" data-full-url=\"https:\/\/goethe-gymnasium.berlin\/wp-content\/uploads\/2021\/09\/bibellabor02.jpg\" data-link=\"https:\/\/goethe-gymnasium.berlin\/bibellabor02\/\" class=\"wp-image-7916\" srcset=\"https:\/\/goethe-gymnasium.berlin\/wp-content\/uploads\/2021\/09\/bibellabor02-1365x1024.jpg 1365w, https:\/\/goethe-gymnasium.berlin\/wp-content\/uploads\/2021\/09\/bibellabor02-300x225.jpg 300w, https:\/\/goethe-gymnasium.berlin\/wp-content\/uploads\/2021\/09\/bibellabor02-768x576.jpg 768w, https:\/\/goethe-gymnasium.berlin\/wp-content\/uploads\/2021\/09\/bibellabor02-1536x1152.jpg 1536w, https:\/\/goethe-gymnasium.berlin\/wp-content\/uploads\/2021\/09\/bibellabor02-125x94.jpg 125w, https:\/\/goethe-gymnasium.berlin\/wp-content\/uploads\/2021\/09\/bibellabor02-200x150.jpg 200w, https:\/\/goethe-gymnasium.berlin\/wp-content\/uploads\/2021\/09\/bibellabor02-80x60.jpg 80w, https:\/\/goethe-gymnasium.berlin\/wp-content\/uploads\/2021\/09\/bibellabor02-1024x768.jpg 1024w, https:\/\/goethe-gymnasium.berlin\/wp-content\/uploads\/2021\/09\/bibellabor02.jpg 1984w\" sizes=\"auto, (max-width: 1365px) 100vw, 1365px\" \/><\/a><figcaption class=\"blocks-gallery-item__caption\"><em>Im Stuhlkreis<\/em><\/figcaption><\/figure><\/li><\/ul><\/figure>\n\n\n\n<p>Dann wurden wir in Gruppen auf sieben Stationen aufgeteilt, die sehr unterschiedlich und interessant waren. Hier lernten wir verschiedene Schriften und Schreibtechniken kennen:<\/p>\n\n\n\n<p>Mit einem Mei\u00dfel konnten wir versuchen, Buchstaben oder Zahlen in einen Stein einzuritzen. Mit Holzkeilen konnten wir unseren Namen in Keilschrift auf Ton eindr\u00fccken. An einer anderen Station versuchten wir \u00e4gyptische Hieroglyphen zu entziffern oder wie im Hebr\u00e4ischen und Arabischen von rechts nach links zu lesen. Mit Feder und Tinte haben wir auf Papyrus den ersten Satz des Vater-Unser-Gebets auf Altgriechisch abgeschrieben. Dabei entdeckten wir, dass wir das griechische Wort \u03c0\u03b1\u03c4\u03ae\u03c1 schon vom lateinischen Wort &#8222;pater&#8220; (= Vater) kennen. Wie die alten R\u00f6mer haben wir lateinische Worte auf Wachst\u00e4felchen geschrieben. <\/p>\n\n\n\n<figure class=\"wp-block-gallery columns-3 is-cropped wp-block-gallery-3 is-layout-flex wp-block-gallery-is-layout-flex\"><ul class=\"blocks-gallery-grid\"><li class=\"blocks-gallery-item\"><figure><a href=\"https:\/\/goethe-gymnasium.berlin\/wp-content\/uploads\/2021\/09\/bibellabor03.jpg\"><img loading=\"lazy\" decoding=\"async\" width=\"1366\" height=\"1024\" src=\"https:\/\/goethe-gymnasium.berlin\/wp-content\/uploads\/2021\/09\/bibellabor03-1366x1024.jpg\" alt=\"\" data-id=\"7915\" data-full-url=\"https:\/\/goethe-gymnasium.berlin\/wp-content\/uploads\/2021\/09\/bibellabor03.jpg\" data-link=\"https:\/\/goethe-gymnasium.berlin\/bibellabor03\/\" class=\"wp-image-7915\" srcset=\"https:\/\/goethe-gymnasium.berlin\/wp-content\/uploads\/2021\/09\/bibellabor03-1366x1024.jpg 1366w, https:\/\/goethe-gymnasium.berlin\/wp-content\/uploads\/2021\/09\/bibellabor03-300x225.jpg 300w, https:\/\/goethe-gymnasium.berlin\/wp-content\/uploads\/2021\/09\/bibellabor03-768x576.jpg 768w, https:\/\/goethe-gymnasium.berlin\/wp-content\/uploads\/2021\/09\/bibellabor03-1536x1151.jpg 1536w, https:\/\/goethe-gymnasium.berlin\/wp-content\/uploads\/2021\/09\/bibellabor03-125x94.jpg 125w, https:\/\/goethe-gymnasium.berlin\/wp-content\/uploads\/2021\/09\/bibellabor03-200x150.jpg 200w, https:\/\/goethe-gymnasium.berlin\/wp-content\/uploads\/2021\/09\/bibellabor03-80x60.jpg 80w, https:\/\/goethe-gymnasium.berlin\/wp-content\/uploads\/2021\/09\/bibellabor03-1024x768.jpg 1024w, https:\/\/goethe-gymnasium.berlin\/wp-content\/uploads\/2021\/09\/bibellabor03.jpg 1965w\" sizes=\"auto, (max-width: 1366px) 100vw, 1366px\" \/><\/a><figcaption class=\"blocks-gallery-item__caption\"><em>Schreiben auf Stein<\/em><\/figcaption><\/figure><\/li><li class=\"blocks-gallery-item\"><figure><a href=\"https:\/\/goethe-gymnasium.berlin\/wp-content\/uploads\/2021\/09\/bibellabor04.jpg\"><img loading=\"lazy\" decoding=\"async\" width=\"1365\" height=\"1024\" src=\"https:\/\/goethe-gymnasium.berlin\/wp-content\/uploads\/2021\/09\/bibellabor04-1365x1024.jpg\" alt=\"\" data-id=\"7914\" data-full-url=\"https:\/\/goethe-gymnasium.berlin\/wp-content\/uploads\/2021\/09\/bibellabor04.jpg\" data-link=\"https:\/\/goethe-gymnasium.berlin\/bibellabor04\/\" class=\"wp-image-7914\" srcset=\"https:\/\/goethe-gymnasium.berlin\/wp-content\/uploads\/2021\/09\/bibellabor04-1365x1024.jpg 1365w, https:\/\/goethe-gymnasium.berlin\/wp-content\/uploads\/2021\/09\/bibellabor04-300x225.jpg 300w, https:\/\/goethe-gymnasium.berlin\/wp-content\/uploads\/2021\/09\/bibellabor04-768x576.jpg 768w, https:\/\/goethe-gymnasium.berlin\/wp-content\/uploads\/2021\/09\/bibellabor04-1536x1152.jpg 1536w, https:\/\/goethe-gymnasium.berlin\/wp-content\/uploads\/2021\/09\/bibellabor04-125x94.jpg 125w, https:\/\/goethe-gymnasium.berlin\/wp-content\/uploads\/2021\/09\/bibellabor04-200x150.jpg 200w, https:\/\/goethe-gymnasium.berlin\/wp-content\/uploads\/2021\/09\/bibellabor04-80x60.jpg 80w, https:\/\/goethe-gymnasium.berlin\/wp-content\/uploads\/2021\/09\/bibellabor04-1024x768.jpg 1024w, https:\/\/goethe-gymnasium.berlin\/wp-content\/uploads\/2021\/09\/bibellabor04.jpg 1984w\" sizes=\"auto, (max-width: 1365px) 100vw, 1365px\" \/><\/a><figcaption class=\"blocks-gallery-item__caption\"><em>Schreiben auf Ton<\/em><\/figcaption><\/figure><\/li><li class=\"blocks-gallery-item\"><figure><a href=\"https:\/\/goethe-gymnasium.berlin\/wp-content\/uploads\/2021\/09\/bibellabor05.jpg\"><img loading=\"lazy\" decoding=\"async\" width=\"1365\" height=\"1024\" src=\"https:\/\/goethe-gymnasium.berlin\/wp-content\/uploads\/2021\/09\/bibellabor05-1365x1024.jpg\" alt=\"\" data-id=\"7913\" data-full-url=\"https:\/\/goethe-gymnasium.berlin\/wp-content\/uploads\/2021\/09\/bibellabor05.jpg\" data-link=\"https:\/\/goethe-gymnasium.berlin\/bibellabor05\/\" class=\"wp-image-7913\" srcset=\"https:\/\/goethe-gymnasium.berlin\/wp-content\/uploads\/2021\/09\/bibellabor05-1365x1024.jpg 1365w, https:\/\/goethe-gymnasium.berlin\/wp-content\/uploads\/2021\/09\/bibellabor05-300x225.jpg 300w, https:\/\/goethe-gymnasium.berlin\/wp-content\/uploads\/2021\/09\/bibellabor05-768x576.jpg 768w, https:\/\/goethe-gymnasium.berlin\/wp-content\/uploads\/2021\/09\/bibellabor05-1536x1152.jpg 1536w, https:\/\/goethe-gymnasium.berlin\/wp-content\/uploads\/2021\/09\/bibellabor05-125x94.jpg 125w, https:\/\/goethe-gymnasium.berlin\/wp-content\/uploads\/2021\/09\/bibellabor05-200x150.jpg 200w, https:\/\/goethe-gymnasium.berlin\/wp-content\/uploads\/2021\/09\/bibellabor05-80x60.jpg 80w, https:\/\/goethe-gymnasium.berlin\/wp-content\/uploads\/2021\/09\/bibellabor05-1024x768.jpg 1024w, https:\/\/goethe-gymnasium.berlin\/wp-content\/uploads\/2021\/09\/bibellabor05.jpg 1984w\" sizes=\"auto, (max-width: 1365px) 100vw, 1365px\" \/><\/a><figcaption class=\"blocks-gallery-item__caption\"><em>Keilschrift<\/em><\/figcaption><\/figure><\/li><li class=\"blocks-gallery-item\"><figure><a href=\"https:\/\/goethe-gymnasium.berlin\/wp-content\/uploads\/2021\/09\/bibellabor06.jpg\"><img loading=\"lazy\" decoding=\"async\" width=\"768\" height=\"1024\" src=\"https:\/\/goethe-gymnasium.berlin\/wp-content\/uploads\/2021\/09\/bibellabor06-768x1024.jpg\" alt=\"\" data-id=\"7912\" data-full-url=\"https:\/\/goethe-gymnasium.berlin\/wp-content\/uploads\/2021\/09\/bibellabor06.jpg\" data-link=\"https:\/\/goethe-gymnasium.berlin\/bibellabor06\/\" class=\"wp-image-7912\" srcset=\"https:\/\/goethe-gymnasium.berlin\/wp-content\/uploads\/2021\/09\/bibellabor06-768x1024.jpg 768w, https:\/\/goethe-gymnasium.berlin\/wp-content\/uploads\/2021\/09\/bibellabor06-225x300.jpg 225w, https:\/\/goethe-gymnasium.berlin\/wp-content\/uploads\/2021\/09\/bibellabor06-1152x1536.jpg 1152w, https:\/\/goethe-gymnasium.berlin\/wp-content\/uploads\/2021\/09\/bibellabor06-94x125.jpg 94w, https:\/\/goethe-gymnasium.berlin\/wp-content\/uploads\/2021\/09\/bibellabor06-150x200.jpg 150w, https:\/\/goethe-gymnasium.berlin\/wp-content\/uploads\/2021\/09\/bibellabor06-60x80.jpg 60w, https:\/\/goethe-gymnasium.berlin\/wp-content\/uploads\/2021\/09\/bibellabor06-576x768.jpg 576w, https:\/\/goethe-gymnasium.berlin\/wp-content\/uploads\/2021\/09\/bibellabor06.jpg 1488w\" sizes=\"auto, (max-width: 768px) 100vw, 768px\" \/><\/a><figcaption class=\"blocks-gallery-item__caption\"><em>Schreiben auf Papyrus<\/em><\/figcaption><\/figure><\/li><li class=\"blocks-gallery-item\"><figure><a href=\"https:\/\/goethe-gymnasium.berlin\/wp-content\/uploads\/2021\/09\/bibellabor07.jpg\"><img loading=\"lazy\" decoding=\"async\" width=\"1365\" height=\"1024\" src=\"https:\/\/goethe-gymnasium.berlin\/wp-content\/uploads\/2021\/09\/bibellabor07-1365x1024.jpg\" alt=\"\" data-id=\"7911\" data-full-url=\"https:\/\/goethe-gymnasium.berlin\/wp-content\/uploads\/2021\/09\/bibellabor07.jpg\" data-link=\"https:\/\/goethe-gymnasium.berlin\/bibellabor07\/\" class=\"wp-image-7911\" srcset=\"https:\/\/goethe-gymnasium.berlin\/wp-content\/uploads\/2021\/09\/bibellabor07-1365x1024.jpg 1365w, https:\/\/goethe-gymnasium.berlin\/wp-content\/uploads\/2021\/09\/bibellabor07-300x225.jpg 300w, https:\/\/goethe-gymnasium.berlin\/wp-content\/uploads\/2021\/09\/bibellabor07-768x576.jpg 768w, https:\/\/goethe-gymnasium.berlin\/wp-content\/uploads\/2021\/09\/bibellabor07-1536x1152.jpg 1536w, https:\/\/goethe-gymnasium.berlin\/wp-content\/uploads\/2021\/09\/bibellabor07-125x94.jpg 125w, https:\/\/goethe-gymnasium.berlin\/wp-content\/uploads\/2021\/09\/bibellabor07-200x150.jpg 200w, https:\/\/goethe-gymnasium.berlin\/wp-content\/uploads\/2021\/09\/bibellabor07-80x60.jpg 80w, https:\/\/goethe-gymnasium.berlin\/wp-content\/uploads\/2021\/09\/bibellabor07-1024x768.jpg 1024w, https:\/\/goethe-gymnasium.berlin\/wp-content\/uploads\/2021\/09\/bibellabor07.jpg 1984w\" sizes=\"auto, (max-width: 1365px) 100vw, 1365px\" \/><\/a><figcaption class=\"blocks-gallery-item__caption\"><em>Lesen von Bildern<\/em><\/figcaption><\/figure><\/li><\/ul><\/figure>\n\n\n\n<p>Besonders beliebt war schlie\u00dflich die alte Druckerpresse. Hier musste man Schwerarbeit leisten, bis man mit Druckfarbe und Druckplatte eine Seite mit einem Bibelpsalm m\u00f6glichst so hergestellt hat, dass die Farbe gleichm\u00e4\u00dfig verteilt war.<\/p>\n\n\n\n<figure class=\"wp-block-gallery columns-3 is-cropped wp-block-gallery-4 is-layout-flex wp-block-gallery-is-layout-flex\"><ul class=\"blocks-gallery-grid\"><li class=\"blocks-gallery-item\"><figure><a href=\"https:\/\/goethe-gymnasium.berlin\/wp-content\/uploads\/2021\/09\/bibellabor08.jpg\"><img loading=\"lazy\" decoding=\"async\" width=\"1365\" height=\"1024\" src=\"https:\/\/goethe-gymnasium.berlin\/wp-content\/uploads\/2021\/09\/bibellabor08-1365x1024.jpg\" alt=\"\" data-id=\"7910\" data-full-url=\"https:\/\/goethe-gymnasium.berlin\/wp-content\/uploads\/2021\/09\/bibellabor08.jpg\" data-link=\"https:\/\/goethe-gymnasium.berlin\/bibellabor08\/\" class=\"wp-image-7910\" srcset=\"https:\/\/goethe-gymnasium.berlin\/wp-content\/uploads\/2021\/09\/bibellabor08-1365x1024.jpg 1365w, https:\/\/goethe-gymnasium.berlin\/wp-content\/uploads\/2021\/09\/bibellabor08-300x225.jpg 300w, https:\/\/goethe-gymnasium.berlin\/wp-content\/uploads\/2021\/09\/bibellabor08-768x576.jpg 768w, https:\/\/goethe-gymnasium.berlin\/wp-content\/uploads\/2021\/09\/bibellabor08-1536x1152.jpg 1536w, https:\/\/goethe-gymnasium.berlin\/wp-content\/uploads\/2021\/09\/bibellabor08-125x94.jpg 125w, https:\/\/goethe-gymnasium.berlin\/wp-content\/uploads\/2021\/09\/bibellabor08-200x150.jpg 200w, https:\/\/goethe-gymnasium.berlin\/wp-content\/uploads\/2021\/09\/bibellabor08-80x60.jpg 80w, https:\/\/goethe-gymnasium.berlin\/wp-content\/uploads\/2021\/09\/bibellabor08-1024x768.jpg 1024w, https:\/\/goethe-gymnasium.berlin\/wp-content\/uploads\/2021\/09\/bibellabor08.jpg 1984w\" sizes=\"auto, (max-width: 1365px) 100vw, 1365px\" \/><\/a><figcaption class=\"blocks-gallery-item__caption\"><em>An der Druckerpresse<\/em><\/figcaption><\/figure><\/li><li class=\"blocks-gallery-item\"><figure><a href=\"https:\/\/goethe-gymnasium.berlin\/wp-content\/uploads\/2021\/09\/bibellabor09.jpg\"><img loading=\"lazy\" decoding=\"async\" width=\"1365\" height=\"1024\" src=\"https:\/\/goethe-gymnasium.berlin\/wp-content\/uploads\/2021\/09\/bibellabor09-1365x1024.jpg\" alt=\"\" data-id=\"7909\" data-full-url=\"https:\/\/goethe-gymnasium.berlin\/wp-content\/uploads\/2021\/09\/bibellabor09.jpg\" data-link=\"https:\/\/goethe-gymnasium.berlin\/bibellabor09\/\" class=\"wp-image-7909\" srcset=\"https:\/\/goethe-gymnasium.berlin\/wp-content\/uploads\/2021\/09\/bibellabor09-1365x1024.jpg 1365w, https:\/\/goethe-gymnasium.berlin\/wp-content\/uploads\/2021\/09\/bibellabor09-300x225.jpg 300w, https:\/\/goethe-gymnasium.berlin\/wp-content\/uploads\/2021\/09\/bibellabor09-768x576.jpg 768w, https:\/\/goethe-gymnasium.berlin\/wp-content\/uploads\/2021\/09\/bibellabor09-1536x1152.jpg 1536w, https:\/\/goethe-gymnasium.berlin\/wp-content\/uploads\/2021\/09\/bibellabor09-125x94.jpg 125w, https:\/\/goethe-gymnasium.berlin\/wp-content\/uploads\/2021\/09\/bibellabor09-200x150.jpg 200w, https:\/\/goethe-gymnasium.berlin\/wp-content\/uploads\/2021\/09\/bibellabor09-80x60.jpg 80w, https:\/\/goethe-gymnasium.berlin\/wp-content\/uploads\/2021\/09\/bibellabor09-1024x768.jpg 1024w, https:\/\/goethe-gymnasium.berlin\/wp-content\/uploads\/2021\/09\/bibellabor09.jpg 1984w\" sizes=\"auto, (max-width: 1365px) 100vw, 1365px\" \/><\/a><figcaption class=\"blocks-gallery-item__caption\"><em>An der Druckerpresse<\/em><\/figcaption><\/figure><\/li><li class=\"blocks-gallery-item\"><figure><a href=\"https:\/\/goethe-gymnasium.berlin\/wp-content\/uploads\/2021\/09\/bibellabor10.jpg\"><img loading=\"lazy\" decoding=\"async\" width=\"768\" height=\"1024\" src=\"https:\/\/goethe-gymnasium.berlin\/wp-content\/uploads\/2021\/09\/bibellabor10-768x1024.jpg\" alt=\"\" data-id=\"7908\" data-full-url=\"https:\/\/goethe-gymnasium.berlin\/wp-content\/uploads\/2021\/09\/bibellabor10.jpg\" data-link=\"https:\/\/goethe-gymnasium.berlin\/bibellabor10\/\" class=\"wp-image-7908\" srcset=\"https:\/\/goethe-gymnasium.berlin\/wp-content\/uploads\/2021\/09\/bibellabor10-768x1024.jpg 768w, https:\/\/goethe-gymnasium.berlin\/wp-content\/uploads\/2021\/09\/bibellabor10-225x300.jpg 225w, https:\/\/goethe-gymnasium.berlin\/wp-content\/uploads\/2021\/09\/bibellabor10-1152x1536.jpg 1152w, https:\/\/goethe-gymnasium.berlin\/wp-content\/uploads\/2021\/09\/bibellabor10-94x125.jpg 94w, https:\/\/goethe-gymnasium.berlin\/wp-content\/uploads\/2021\/09\/bibellabor10-150x200.jpg 150w, https:\/\/goethe-gymnasium.berlin\/wp-content\/uploads\/2021\/09\/bibellabor10-60x80.jpg 60w, https:\/\/goethe-gymnasium.berlin\/wp-content\/uploads\/2021\/09\/bibellabor10-576x768.jpg 576w, https:\/\/goethe-gymnasium.berlin\/wp-content\/uploads\/2021\/09\/bibellabor10.jpg 1488w\" sizes=\"auto, (max-width: 768px) 100vw, 768px\" \/><\/a><figcaption class=\"blocks-gallery-item__caption\"><em>Druckerzeugnis<\/em><\/figcaption><\/figure><\/li><\/ul><\/figure>\n\n\n\n<p>Zwischendurch haben wir eine Essenspause auf einem Innenhof mit Sitzb\u00e4nken und einem kleinen Brunnen gemacht. Dort war es sehr sch\u00f6n, auch wenn manchmal Bienen oder Wespen zu Besuch kamen.<\/p>\n\n\n\n<figure class=\"wp-block-image size-large is-style-rounded\"><a href=\"https:\/\/goethe-gymnasium.berlin\/wp-content\/uploads\/2021\/09\/bibellabor11.jpg\"><img loading=\"lazy\" decoding=\"async\" width=\"1365\" height=\"1024\" src=\"https:\/\/goethe-gymnasium.berlin\/wp-content\/uploads\/2021\/09\/bibellabor11-1365x1024.jpg\" alt=\"\" class=\"wp-image-7907\" srcset=\"https:\/\/goethe-gymnasium.berlin\/wp-content\/uploads\/2021\/09\/bibellabor11-1365x1024.jpg 1365w, https:\/\/goethe-gymnasium.berlin\/wp-content\/uploads\/2021\/09\/bibellabor11-300x225.jpg 300w, https:\/\/goethe-gymnasium.berlin\/wp-content\/uploads\/2021\/09\/bibellabor11-768x576.jpg 768w, https:\/\/goethe-gymnasium.berlin\/wp-content\/uploads\/2021\/09\/bibellabor11-1536x1152.jpg 1536w, https:\/\/goethe-gymnasium.berlin\/wp-content\/uploads\/2021\/09\/bibellabor11-125x94.jpg 125w, https:\/\/goethe-gymnasium.berlin\/wp-content\/uploads\/2021\/09\/bibellabor11-200x150.jpg 200w, https:\/\/goethe-gymnasium.berlin\/wp-content\/uploads\/2021\/09\/bibellabor11-80x60.jpg 80w, https:\/\/goethe-gymnasium.berlin\/wp-content\/uploads\/2021\/09\/bibellabor11-1024x768.jpg 1024w, https:\/\/goethe-gymnasium.berlin\/wp-content\/uploads\/2021\/09\/bibellabor11.jpg 1933w\" sizes=\"auto, (max-width: 1365px) 100vw, 1365px\" \/><\/a><figcaption><em>Verdiente Pause<\/em><\/figcaption><\/figure>\n\n\n\n<p>Zum Schluss durften wir all unsere &#8222;Werke&#8220; mit nach Hause nehmen. Der Ausflug ins Bibellabor hat uns viel Spa\u00df gemacht und wir empfehlen es gern weiter!<\/p>\n\n\n\n<p class=\"has-text-align-right\"><em>Text: Anna, Emil, Florian, Giulia, Lisanne, Maria u. v. m. (alle Klasse 6a)<br>Fotos: Frau Dr. Weber (Schuljahr 2021\/22)<\/em><\/p>\n","protected":false},"excerpt":{"rendered":"<p>Am 02. September 2021 waren wir, die Klasse 6a, zu Gast im Bibellabor in der Philipp-Melanchthon-Kirche in Neuk\u00f6lln. <a class=\"more-link\" href=\"https:\/\/goethe-gymnasium.berlin\/index.php\/2021\/09\/18\/mit-meissel-und-feder\/\">Weiterlesen &#8230;<\/a><\/p>\n","protected":false},"author":4,"featured_media":7913,"comment_status":"closed","ping_status":"closed","sticky":false,"template":"","format":"standard","meta":{"footnotes":""},"categories":[5,414,124],"tags":[425],"class_list":["post-7906","post","type-post","status-publish","format-standard","has-post-thumbnail","hentry","category-berichte","category-gesellschaftswissenschaften","category-religion","tag-bibellabor"],"yoast_head":"<!-- This site is optimized with the Yoast SEO plugin v27.4 - https:\/\/yoast.com\/product\/yoast-seo-wordpress\/ -->\n<title>Mit Mei\u00dfel und Feder - Goethe-Gymnasium Berlin-Wilmersdorf<\/title>\n<meta name=\"description\" content=\"Goethe-Gymnasium Berlin-Wilmersdorf\" \/>\n<meta name=\"robots\" content=\"index, follow, max-snippet:-1, max-image-preview:large, max-video-preview:-1\" \/>\n<link rel=\"canonical\" href=\"https:\/\/goethe-gymnasium.berlin\/index.php\/2021\/09\/18\/mit-meissel-und-feder\/\" \/>\n<meta property=\"og:locale\" content=\"de_DE\" \/>\n<meta property=\"og:type\" content=\"article\" \/>\n<meta property=\"og:title\" content=\"Mit Mei\u00dfel und Feder - Goethe-Gymnasium Berlin-Wilmersdorf\" \/>\n<meta property=\"og:description\" content=\"Goethe-Gymnasium Berlin-Wilmersdorf\" \/>\n<meta property=\"og:url\" content=\"https:\/\/goethe-gymnasium.berlin\/index.php\/2021\/09\/18\/mit-meissel-und-feder\/\" \/>\n<meta property=\"og:site_name\" content=\"Goethe-Gymnasium Berlin-Wilmersdorf\" \/>\n<meta property=\"article:publisher\" content=\"https:\/\/www.facebook.com\/pages\/Goethe-Gymnasium\/109376575754402\" \/>\n<meta property=\"article:published_time\" content=\"2021-09-18T13:45:08+00:00\" \/>\n<meta property=\"article:modified_time\" content=\"2021-09-18T18:49:58+00:00\" \/>\n<meta property=\"og:image\" content=\"https:\/\/goethe-gymnasium.berlin\/wp-content\/uploads\/2021\/09\/bibellabor05.jpg\" \/>\n\t<meta property=\"og:image:width\" content=\"1984\" \/>\n\t<meta property=\"og:image:height\" content=\"1488\" \/>\n\t<meta property=\"og:image:type\" content=\"image\/jpeg\" \/>\n<meta name=\"author\" content=\"BWeber\" \/>\n<meta name=\"twitter:card\" content=\"summary_large_image\" \/>\n<meta name=\"twitter:label1\" content=\"Verfasst von\" \/>\n\t<meta name=\"twitter:data1\" content=\"BWeber\" \/>\n\t<meta name=\"twitter:label2\" content=\"Gesch\u00e4tzte Lesezeit\" \/>\n\t<meta name=\"twitter:data2\" content=\"4\u00a0Minuten\" \/>\n<script type=\"application\/ld+json\" class=\"yoast-schema-graph\">{\"@context\":\"https:\\\/\\\/schema.org\",\"@graph\":[{\"@type\":\"Article\",\"@id\":\"https:\\\/\\\/goethe-gymnasium.berlin\\\/index.php\\\/2021\\\/09\\\/18\\\/mit-meissel-und-feder\\\/#article\",\"isPartOf\":{\"@id\":\"https:\\\/\\\/goethe-gymnasium.berlin\\\/index.php\\\/2021\\\/09\\\/18\\\/mit-meissel-und-feder\\\/\"},\"author\":{\"name\":\"BWeber\",\"@id\":\"https:\\\/\\\/goethe-gymnasium.berlin\\\/#\\\/schema\\\/person\\\/657649ee416ae4c87decf9eca214731b\"},\"headline\":\"Mit Mei\u00dfel und Feder\",\"datePublished\":\"2021-09-18T13:45:08+00:00\",\"dateModified\":\"2021-09-18T18:49:58+00:00\",\"mainEntityOfPage\":{\"@id\":\"https:\\\/\\\/goethe-gymnasium.berlin\\\/index.php\\\/2021\\\/09\\\/18\\\/mit-meissel-und-feder\\\/\"},\"wordCount\":387,\"publisher\":{\"@id\":\"https:\\\/\\\/goethe-gymnasium.berlin\\\/#organization\"},\"image\":{\"@id\":\"https:\\\/\\\/goethe-gymnasium.berlin\\\/index.php\\\/2021\\\/09\\\/18\\\/mit-meissel-und-feder\\\/#primaryimage\"},\"thumbnailUrl\":\"https:\\\/\\\/goethe-gymnasium.berlin\\\/wp-content\\\/uploads\\\/2021\\\/09\\\/bibellabor05.jpg\",\"keywords\":[\"Bibellabor\"],\"articleSection\":[\"Berichte\",\"Gesellschaftswissenschaften\",\"Religion\"],\"inLanguage\":\"de\"},{\"@type\":\"WebPage\",\"@id\":\"https:\\\/\\\/goethe-gymnasium.berlin\\\/index.php\\\/2021\\\/09\\\/18\\\/mit-meissel-und-feder\\\/\",\"url\":\"https:\\\/\\\/goethe-gymnasium.berlin\\\/index.php\\\/2021\\\/09\\\/18\\\/mit-meissel-und-feder\\\/\",\"name\":\"Mit Mei\u00dfel und Feder - Goethe-Gymnasium Berlin-Wilmersdorf\",\"isPartOf\":{\"@id\":\"https:\\\/\\\/goethe-gymnasium.berlin\\\/#website\"},\"primaryImageOfPage\":{\"@id\":\"https:\\\/\\\/goethe-gymnasium.berlin\\\/index.php\\\/2021\\\/09\\\/18\\\/mit-meissel-und-feder\\\/#primaryimage\"},\"image\":{\"@id\":\"https:\\\/\\\/goethe-gymnasium.berlin\\\/index.php\\\/2021\\\/09\\\/18\\\/mit-meissel-und-feder\\\/#primaryimage\"},\"thumbnailUrl\":\"https:\\\/\\\/goethe-gymnasium.berlin\\\/wp-content\\\/uploads\\\/2021\\\/09\\\/bibellabor05.jpg\",\"datePublished\":\"2021-09-18T13:45:08+00:00\",\"dateModified\":\"2021-09-18T18:49:58+00:00\",\"description\":\"Goethe-Gymnasium Berlin-Wilmersdorf\",\"breadcrumb\":{\"@id\":\"https:\\\/\\\/goethe-gymnasium.berlin\\\/index.php\\\/2021\\\/09\\\/18\\\/mit-meissel-und-feder\\\/#breadcrumb\"},\"inLanguage\":\"de\",\"potentialAction\":[{\"@type\":\"ReadAction\",\"target\":[\"https:\\\/\\\/goethe-gymnasium.berlin\\\/index.php\\\/2021\\\/09\\\/18\\\/mit-meissel-und-feder\\\/\"]}]},{\"@type\":\"ImageObject\",\"inLanguage\":\"de\",\"@id\":\"https:\\\/\\\/goethe-gymnasium.berlin\\\/index.php\\\/2021\\\/09\\\/18\\\/mit-meissel-und-feder\\\/#primaryimage\",\"url\":\"https:\\\/\\\/goethe-gymnasium.berlin\\\/wp-content\\\/uploads\\\/2021\\\/09\\\/bibellabor05.jpg\",\"contentUrl\":\"https:\\\/\\\/goethe-gymnasium.berlin\\\/wp-content\\\/uploads\\\/2021\\\/09\\\/bibellabor05.jpg\",\"width\":1984,\"height\":1488},{\"@type\":\"BreadcrumbList\",\"@id\":\"https:\\\/\\\/goethe-gymnasium.berlin\\\/index.php\\\/2021\\\/09\\\/18\\\/mit-meissel-und-feder\\\/#breadcrumb\",\"itemListElement\":[{\"@type\":\"ListItem\",\"position\":1,\"name\":\"Startseite\",\"item\":\"https:\\\/\\\/goethe-gymnasium.berlin\\\/\"},{\"@type\":\"ListItem\",\"position\":2,\"name\":\"Mit Mei\u00dfel und Feder\"}]},{\"@type\":\"WebSite\",\"@id\":\"https:\\\/\\\/goethe-gymnasium.berlin\\\/#website\",\"url\":\"https:\\\/\\\/goethe-gymnasium.berlin\\\/\",\"name\":\"Goethe-Gymnasium Berlin-Wilmersdorf\",\"description\":\"\",\"publisher\":{\"@id\":\"https:\\\/\\\/goethe-gymnasium.berlin\\\/#organization\"},\"potentialAction\":[{\"@type\":\"SearchAction\",\"target\":{\"@type\":\"EntryPoint\",\"urlTemplate\":\"https:\\\/\\\/goethe-gymnasium.berlin\\\/?s={search_term_string}\"},\"query-input\":{\"@type\":\"PropertyValueSpecification\",\"valueRequired\":true,\"valueName\":\"search_term_string\"}}],\"inLanguage\":\"de\"},{\"@type\":\"Organization\",\"@id\":\"https:\\\/\\\/goethe-gymnasium.berlin\\\/#organization\",\"name\":\"Goethe-Gymnasium Berlin-Wilmersdorf\",\"url\":\"https:\\\/\\\/goethe-gymnasium.berlin\\\/\",\"logo\":{\"@type\":\"ImageObject\",\"inLanguage\":\"de\",\"@id\":\"https:\\\/\\\/goethe-gymnasium.berlin\\\/#\\\/schema\\\/logo\\\/image\\\/\",\"url\":\"https:\\\/\\\/goethe-gymnasium.berlin\\\/wp-content\\\/uploads\\\/2018\\\/04\\\/goethe-logo_hoch.png\",\"contentUrl\":\"https:\\\/\\\/goethe-gymnasium.berlin\\\/wp-content\\\/uploads\\\/2018\\\/04\\\/goethe-logo_hoch.png\",\"width\":755,\"height\":514,\"caption\":\"Goethe-Gymnasium Berlin-Wilmersdorf\"},\"image\":{\"@id\":\"https:\\\/\\\/goethe-gymnasium.berlin\\\/#\\\/schema\\\/logo\\\/image\\\/\"},\"sameAs\":[\"https:\\\/\\\/www.facebook.com\\\/pages\\\/Goethe-Gymnasium\\\/109376575754402\",\"https:\\\/\\\/www.youtube.com\\\/channel\\\/UCMKuMVF9h_YkS3zmEp7SnzQ\"]},{\"@type\":\"Person\",\"@id\":\"https:\\\/\\\/goethe-gymnasium.berlin\\\/#\\\/schema\\\/person\\\/657649ee416ae4c87decf9eca214731b\",\"name\":\"BWeber\",\"image\":{\"@type\":\"ImageObject\",\"inLanguage\":\"de\",\"@id\":\"https:\\\/\\\/secure.gravatar.com\\\/avatar\\\/02bebd62837a35b7591c929f78cee097518003bae0426a33e45c214fc8bd37fb?s=96&d=mm&r=g\",\"url\":\"https:\\\/\\\/secure.gravatar.com\\\/avatar\\\/02bebd62837a35b7591c929f78cee097518003bae0426a33e45c214fc8bd37fb?s=96&d=mm&r=g\",\"contentUrl\":\"https:\\\/\\\/secure.gravatar.com\\\/avatar\\\/02bebd62837a35b7591c929f78cee097518003bae0426a33e45c214fc8bd37fb?s=96&d=mm&r=g\",\"caption\":\"BWeber\"},\"url\":\"https:\\\/\\\/goethe-gymnasium.berlin\\\/index.php\\\/author\\\/bweber\\\/\"}]}<\/script>\n<!-- \/ Yoast SEO plugin. -->","yoast_head_json":{"title":"Mit Mei\u00dfel und Feder - Goethe-Gymnasium Berlin-Wilmersdorf","description":"Goethe-Gymnasium Berlin-Wilmersdorf","robots":{"index":"index","follow":"follow","max-snippet":"max-snippet:-1","max-image-preview":"max-image-preview:large","max-video-preview":"max-video-preview:-1"},"canonical":"https:\/\/goethe-gymnasium.berlin\/index.php\/2021\/09\/18\/mit-meissel-und-feder\/","og_locale":"de_DE","og_type":"article","og_title":"Mit Mei\u00dfel und Feder - Goethe-Gymnasium Berlin-Wilmersdorf","og_description":"Goethe-Gymnasium Berlin-Wilmersdorf","og_url":"https:\/\/goethe-gymnasium.berlin\/index.php\/2021\/09\/18\/mit-meissel-und-feder\/","og_site_name":"Goethe-Gymnasium Berlin-Wilmersdorf","article_publisher":"https:\/\/www.facebook.com\/pages\/Goethe-Gymnasium\/109376575754402","article_published_time":"2021-09-18T13:45:08+00:00","article_modified_time":"2021-09-18T18:49:58+00:00","og_image":[{"width":1984,"height":1488,"url":"https:\/\/goethe-gymnasium.berlin\/wp-content\/uploads\/2021\/09\/bibellabor05.jpg","type":"image\/jpeg"}],"author":"BWeber","twitter_card":"summary_large_image","twitter_misc":{"Verfasst von":"BWeber","Gesch\u00e4tzte Lesezeit":"4\u00a0Minuten"},"schema":{"@context":"https:\/\/schema.org","@graph":[{"@type":"Article","@id":"https:\/\/goethe-gymnasium.berlin\/index.php\/2021\/09\/18\/mit-meissel-und-feder\/#article","isPartOf":{"@id":"https:\/\/goethe-gymnasium.berlin\/index.php\/2021\/09\/18\/mit-meissel-und-feder\/"},"author":{"name":"BWeber","@id":"https:\/\/goethe-gymnasium.berlin\/#\/schema\/person\/657649ee416ae4c87decf9eca214731b"},"headline":"Mit Mei\u00dfel und Feder","datePublished":"2021-09-18T13:45:08+00:00","dateModified":"2021-09-18T18:49:58+00:00","mainEntityOfPage":{"@id":"https:\/\/goethe-gymnasium.berlin\/index.php\/2021\/09\/18\/mit-meissel-und-feder\/"},"wordCount":387,"publisher":{"@id":"https:\/\/goethe-gymnasium.berlin\/#organization"},"image":{"@id":"https:\/\/goethe-gymnasium.berlin\/index.php\/2021\/09\/18\/mit-meissel-und-feder\/#primaryimage"},"thumbnailUrl":"https:\/\/goethe-gymnasium.berlin\/wp-content\/uploads\/2021\/09\/bibellabor05.jpg","keywords":["Bibellabor"],"articleSection":["Berichte","Gesellschaftswissenschaften","Religion"],"inLanguage":"de"},{"@type":"WebPage","@id":"https:\/\/goethe-gymnasium.berlin\/index.php\/2021\/09\/18\/mit-meissel-und-feder\/","url":"https:\/\/goethe-gymnasium.berlin\/index.php\/2021\/09\/18\/mit-meissel-und-feder\/","name":"Mit Mei\u00dfel und Feder - Goethe-Gymnasium Berlin-Wilmersdorf","isPartOf":{"@id":"https:\/\/goethe-gymnasium.berlin\/#website"},"primaryImageOfPage":{"@id":"https:\/\/goethe-gymnasium.berlin\/index.php\/2021\/09\/18\/mit-meissel-und-feder\/#primaryimage"},"image":{"@id":"https:\/\/goethe-gymnasium.berlin\/index.php\/2021\/09\/18\/mit-meissel-und-feder\/#primaryimage"},"thumbnailUrl":"https:\/\/goethe-gymnasium.berlin\/wp-content\/uploads\/2021\/09\/bibellabor05.jpg","datePublished":"2021-09-18T13:45:08+00:00","dateModified":"2021-09-18T18:49:58+00:00","description":"Goethe-Gymnasium Berlin-Wilmersdorf","breadcrumb":{"@id":"https:\/\/goethe-gymnasium.berlin\/index.php\/2021\/09\/18\/mit-meissel-und-feder\/#breadcrumb"},"inLanguage":"de","potentialAction":[{"@type":"ReadAction","target":["https:\/\/goethe-gymnasium.berlin\/index.php\/2021\/09\/18\/mit-meissel-und-feder\/"]}]},{"@type":"ImageObject","inLanguage":"de","@id":"https:\/\/goethe-gymnasium.berlin\/index.php\/2021\/09\/18\/mit-meissel-und-feder\/#primaryimage","url":"https:\/\/goethe-gymnasium.berlin\/wp-content\/uploads\/2021\/09\/bibellabor05.jpg","contentUrl":"https:\/\/goethe-gymnasium.berlin\/wp-content\/uploads\/2021\/09\/bibellabor05.jpg","width":1984,"height":1488},{"@type":"BreadcrumbList","@id":"https:\/\/goethe-gymnasium.berlin\/index.php\/2021\/09\/18\/mit-meissel-und-feder\/#breadcrumb","itemListElement":[{"@type":"ListItem","position":1,"name":"Startseite","item":"https:\/\/goethe-gymnasium.berlin\/"},{"@type":"ListItem","position":2,"name":"Mit Mei\u00dfel und Feder"}]},{"@type":"WebSite","@id":"https:\/\/goethe-gymnasium.berlin\/#website","url":"https:\/\/goethe-gymnasium.berlin\/","name":"Goethe-Gymnasium Berlin-Wilmersdorf","description":"","publisher":{"@id":"https:\/\/goethe-gymnasium.berlin\/#organization"},"potentialAction":[{"@type":"SearchAction","target":{"@type":"EntryPoint","urlTemplate":"https:\/\/goethe-gymnasium.berlin\/?s={search_term_string}"},"query-input":{"@type":"PropertyValueSpecification","valueRequired":true,"valueName":"search_term_string"}}],"inLanguage":"de"},{"@type":"Organization","@id":"https:\/\/goethe-gymnasium.berlin\/#organization","name":"Goethe-Gymnasium Berlin-Wilmersdorf","url":"https:\/\/goethe-gymnasium.berlin\/","logo":{"@type":"ImageObject","inLanguage":"de","@id":"https:\/\/goethe-gymnasium.berlin\/#\/schema\/logo\/image\/","url":"https:\/\/goethe-gymnasium.berlin\/wp-content\/uploads\/2018\/04\/goethe-logo_hoch.png","contentUrl":"https:\/\/goethe-gymnasium.berlin\/wp-content\/uploads\/2018\/04\/goethe-logo_hoch.png","width":755,"height":514,"caption":"Goethe-Gymnasium Berlin-Wilmersdorf"},"image":{"@id":"https:\/\/goethe-gymnasium.berlin\/#\/schema\/logo\/image\/"},"sameAs":["https:\/\/www.facebook.com\/pages\/Goethe-Gymnasium\/109376575754402","https:\/\/www.youtube.com\/channel\/UCMKuMVF9h_YkS3zmEp7SnzQ"]},{"@type":"Person","@id":"https:\/\/goethe-gymnasium.berlin\/#\/schema\/person\/657649ee416ae4c87decf9eca214731b","name":"BWeber","image":{"@type":"ImageObject","inLanguage":"de","@id":"https:\/\/secure.gravatar.com\/avatar\/02bebd62837a35b7591c929f78cee097518003bae0426a33e45c214fc8bd37fb?s=96&d=mm&r=g","url":"https:\/\/secure.gravatar.com\/avatar\/02bebd62837a35b7591c929f78cee097518003bae0426a33e45c214fc8bd37fb?s=96&d=mm&r=g","contentUrl":"https:\/\/secure.gravatar.com\/avatar\/02bebd62837a35b7591c929f78cee097518003bae0426a33e45c214fc8bd37fb?s=96&d=mm&r=g","caption":"BWeber"},"url":"https:\/\/goethe-gymnasium.berlin\/index.php\/author\/bweber\/"}]}},"_links":{"self":[{"href":"https:\/\/goethe-gymnasium.berlin\/index.php\/wp-json\/wp\/v2\/posts\/7906","targetHints":{"allow":["GET"]}}],"collection":[{"href":"https:\/\/goethe-gymnasium.berlin\/index.php\/wp-json\/wp\/v2\/posts"}],"about":[{"href":"https:\/\/goethe-gymnasium.berlin\/index.php\/wp-json\/wp\/v2\/types\/post"}],"author":[{"embeddable":true,"href":"https:\/\/goethe-gymnasium.berlin\/index.php\/wp-json\/wp\/v2\/users\/4"}],"replies":[{"embeddable":true,"href":"https:\/\/goethe-gymnasium.berlin\/index.php\/wp-json\/wp\/v2\/comments?post=7906"}],"version-history":[{"count":3,"href":"https:\/\/goethe-gymnasium.berlin\/index.php\/wp-json\/wp\/v2\/posts\/7906\/revisions"}],"predecessor-version":[{"id":8738,"href":"https:\/\/goethe-gymnasium.berlin\/index.php\/wp-json\/wp\/v2\/posts\/7906\/revisions\/8738"}],"wp:featuredmedia":[{"embeddable":true,"href":"https:\/\/goethe-gymnasium.berlin\/index.php\/wp-json\/wp\/v2\/media\/7913"}],"wp:attachment":[{"href":"https:\/\/goethe-gymnasium.berlin\/index.php\/wp-json\/wp\/v2\/media?parent=7906"}],"wp:term":[{"taxonomy":"category","embeddable":true,"href":"https:\/\/goethe-gymnasium.berlin\/index.php\/wp-json\/wp\/v2\/categories?post=7906"},{"taxonomy":"post_tag","embeddable":true,"href":"https:\/\/goethe-gymnasium.berlin\/index.php\/wp-json\/wp\/v2\/tags?post=7906"}],"curies":[{"name":"wp","href":"https:\/\/api.w.org\/{rel}","templated":true}]}}