{"id":7588,"date":"2021-06-20T23:22:33","date_gmt":"2021-06-20T21:22:33","guid":{"rendered":"https:\/\/goethe-gymnasium.berlin\/?p=7588"},"modified":"2021-06-20T23:28:56","modified_gmt":"2021-06-20T21:28:56","slug":"zum-tod-von-frau-detmers","status":"publish","type":"post","link":"https:\/\/goethe-gymnasium.berlin\/index.php\/2021\/06\/20\/zum-tod-von-frau-detmers\/","title":{"rendered":"Zum Tod von Frau Detmers"},"content":{"rendered":"\n<p>Liebe Frau Detmers,<\/p>\n\n\n\n<p>als ich von Ihrem Tod erfahren habe, musste ich meine Erinnerungen erst einmal ordnen. Nicht weil ich mich nicht mehr gut erinnern kann, sondern weil wir gemeinsam so viel erlebt haben.<\/p>\n\n\n\n<p>Erst letzte Woche habe ich \u201emeinen Sch\u00fclern\u201c von unserer Gedenkst\u00e4ttenfahrt nach Auschwitz erz\u00e4hlt. Ich habe erz\u00e4hlt, wie sehr es mich ver\u00e4ndert hat, an diesem Ort gewesen zu sein. Auch wenn ich damals schon viel theoretisches Wissen \u00fcber den Holocaust hatte, hat mich der Besuch der Gedenkst\u00e4tte ver\u00e4ndert. Mein Blick auf die Geschichte und die Verantwortung, die aus dieser Geschichte erw\u00e4chst, hat sich gesch\u00e4rft. Diesen gesch\u00e4rften Blick und dies Erfahrung habe ich Ihnen zu verdanken. Vielleicht werde ich eines Tages selbst mit meinen Sch\u00fclern in die Gedenkst\u00e4tte nach Auschwitz reisen. Weil ich wei\u00df, wie sehr es sie ver\u00e4ndert. Und weil ich von Ihnen gelernt habe, wie wichtig diese Arbeit ist. Damit sich diese Geschichte nie wiederholt.<\/p>\n\n\n\n<p>Aber da ist ja noch viel mehr: Unsere Projekte zum Holocaust-Gedenktag, unser Stolpersteinrundgang oder auch die Weihnachtsandachten, die Sie so wundersch\u00f6n jedes Jahr gestaltet haben, werden mir immer in Erinnerung bleiben.&nbsp;<\/p>\n\n\n\n<p>Bei all dem Nachdenken wurde mir noch einmal bewusst, wie sehr Sie mich gepr\u00e4gt haben. Wenn ich es schaffe, auch nur halb so inspirierend, aufmerksam und f\u00fcrsorglich zu sein wie Sie, dann w\u00e4re ich schon wirklich gut.<\/p>\n\n\n\n<p>Danke f\u00fcr alles!<\/p>\n\n\n\n<p class=\"has-text-align-right\"><em>Text: Heike Hoffmann, ehemalige Sch\u00fclerin des Goethe-Gymnasiums (Schuljahr 2020\/21)<\/em><\/p>\n","protected":false},"excerpt":{"rendered":"<p>Ren\u00e9e Detmers, \u00fcber Jahre hinweg vielf\u00e4ltig engagierte Religionslehrerin am Goethe-Gymnasium, ist nach langer Krankheit von uns gegangen. Wir trauern mit der Familie. Eine ehemalige Sch\u00fclerin erinnert sich an Frau Detmers: <a class=\"more-link\" href=\"https:\/\/goethe-gymnasium.berlin\/index.php\/2021\/06\/20\/zum-tod-von-frau-detmers\/\">Weiterlesen &#8230;<\/a><\/p>\n","protected":false},"author":4,"featured_media":7596,"comment_status":"closed","ping_status":"closed","sticky":false,"template":"","format":"standard","meta":{"footnotes":""},"categories":[4],"tags":[396],"class_list":["post-7588","post","type-post","status-publish","format-standard","has-post-thumbnail","hentry","category-schulleben","tag-nachruf"],"yoast_head":"<!-- This site is optimized with the Yoast SEO plugin v27.4 - https:\/\/yoast.com\/product\/yoast-seo-wordpress\/ -->\n<title>Zum Tod von Frau Detmers - Goethe-Gymnasium Berlin-Wilmersdorf<\/title>\n<meta name=\"description\" content=\"Goethe-Gymnasium Berlin-Wilmersdorf\" \/>\n<meta name=\"robots\" content=\"index, follow, max-snippet:-1, max-image-preview:large, max-video-preview:-1\" \/>\n<link rel=\"canonical\" href=\"https:\/\/goethe-gymnasium.berlin\/index.php\/2021\/06\/20\/zum-tod-von-frau-detmers\/\" \/>\n<meta property=\"og:locale\" content=\"de_DE\" \/>\n<meta property=\"og:type\" content=\"article\" \/>\n<meta property=\"og:title\" content=\"Zum Tod von Frau Detmers - Goethe-Gymnasium Berlin-Wilmersdorf\" \/>\n<meta property=\"og:description\" content=\"Goethe-Gymnasium Berlin-Wilmersdorf\" \/>\n<meta property=\"og:url\" content=\"https:\/\/goethe-gymnasium.berlin\/index.php\/2021\/06\/20\/zum-tod-von-frau-detmers\/\" \/>\n<meta property=\"og:site_name\" content=\"Goethe-Gymnasium Berlin-Wilmersdorf\" \/>\n<meta property=\"article:publisher\" content=\"https:\/\/www.facebook.com\/pages\/Goethe-Gymnasium\/109376575754402\" \/>\n<meta property=\"article:published_time\" content=\"2021-06-20T21:22:33+00:00\" \/>\n<meta property=\"article:modified_time\" content=\"2021-06-20T21:28:56+00:00\" \/>\n<meta property=\"og:image\" content=\"https:\/\/goethe-gymnasium.berlin\/wp-content\/uploads\/2021\/06\/Frau-Detmers.jpg\" \/>\n\t<meta property=\"og:image:width\" content=\"1845\" \/>\n\t<meta property=\"og:image:height\" content=\"2280\" \/>\n\t<meta property=\"og:image:type\" content=\"image\/jpeg\" \/>\n<meta name=\"author\" content=\"BWeber\" \/>\n<meta name=\"twitter:card\" content=\"summary_large_image\" \/>\n<meta name=\"twitter:label1\" content=\"Verfasst von\" \/>\n\t<meta name=\"twitter:data1\" content=\"BWeber\" \/>\n\t<meta name=\"twitter:label2\" content=\"Gesch\u00e4tzte Lesezeit\" \/>\n\t<meta name=\"twitter:data2\" content=\"2\u00a0Minuten\" \/>\n<script type=\"application\/ld+json\" class=\"yoast-schema-graph\">{\"@context\":\"https:\\\/\\\/schema.org\",\"@graph\":[{\"@type\":\"Article\",\"@id\":\"https:\\\/\\\/goethe-gymnasium.berlin\\\/index.php\\\/2021\\\/06\\\/20\\\/zum-tod-von-frau-detmers\\\/#article\",\"isPartOf\":{\"@id\":\"https:\\\/\\\/goethe-gymnasium.berlin\\\/index.php\\\/2021\\\/06\\\/20\\\/zum-tod-von-frau-detmers\\\/\"},\"author\":{\"name\":\"BWeber\",\"@id\":\"https:\\\/\\\/goethe-gymnasium.berlin\\\/#\\\/schema\\\/person\\\/657649ee416ae4c87decf9eca214731b\"},\"headline\":\"Zum Tod von Frau Detmers\",\"datePublished\":\"2021-06-20T21:22:33+00:00\",\"dateModified\":\"2021-06-20T21:28:56+00:00\",\"mainEntityOfPage\":{\"@id\":\"https:\\\/\\\/goethe-gymnasium.berlin\\\/index.php\\\/2021\\\/06\\\/20\\\/zum-tod-von-frau-detmers\\\/\"},\"wordCount\":253,\"publisher\":{\"@id\":\"https:\\\/\\\/goethe-gymnasium.berlin\\\/#organization\"},\"image\":{\"@id\":\"https:\\\/\\\/goethe-gymnasium.berlin\\\/index.php\\\/2021\\\/06\\\/20\\\/zum-tod-von-frau-detmers\\\/#primaryimage\"},\"thumbnailUrl\":\"https:\\\/\\\/goethe-gymnasium.berlin\\\/wp-content\\\/uploads\\\/2021\\\/06\\\/Frau-Detmers.jpg\",\"keywords\":[\"Nachruf\"],\"articleSection\":[\"Schulleben\"],\"inLanguage\":\"de\"},{\"@type\":\"WebPage\",\"@id\":\"https:\\\/\\\/goethe-gymnasium.berlin\\\/index.php\\\/2021\\\/06\\\/20\\\/zum-tod-von-frau-detmers\\\/\",\"url\":\"https:\\\/\\\/goethe-gymnasium.berlin\\\/index.php\\\/2021\\\/06\\\/20\\\/zum-tod-von-frau-detmers\\\/\",\"name\":\"Zum Tod von Frau Detmers - Goethe-Gymnasium Berlin-Wilmersdorf\",\"isPartOf\":{\"@id\":\"https:\\\/\\\/goethe-gymnasium.berlin\\\/#website\"},\"primaryImageOfPage\":{\"@id\":\"https:\\\/\\\/goethe-gymnasium.berlin\\\/index.php\\\/2021\\\/06\\\/20\\\/zum-tod-von-frau-detmers\\\/#primaryimage\"},\"image\":{\"@id\":\"https:\\\/\\\/goethe-gymnasium.berlin\\\/index.php\\\/2021\\\/06\\\/20\\\/zum-tod-von-frau-detmers\\\/#primaryimage\"},\"thumbnailUrl\":\"https:\\\/\\\/goethe-gymnasium.berlin\\\/wp-content\\\/uploads\\\/2021\\\/06\\\/Frau-Detmers.jpg\",\"datePublished\":\"2021-06-20T21:22:33+00:00\",\"dateModified\":\"2021-06-20T21:28:56+00:00\",\"description\":\"Goethe-Gymnasium Berlin-Wilmersdorf\",\"breadcrumb\":{\"@id\":\"https:\\\/\\\/goethe-gymnasium.berlin\\\/index.php\\\/2021\\\/06\\\/20\\\/zum-tod-von-frau-detmers\\\/#breadcrumb\"},\"inLanguage\":\"de\",\"potentialAction\":[{\"@type\":\"ReadAction\",\"target\":[\"https:\\\/\\\/goethe-gymnasium.berlin\\\/index.php\\\/2021\\\/06\\\/20\\\/zum-tod-von-frau-detmers\\\/\"]}]},{\"@type\":\"ImageObject\",\"inLanguage\":\"de\",\"@id\":\"https:\\\/\\\/goethe-gymnasium.berlin\\\/index.php\\\/2021\\\/06\\\/20\\\/zum-tod-von-frau-detmers\\\/#primaryimage\",\"url\":\"https:\\\/\\\/goethe-gymnasium.berlin\\\/wp-content\\\/uploads\\\/2021\\\/06\\\/Frau-Detmers.jpg\",\"contentUrl\":\"https:\\\/\\\/goethe-gymnasium.berlin\\\/wp-content\\\/uploads\\\/2021\\\/06\\\/Frau-Detmers.jpg\",\"width\":1845,\"height\":2280},{\"@type\":\"BreadcrumbList\",\"@id\":\"https:\\\/\\\/goethe-gymnasium.berlin\\\/index.php\\\/2021\\\/06\\\/20\\\/zum-tod-von-frau-detmers\\\/#breadcrumb\",\"itemListElement\":[{\"@type\":\"ListItem\",\"position\":1,\"name\":\"Startseite\",\"item\":\"https:\\\/\\\/goethe-gymnasium.berlin\\\/\"},{\"@type\":\"ListItem\",\"position\":2,\"name\":\"Zum Tod von Frau Detmers\"}]},{\"@type\":\"WebSite\",\"@id\":\"https:\\\/\\\/goethe-gymnasium.berlin\\\/#website\",\"url\":\"https:\\\/\\\/goethe-gymnasium.berlin\\\/\",\"name\":\"Goethe-Gymnasium Berlin-Wilmersdorf\",\"description\":\"\",\"publisher\":{\"@id\":\"https:\\\/\\\/goethe-gymnasium.berlin\\\/#organization\"},\"potentialAction\":[{\"@type\":\"SearchAction\",\"target\":{\"@type\":\"EntryPoint\",\"urlTemplate\":\"https:\\\/\\\/goethe-gymnasium.berlin\\\/?s={search_term_string}\"},\"query-input\":{\"@type\":\"PropertyValueSpecification\",\"valueRequired\":true,\"valueName\":\"search_term_string\"}}],\"inLanguage\":\"de\"},{\"@type\":\"Organization\",\"@id\":\"https:\\\/\\\/goethe-gymnasium.berlin\\\/#organization\",\"name\":\"Goethe-Gymnasium Berlin-Wilmersdorf\",\"url\":\"https:\\\/\\\/goethe-gymnasium.berlin\\\/\",\"logo\":{\"@type\":\"ImageObject\",\"inLanguage\":\"de\",\"@id\":\"https:\\\/\\\/goethe-gymnasium.berlin\\\/#\\\/schema\\\/logo\\\/image\\\/\",\"url\":\"https:\\\/\\\/goethe-gymnasium.berlin\\\/wp-content\\\/uploads\\\/2018\\\/04\\\/goethe-logo_hoch.png\",\"contentUrl\":\"https:\\\/\\\/goethe-gymnasium.berlin\\\/wp-content\\\/uploads\\\/2018\\\/04\\\/goethe-logo_hoch.png\",\"width\":755,\"height\":514,\"caption\":\"Goethe-Gymnasium Berlin-Wilmersdorf\"},\"image\":{\"@id\":\"https:\\\/\\\/goethe-gymnasium.berlin\\\/#\\\/schema\\\/logo\\\/image\\\/\"},\"sameAs\":[\"https:\\\/\\\/www.facebook.com\\\/pages\\\/Goethe-Gymnasium\\\/109376575754402\",\"https:\\\/\\\/www.youtube.com\\\/channel\\\/UCMKuMVF9h_YkS3zmEp7SnzQ\"]},{\"@type\":\"Person\",\"@id\":\"https:\\\/\\\/goethe-gymnasium.berlin\\\/#\\\/schema\\\/person\\\/657649ee416ae4c87decf9eca214731b\",\"name\":\"BWeber\",\"image\":{\"@type\":\"ImageObject\",\"inLanguage\":\"de\",\"@id\":\"https:\\\/\\\/secure.gravatar.com\\\/avatar\\\/02bebd62837a35b7591c929f78cee097518003bae0426a33e45c214fc8bd37fb?s=96&d=mm&r=g\",\"url\":\"https:\\\/\\\/secure.gravatar.com\\\/avatar\\\/02bebd62837a35b7591c929f78cee097518003bae0426a33e45c214fc8bd37fb?s=96&d=mm&r=g\",\"contentUrl\":\"https:\\\/\\\/secure.gravatar.com\\\/avatar\\\/02bebd62837a35b7591c929f78cee097518003bae0426a33e45c214fc8bd37fb?s=96&d=mm&r=g\",\"caption\":\"BWeber\"},\"url\":\"https:\\\/\\\/goethe-gymnasium.berlin\\\/index.php\\\/author\\\/bweber\\\/\"}]}<\/script>\n<!-- \/ Yoast SEO plugin. -->","yoast_head_json":{"title":"Zum Tod von Frau Detmers - Goethe-Gymnasium Berlin-Wilmersdorf","description":"Goethe-Gymnasium Berlin-Wilmersdorf","robots":{"index":"index","follow":"follow","max-snippet":"max-snippet:-1","max-image-preview":"max-image-preview:large","max-video-preview":"max-video-preview:-1"},"canonical":"https:\/\/goethe-gymnasium.berlin\/index.php\/2021\/06\/20\/zum-tod-von-frau-detmers\/","og_locale":"de_DE","og_type":"article","og_title":"Zum Tod von Frau Detmers - Goethe-Gymnasium Berlin-Wilmersdorf","og_description":"Goethe-Gymnasium Berlin-Wilmersdorf","og_url":"https:\/\/goethe-gymnasium.berlin\/index.php\/2021\/06\/20\/zum-tod-von-frau-detmers\/","og_site_name":"Goethe-Gymnasium Berlin-Wilmersdorf","article_publisher":"https:\/\/www.facebook.com\/pages\/Goethe-Gymnasium\/109376575754402","article_published_time":"2021-06-20T21:22:33+00:00","article_modified_time":"2021-06-20T21:28:56+00:00","og_image":[{"width":1845,"height":2280,"url":"https:\/\/goethe-gymnasium.berlin\/wp-content\/uploads\/2021\/06\/Frau-Detmers.jpg","type":"image\/jpeg"}],"author":"BWeber","twitter_card":"summary_large_image","twitter_misc":{"Verfasst von":"BWeber","Gesch\u00e4tzte Lesezeit":"2\u00a0Minuten"},"schema":{"@context":"https:\/\/schema.org","@graph":[{"@type":"Article","@id":"https:\/\/goethe-gymnasium.berlin\/index.php\/2021\/06\/20\/zum-tod-von-frau-detmers\/#article","isPartOf":{"@id":"https:\/\/goethe-gymnasium.berlin\/index.php\/2021\/06\/20\/zum-tod-von-frau-detmers\/"},"author":{"name":"BWeber","@id":"https:\/\/goethe-gymnasium.berlin\/#\/schema\/person\/657649ee416ae4c87decf9eca214731b"},"headline":"Zum Tod von Frau Detmers","datePublished":"2021-06-20T21:22:33+00:00","dateModified":"2021-06-20T21:28:56+00:00","mainEntityOfPage":{"@id":"https:\/\/goethe-gymnasium.berlin\/index.php\/2021\/06\/20\/zum-tod-von-frau-detmers\/"},"wordCount":253,"publisher":{"@id":"https:\/\/goethe-gymnasium.berlin\/#organization"},"image":{"@id":"https:\/\/goethe-gymnasium.berlin\/index.php\/2021\/06\/20\/zum-tod-von-frau-detmers\/#primaryimage"},"thumbnailUrl":"https:\/\/goethe-gymnasium.berlin\/wp-content\/uploads\/2021\/06\/Frau-Detmers.jpg","keywords":["Nachruf"],"articleSection":["Schulleben"],"inLanguage":"de"},{"@type":"WebPage","@id":"https:\/\/goethe-gymnasium.berlin\/index.php\/2021\/06\/20\/zum-tod-von-frau-detmers\/","url":"https:\/\/goethe-gymnasium.berlin\/index.php\/2021\/06\/20\/zum-tod-von-frau-detmers\/","name":"Zum Tod von Frau Detmers - Goethe-Gymnasium Berlin-Wilmersdorf","isPartOf":{"@id":"https:\/\/goethe-gymnasium.berlin\/#website"},"primaryImageOfPage":{"@id":"https:\/\/goethe-gymnasium.berlin\/index.php\/2021\/06\/20\/zum-tod-von-frau-detmers\/#primaryimage"},"image":{"@id":"https:\/\/goethe-gymnasium.berlin\/index.php\/2021\/06\/20\/zum-tod-von-frau-detmers\/#primaryimage"},"thumbnailUrl":"https:\/\/goethe-gymnasium.berlin\/wp-content\/uploads\/2021\/06\/Frau-Detmers.jpg","datePublished":"2021-06-20T21:22:33+00:00","dateModified":"2021-06-20T21:28:56+00:00","description":"Goethe-Gymnasium Berlin-Wilmersdorf","breadcrumb":{"@id":"https:\/\/goethe-gymnasium.berlin\/index.php\/2021\/06\/20\/zum-tod-von-frau-detmers\/#breadcrumb"},"inLanguage":"de","potentialAction":[{"@type":"ReadAction","target":["https:\/\/goethe-gymnasium.berlin\/index.php\/2021\/06\/20\/zum-tod-von-frau-detmers\/"]}]},{"@type":"ImageObject","inLanguage":"de","@id":"https:\/\/goethe-gymnasium.berlin\/index.php\/2021\/06\/20\/zum-tod-von-frau-detmers\/#primaryimage","url":"https:\/\/goethe-gymnasium.berlin\/wp-content\/uploads\/2021\/06\/Frau-Detmers.jpg","contentUrl":"https:\/\/goethe-gymnasium.berlin\/wp-content\/uploads\/2021\/06\/Frau-Detmers.jpg","width":1845,"height":2280},{"@type":"BreadcrumbList","@id":"https:\/\/goethe-gymnasium.berlin\/index.php\/2021\/06\/20\/zum-tod-von-frau-detmers\/#breadcrumb","itemListElement":[{"@type":"ListItem","position":1,"name":"Startseite","item":"https:\/\/goethe-gymnasium.berlin\/"},{"@type":"ListItem","position":2,"name":"Zum Tod von Frau Detmers"}]},{"@type":"WebSite","@id":"https:\/\/goethe-gymnasium.berlin\/#website","url":"https:\/\/goethe-gymnasium.berlin\/","name":"Goethe-Gymnasium Berlin-Wilmersdorf","description":"","publisher":{"@id":"https:\/\/goethe-gymnasium.berlin\/#organization"},"potentialAction":[{"@type":"SearchAction","target":{"@type":"EntryPoint","urlTemplate":"https:\/\/goethe-gymnasium.berlin\/?s={search_term_string}"},"query-input":{"@type":"PropertyValueSpecification","valueRequired":true,"valueName":"search_term_string"}}],"inLanguage":"de"},{"@type":"Organization","@id":"https:\/\/goethe-gymnasium.berlin\/#organization","name":"Goethe-Gymnasium Berlin-Wilmersdorf","url":"https:\/\/goethe-gymnasium.berlin\/","logo":{"@type":"ImageObject","inLanguage":"de","@id":"https:\/\/goethe-gymnasium.berlin\/#\/schema\/logo\/image\/","url":"https:\/\/goethe-gymnasium.berlin\/wp-content\/uploads\/2018\/04\/goethe-logo_hoch.png","contentUrl":"https:\/\/goethe-gymnasium.berlin\/wp-content\/uploads\/2018\/04\/goethe-logo_hoch.png","width":755,"height":514,"caption":"Goethe-Gymnasium Berlin-Wilmersdorf"},"image":{"@id":"https:\/\/goethe-gymnasium.berlin\/#\/schema\/logo\/image\/"},"sameAs":["https:\/\/www.facebook.com\/pages\/Goethe-Gymnasium\/109376575754402","https:\/\/www.youtube.com\/channel\/UCMKuMVF9h_YkS3zmEp7SnzQ"]},{"@type":"Person","@id":"https:\/\/goethe-gymnasium.berlin\/#\/schema\/person\/657649ee416ae4c87decf9eca214731b","name":"BWeber","image":{"@type":"ImageObject","inLanguage":"de","@id":"https:\/\/secure.gravatar.com\/avatar\/02bebd62837a35b7591c929f78cee097518003bae0426a33e45c214fc8bd37fb?s=96&d=mm&r=g","url":"https:\/\/secure.gravatar.com\/avatar\/02bebd62837a35b7591c929f78cee097518003bae0426a33e45c214fc8bd37fb?s=96&d=mm&r=g","contentUrl":"https:\/\/secure.gravatar.com\/avatar\/02bebd62837a35b7591c929f78cee097518003bae0426a33e45c214fc8bd37fb?s=96&d=mm&r=g","caption":"BWeber"},"url":"https:\/\/goethe-gymnasium.berlin\/index.php\/author\/bweber\/"}]}},"_links":{"self":[{"href":"https:\/\/goethe-gymnasium.berlin\/index.php\/wp-json\/wp\/v2\/posts\/7588","targetHints":{"allow":["GET"]}}],"collection":[{"href":"https:\/\/goethe-gymnasium.berlin\/index.php\/wp-json\/wp\/v2\/posts"}],"about":[{"href":"https:\/\/goethe-gymnasium.berlin\/index.php\/wp-json\/wp\/v2\/types\/post"}],"author":[{"embeddable":true,"href":"https:\/\/goethe-gymnasium.berlin\/index.php\/wp-json\/wp\/v2\/users\/4"}],"replies":[{"embeddable":true,"href":"https:\/\/goethe-gymnasium.berlin\/index.php\/wp-json\/wp\/v2\/comments?post=7588"}],"version-history":[{"count":5,"href":"https:\/\/goethe-gymnasium.berlin\/index.php\/wp-json\/wp\/v2\/posts\/7588\/revisions"}],"predecessor-version":[{"id":7600,"href":"https:\/\/goethe-gymnasium.berlin\/index.php\/wp-json\/wp\/v2\/posts\/7588\/revisions\/7600"}],"wp:featuredmedia":[{"embeddable":true,"href":"https:\/\/goethe-gymnasium.berlin\/index.php\/wp-json\/wp\/v2\/media\/7596"}],"wp:attachment":[{"href":"https:\/\/goethe-gymnasium.berlin\/index.php\/wp-json\/wp\/v2\/media?parent=7588"}],"wp:term":[{"taxonomy":"category","embeddable":true,"href":"https:\/\/goethe-gymnasium.berlin\/index.php\/wp-json\/wp\/v2\/categories?post=7588"},{"taxonomy":"post_tag","embeddable":true,"href":"https:\/\/goethe-gymnasium.berlin\/index.php\/wp-json\/wp\/v2\/tags?post=7588"}],"curies":[{"name":"wp","href":"https:\/\/api.w.org\/{rel}","templated":true}]}}