{"id":6635,"date":"2020-11-08T23:36:00","date_gmt":"2020-11-08T22:36:00","guid":{"rendered":"https:\/\/goethe-gymnasium.berlin\/?p=6635"},"modified":"2020-11-21T23:19:32","modified_gmt":"2020-11-21T22:19:32","slug":"kammermusik-in-zeiten-der-pandemie","status":"publish","type":"post","link":"https:\/\/goethe-gymnasium.berlin\/index.php\/2020\/11\/08\/kammermusik-in-zeiten-der-pandemie\/","title":{"rendered":"Kammermusik in Zeiten der Pandemie"},"content":{"rendered":"\n<h4 class=\"has-text-align-center wp-block-heading\">&#8222;Tolle Zusammenstellung der St\u00fccke, tolle<br>Atmosph\u00e4re und Organisation&#8220;<\/h4>\n\n\n\n<p>Auch wenn bisher jeder <strong>Kammermusikabend<\/strong> durch das Engagement und die Spitzenleistungen der Sch\u00fclerinnen und Sch\u00fcler unseres Gymnasiums gegl\u00e4nzt hat, wurde der <strong>Abend des 29. September 2020 <\/strong>nicht nur dadurch besonders sch\u00f6n. Denn es war die erste (und bisher auch letzte) musikalische Schulveranstaltung in unserer Aula seit dem Ausbruch der Coronapandemie im M\u00e4rz! In einer vergleichsweise kleinen Runde konnten wir mit Abstand und bei ge\u00f6ffneten Fenstern einen wundersch\u00f6nen Konzertabend genie\u00dfen.<\/p>\n\n\n\n<p>Nach dem gelungenen <strong>Auftakt<\/strong> von Julius (8c), der die <em>Mondscheinsonate<\/em> von Ludwig van Beethoven f\u00fcr uns spielte, h\u00f6rten wir im Verlauf des Abends viele weitere Sch\u00fclerinnen und Sch\u00fcler &#8211; zu einem beachtlichen Teil auch aus den unteren Jahrgangsstufen: Lina, Katharina und Andreas, Lea, Sophia, Leo und Tommaso, die Werke von Johann Sebastian Bach und Ferdinand Fischer, aber auch von moderneren Komponisten wie William Gillock, Alan Walker und Andrew LloydWebber und vielen anderen spielten.<\/p>\n\n\n\n<div class=\"wp-block-image\"><figure class=\"aligncenter size-large\"><img loading=\"lazy\" decoding=\"async\" width=\"1703\" height=\"1024\" src=\"https:\/\/goethe-gymnasium.berlin\/wp-content\/uploads\/2020\/11\/kammermusik2020-09-01-1703x1024.jpg\" alt=\"\" class=\"wp-image-6637\" srcset=\"https:\/\/goethe-gymnasium.berlin\/wp-content\/uploads\/2020\/11\/kammermusik2020-09-01-1703x1024.jpg 1703w, https:\/\/goethe-gymnasium.berlin\/wp-content\/uploads\/2020\/11\/kammermusik2020-09-01-300x180.jpg 300w, https:\/\/goethe-gymnasium.berlin\/wp-content\/uploads\/2020\/11\/kammermusik2020-09-01-768x462.jpg 768w, https:\/\/goethe-gymnasium.berlin\/wp-content\/uploads\/2020\/11\/kammermusik2020-09-01-1536x924.jpg 1536w, https:\/\/goethe-gymnasium.berlin\/wp-content\/uploads\/2020\/11\/kammermusik2020-09-01-2048x1232.jpg 2048w, https:\/\/goethe-gymnasium.berlin\/wp-content\/uploads\/2020\/11\/kammermusik2020-09-01-125x75.jpg 125w, https:\/\/goethe-gymnasium.berlin\/wp-content\/uploads\/2020\/11\/kammermusik2020-09-01-200x120.jpg 200w, https:\/\/goethe-gymnasium.berlin\/wp-content\/uploads\/2020\/11\/kammermusik2020-09-01-80x48.jpg 80w, https:\/\/goethe-gymnasium.berlin\/wp-content\/uploads\/2020\/11\/kammermusik2020-09-01-1024x616.jpg 1024w\" sizes=\"auto, (max-width: 1703px) 100vw, 1703px\" \/><figcaption><center><em>Duett mit Querfl\u00f6ten<\/em><\/center><\/figcaption><\/figure><\/div>\n\n\n\n<p>Nat\u00fcrlich sah man aber auch diesmal wieder viele schon <strong>bekannte Gesichter<\/strong> auf der B\u00fchne: Ferdinand (8b), der mit Franziska (3. Sem) die <em>Bourr\u00e9e Nr. 1<\/em> von Johann Sebastian Bach als Querfl\u00f6tenduett zum Besten gab, Felix (9a) mit der <em>Jugend-Et\u00fcde Op. 1, Allegro con fuoco &#8211; Allegro con molto<\/em> von Franz Liszt, sowie Annabell (3. Sem) mit einem Walzer von Fr\u00e9d\u00e9ric Chopin und Leander (3. Sem). Auch wieder dabei waren nat\u00fcrlich Giacomo (3. Sem), Linus (9a) und Annika (8a), die, wir erinnern uns, auch beim diesj\u00e4hrigen Wettbewerb \u00bbJugend musiziert\u00ab mit ihrer Akkordeon-darbietung den ersten Platz gewann; sie wurde von Florentine (8a) am Klavier begleitet.<\/p>\n\n\n\n<p>Oskar (6c) rief mit einem Allegro von Mauro Giuliani auf der Gitarre beim Publikum gro\u00dfe Begeisterung hervor. Einen besonderen <strong>H\u00f6hepunkt<\/strong> des Abends bescherte uns auch Samira aus der Klasse 9a. Mit dem <em>Pr\u00e9lude<br>in cis-moll, Op.3 No.2<\/em> von Sergej Rachmaninoff gelang es ihr, das Publikum zu fesseln, indem sie das dramatische St\u00fcck sehr gut entwickelte. Weder das quietschende Pedal des Fl\u00fcgels noch die Feuerwehrsirenen vor demFenster<br>konnten die Faszination brechen. Bravo!<\/p>\n\n\n\n<p>Erfreulich auch, dass schon <strong>unsere j\u00fcngsten Sch\u00fclerinnen<\/strong> Giulia, Maria und Sofie aus der Klasse 5a mitmusizierten.<\/p>\n\n\n\n<p>Den hervorragenden <strong>Abschluss<\/strong> des Kammermusikabends setzte wie<br><a href=\"https:\/\/goethe-gymnasium.berlin\/index.php\/2020\/03\/07\/kammermusikabend2020\/\" target=\"_blank\" rel=\"noreferrer noopener\">beim letzten Konzert<\/a> wieder Hanno (3. Sem) mit dem 1. Satz der Klaviersonate <em>Path\u00e9tique<\/em> von Ludwig van Beethoven.<\/p>\n\n\n\n<figure class=\"wp-block-image size-large\"><img loading=\"lazy\" decoding=\"async\" width=\"1365\" height=\"1024\" src=\"https:\/\/goethe-gymnasium.berlin\/wp-content\/uploads\/2020\/11\/kammermusik2020-09-02-1365x1024.jpg\" alt=\"\" class=\"wp-image-6636\" srcset=\"https:\/\/goethe-gymnasium.berlin\/wp-content\/uploads\/2020\/11\/kammermusik2020-09-02-1365x1024.jpg 1365w, https:\/\/goethe-gymnasium.berlin\/wp-content\/uploads\/2020\/11\/kammermusik2020-09-02-300x225.jpg 300w, https:\/\/goethe-gymnasium.berlin\/wp-content\/uploads\/2020\/11\/kammermusik2020-09-02-768x576.jpg 768w, https:\/\/goethe-gymnasium.berlin\/wp-content\/uploads\/2020\/11\/kammermusik2020-09-02-1536x1152.jpg 1536w, https:\/\/goethe-gymnasium.berlin\/wp-content\/uploads\/2020\/11\/kammermusik2020-09-02-2048x1536.jpg 2048w, https:\/\/goethe-gymnasium.berlin\/wp-content\/uploads\/2020\/11\/kammermusik2020-09-02-125x94.jpg 125w, https:\/\/goethe-gymnasium.berlin\/wp-content\/uploads\/2020\/11\/kammermusik2020-09-02-200x150.jpg 200w, https:\/\/goethe-gymnasium.berlin\/wp-content\/uploads\/2020\/11\/kammermusik2020-09-02-80x60.jpg 80w, https:\/\/goethe-gymnasium.berlin\/wp-content\/uploads\/2020\/11\/kammermusik2020-09-02-1024x768.jpg 1024w\" sizes=\"auto, (max-width: 1365px) 100vw, 1365px\" \/><figcaption><center><em>Applaus erfreut trotz Maske<\/em><\/center><\/figcaption><\/figure>\n\n\n\n<p>Nach dem Konzert befragten wir das Publikum schriftlich nach seinen Eindr\u00fccken. Das durchweg sehr positive <strong>Feedback<\/strong> auf den eingegangenen Bewertungszetteln enthielt Kommentare wie \u00bb<em>Sensationell! Toll, was ihr in eurer Freizeit leistet<\/em>\u00ab, \u00bb<em>Unfassbar sch\u00f6n, auch die Auswahl der St\u00fccke<\/em>\u00ab oder \u00bb<em>Gro\u00dfartige Leistungen der Sch\u00fclerinnen und Sch\u00fcler. Das Pedal des Fl\u00fcgels quietscht<\/em>.\u00ab (Worum man sich sicher bald k\u00fcmmern wird!).<\/p>\n\n\n\n<p>Au\u00dfer bei den Musikerinnen und Musikern m\u00f6chten wir uns nat\u00fcrlich auch bei den <strong>Moderatorinnen<\/strong> Yasmin (7a) und Sophie (7a) bedanken, die ihre Freizeit mit dem aufwendigen Lernen von Texten und Artikulation auf der B\u00fchne verbracht und uns sicher durch den Abend gef\u00fchrt haben.<\/p>\n\n\n\n<p>Unser besonderer <strong>Dank<\/strong> gilt Frau Kloer, Musiklehrerin am Goethe-Gymnasium; Jahr f\u00fcr Jahr plant und organisiert sie zusammen mit den Sch\u00fclerinnen und Sch\u00fclern den Kammermusikabend, probt mit ihnen die St\u00fccke und hat auch in dieser Zeit der Pandemie einen wundersch\u00f6nen Kammermusikabend auf die Beine gestellt und f\u00fcr Musiker*innen und Zuh\u00f6rer*innen m\u00f6glich gemacht.<\/p>\n\n\n\n<p class=\"has-text-align-right\"><em>Text: Vivanne Haas, Kilian Scheffold, Klasse 9a (Schuljahr 2020\/21)<br>Fotos: Frau Dr. Weber (Schuljahr 2020\/21)<\/em><\/p>\n","protected":false},"excerpt":{"rendered":"<p>Auch wenn bisher jeder Kammermusikabend durch das Engagement und die Spitzenleistungen der Sch\u00fclerinnen und Sch\u00fcler unseres Gymnasiums gegl\u00e4nzt hat, wurde der Abend des 29. Oktober 2020 nicht nur dadurch besonders sch\u00f6n. Denn es war die erste (und bisher auch letzte) musikalische Schulveranstaltung in unserer Aula seit dem Ausbruch der Coronapandemie im M\u00e4rz! <a class=\"more-link\" href=\"https:\/\/goethe-gymnasium.berlin\/index.php\/2020\/11\/08\/kammermusik-in-zeiten-der-pandemie\/\">Weiterlesen &#8230;<\/a><\/p>\n","protected":false},"author":4,"featured_media":6344,"comment_status":"closed","ping_status":"closed","sticky":false,"template":"","format":"standard","meta":{"footnotes":""},"categories":[15,4,12],"tags":[139,133],"class_list":["post-6635","post","type-post","status-publish","format-standard","has-post-thumbnail","hentry","category-musik","category-schulleben","category-veranstaltungen","tag-kammermusik","tag-kammermusikabend"],"yoast_head":"<!-- This site is optimized with the Yoast SEO plugin v27.4 - https:\/\/yoast.com\/product\/yoast-seo-wordpress\/ -->\n<title>Kammermusik in Zeiten der Pandemie - Goethe-Gymnasium Berlin-Wilmersdorf<\/title>\n<meta name=\"description\" content=\"Goethe-Gymnasium Berlin-Wilmersdorf\" \/>\n<meta name=\"robots\" content=\"index, follow, max-snippet:-1, max-image-preview:large, max-video-preview:-1\" \/>\n<link rel=\"canonical\" href=\"https:\/\/goethe-gymnasium.berlin\/index.php\/2020\/11\/08\/kammermusik-in-zeiten-der-pandemie\/\" \/>\n<meta property=\"og:locale\" content=\"de_DE\" \/>\n<meta property=\"og:type\" content=\"article\" \/>\n<meta property=\"og:title\" content=\"Kammermusik in Zeiten der Pandemie - Goethe-Gymnasium Berlin-Wilmersdorf\" \/>\n<meta property=\"og:description\" content=\"Goethe-Gymnasium Berlin-Wilmersdorf\" \/>\n<meta property=\"og:url\" content=\"https:\/\/goethe-gymnasium.berlin\/index.php\/2020\/11\/08\/kammermusik-in-zeiten-der-pandemie\/\" \/>\n<meta property=\"og:site_name\" content=\"Goethe-Gymnasium Berlin-Wilmersdorf\" \/>\n<meta property=\"article:publisher\" content=\"https:\/\/www.facebook.com\/pages\/Goethe-Gymnasium\/109376575754402\" \/>\n<meta property=\"article:published_time\" content=\"2020-11-08T22:36:00+00:00\" \/>\n<meta property=\"article:modified_time\" content=\"2020-11-21T22:19:32+00:00\" \/>\n<meta property=\"og:image\" content=\"https:\/\/goethe-gymnasium.berlin\/wp-content\/uploads\/2020\/09\/Kammermusikabend2020-2.jpg\" \/>\n\t<meta property=\"og:image:width\" content=\"2480\" \/>\n\t<meta property=\"og:image:height\" content=\"1754\" \/>\n\t<meta property=\"og:image:type\" content=\"image\/jpeg\" \/>\n<meta name=\"author\" content=\"BWeber\" \/>\n<meta name=\"twitter:card\" content=\"summary_large_image\" \/>\n<meta name=\"twitter:label1\" content=\"Verfasst von\" \/>\n\t<meta name=\"twitter:data1\" content=\"BWeber\" \/>\n\t<meta name=\"twitter:label2\" content=\"Gesch\u00e4tzte Lesezeit\" \/>\n\t<meta name=\"twitter:data2\" content=\"3\u00a0Minuten\" \/>\n<script type=\"application\/ld+json\" class=\"yoast-schema-graph\">{\"@context\":\"https:\\\/\\\/schema.org\",\"@graph\":[{\"@type\":\"Article\",\"@id\":\"https:\\\/\\\/goethe-gymnasium.berlin\\\/index.php\\\/2020\\\/11\\\/08\\\/kammermusik-in-zeiten-der-pandemie\\\/#article\",\"isPartOf\":{\"@id\":\"https:\\\/\\\/goethe-gymnasium.berlin\\\/index.php\\\/2020\\\/11\\\/08\\\/kammermusik-in-zeiten-der-pandemie\\\/\"},\"author\":{\"name\":\"BWeber\",\"@id\":\"https:\\\/\\\/goethe-gymnasium.berlin\\\/#\\\/schema\\\/person\\\/657649ee416ae4c87decf9eca214731b\"},\"headline\":\"Kammermusik in Zeiten der Pandemie\",\"datePublished\":\"2020-11-08T22:36:00+00:00\",\"dateModified\":\"2020-11-21T22:19:32+00:00\",\"mainEntityOfPage\":{\"@id\":\"https:\\\/\\\/goethe-gymnasium.berlin\\\/index.php\\\/2020\\\/11\\\/08\\\/kammermusik-in-zeiten-der-pandemie\\\/\"},\"wordCount\":583,\"publisher\":{\"@id\":\"https:\\\/\\\/goethe-gymnasium.berlin\\\/#organization\"},\"image\":{\"@id\":\"https:\\\/\\\/goethe-gymnasium.berlin\\\/index.php\\\/2020\\\/11\\\/08\\\/kammermusik-in-zeiten-der-pandemie\\\/#primaryimage\"},\"thumbnailUrl\":\"https:\\\/\\\/goethe-gymnasium.berlin\\\/wp-content\\\/uploads\\\/2020\\\/09\\\/Kammermusikabend2020-2.jpg\",\"keywords\":[\"Kammermusik\",\"Kammermusikabend\"],\"articleSection\":[\"Musik\",\"Schulleben\",\"Veranstaltungen\"],\"inLanguage\":\"de\"},{\"@type\":\"WebPage\",\"@id\":\"https:\\\/\\\/goethe-gymnasium.berlin\\\/index.php\\\/2020\\\/11\\\/08\\\/kammermusik-in-zeiten-der-pandemie\\\/\",\"url\":\"https:\\\/\\\/goethe-gymnasium.berlin\\\/index.php\\\/2020\\\/11\\\/08\\\/kammermusik-in-zeiten-der-pandemie\\\/\",\"name\":\"Kammermusik in Zeiten der Pandemie - Goethe-Gymnasium Berlin-Wilmersdorf\",\"isPartOf\":{\"@id\":\"https:\\\/\\\/goethe-gymnasium.berlin\\\/#website\"},\"primaryImageOfPage\":{\"@id\":\"https:\\\/\\\/goethe-gymnasium.berlin\\\/index.php\\\/2020\\\/11\\\/08\\\/kammermusik-in-zeiten-der-pandemie\\\/#primaryimage\"},\"image\":{\"@id\":\"https:\\\/\\\/goethe-gymnasium.berlin\\\/index.php\\\/2020\\\/11\\\/08\\\/kammermusik-in-zeiten-der-pandemie\\\/#primaryimage\"},\"thumbnailUrl\":\"https:\\\/\\\/goethe-gymnasium.berlin\\\/wp-content\\\/uploads\\\/2020\\\/09\\\/Kammermusikabend2020-2.jpg\",\"datePublished\":\"2020-11-08T22:36:00+00:00\",\"dateModified\":\"2020-11-21T22:19:32+00:00\",\"description\":\"Goethe-Gymnasium Berlin-Wilmersdorf\",\"breadcrumb\":{\"@id\":\"https:\\\/\\\/goethe-gymnasium.berlin\\\/index.php\\\/2020\\\/11\\\/08\\\/kammermusik-in-zeiten-der-pandemie\\\/#breadcrumb\"},\"inLanguage\":\"de\",\"potentialAction\":[{\"@type\":\"ReadAction\",\"target\":[\"https:\\\/\\\/goethe-gymnasium.berlin\\\/index.php\\\/2020\\\/11\\\/08\\\/kammermusik-in-zeiten-der-pandemie\\\/\"]}]},{\"@type\":\"ImageObject\",\"inLanguage\":\"de\",\"@id\":\"https:\\\/\\\/goethe-gymnasium.berlin\\\/index.php\\\/2020\\\/11\\\/08\\\/kammermusik-in-zeiten-der-pandemie\\\/#primaryimage\",\"url\":\"https:\\\/\\\/goethe-gymnasium.berlin\\\/wp-content\\\/uploads\\\/2020\\\/09\\\/Kammermusikabend2020-2.jpg\",\"contentUrl\":\"https:\\\/\\\/goethe-gymnasium.berlin\\\/wp-content\\\/uploads\\\/2020\\\/09\\\/Kammermusikabend2020-2.jpg\",\"width\":2480,\"height\":1754},{\"@type\":\"BreadcrumbList\",\"@id\":\"https:\\\/\\\/goethe-gymnasium.berlin\\\/index.php\\\/2020\\\/11\\\/08\\\/kammermusik-in-zeiten-der-pandemie\\\/#breadcrumb\",\"itemListElement\":[{\"@type\":\"ListItem\",\"position\":1,\"name\":\"Startseite\",\"item\":\"https:\\\/\\\/goethe-gymnasium.berlin\\\/\"},{\"@type\":\"ListItem\",\"position\":2,\"name\":\"Kammermusik in Zeiten der Pandemie\"}]},{\"@type\":\"WebSite\",\"@id\":\"https:\\\/\\\/goethe-gymnasium.berlin\\\/#website\",\"url\":\"https:\\\/\\\/goethe-gymnasium.berlin\\\/\",\"name\":\"Goethe-Gymnasium Berlin-Wilmersdorf\",\"description\":\"\",\"publisher\":{\"@id\":\"https:\\\/\\\/goethe-gymnasium.berlin\\\/#organization\"},\"potentialAction\":[{\"@type\":\"SearchAction\",\"target\":{\"@type\":\"EntryPoint\",\"urlTemplate\":\"https:\\\/\\\/goethe-gymnasium.berlin\\\/?s={search_term_string}\"},\"query-input\":{\"@type\":\"PropertyValueSpecification\",\"valueRequired\":true,\"valueName\":\"search_term_string\"}}],\"inLanguage\":\"de\"},{\"@type\":\"Organization\",\"@id\":\"https:\\\/\\\/goethe-gymnasium.berlin\\\/#organization\",\"name\":\"Goethe-Gymnasium Berlin-Wilmersdorf\",\"url\":\"https:\\\/\\\/goethe-gymnasium.berlin\\\/\",\"logo\":{\"@type\":\"ImageObject\",\"inLanguage\":\"de\",\"@id\":\"https:\\\/\\\/goethe-gymnasium.berlin\\\/#\\\/schema\\\/logo\\\/image\\\/\",\"url\":\"https:\\\/\\\/goethe-gymnasium.berlin\\\/wp-content\\\/uploads\\\/2018\\\/04\\\/goethe-logo_hoch.png\",\"contentUrl\":\"https:\\\/\\\/goethe-gymnasium.berlin\\\/wp-content\\\/uploads\\\/2018\\\/04\\\/goethe-logo_hoch.png\",\"width\":755,\"height\":514,\"caption\":\"Goethe-Gymnasium Berlin-Wilmersdorf\"},\"image\":{\"@id\":\"https:\\\/\\\/goethe-gymnasium.berlin\\\/#\\\/schema\\\/logo\\\/image\\\/\"},\"sameAs\":[\"https:\\\/\\\/www.facebook.com\\\/pages\\\/Goethe-Gymnasium\\\/109376575754402\",\"https:\\\/\\\/www.youtube.com\\\/channel\\\/UCMKuMVF9h_YkS3zmEp7SnzQ\"]},{\"@type\":\"Person\",\"@id\":\"https:\\\/\\\/goethe-gymnasium.berlin\\\/#\\\/schema\\\/person\\\/657649ee416ae4c87decf9eca214731b\",\"name\":\"BWeber\",\"image\":{\"@type\":\"ImageObject\",\"inLanguage\":\"de\",\"@id\":\"https:\\\/\\\/secure.gravatar.com\\\/avatar\\\/02bebd62837a35b7591c929f78cee097518003bae0426a33e45c214fc8bd37fb?s=96&d=mm&r=g\",\"url\":\"https:\\\/\\\/secure.gravatar.com\\\/avatar\\\/02bebd62837a35b7591c929f78cee097518003bae0426a33e45c214fc8bd37fb?s=96&d=mm&r=g\",\"contentUrl\":\"https:\\\/\\\/secure.gravatar.com\\\/avatar\\\/02bebd62837a35b7591c929f78cee097518003bae0426a33e45c214fc8bd37fb?s=96&d=mm&r=g\",\"caption\":\"BWeber\"},\"url\":\"https:\\\/\\\/goethe-gymnasium.berlin\\\/index.php\\\/author\\\/bweber\\\/\"}]}<\/script>\n<!-- \/ Yoast SEO plugin. -->","yoast_head_json":{"title":"Kammermusik in Zeiten der Pandemie - Goethe-Gymnasium Berlin-Wilmersdorf","description":"Goethe-Gymnasium Berlin-Wilmersdorf","robots":{"index":"index","follow":"follow","max-snippet":"max-snippet:-1","max-image-preview":"max-image-preview:large","max-video-preview":"max-video-preview:-1"},"canonical":"https:\/\/goethe-gymnasium.berlin\/index.php\/2020\/11\/08\/kammermusik-in-zeiten-der-pandemie\/","og_locale":"de_DE","og_type":"article","og_title":"Kammermusik in Zeiten der Pandemie - Goethe-Gymnasium Berlin-Wilmersdorf","og_description":"Goethe-Gymnasium Berlin-Wilmersdorf","og_url":"https:\/\/goethe-gymnasium.berlin\/index.php\/2020\/11\/08\/kammermusik-in-zeiten-der-pandemie\/","og_site_name":"Goethe-Gymnasium Berlin-Wilmersdorf","article_publisher":"https:\/\/www.facebook.com\/pages\/Goethe-Gymnasium\/109376575754402","article_published_time":"2020-11-08T22:36:00+00:00","article_modified_time":"2020-11-21T22:19:32+00:00","og_image":[{"width":2480,"height":1754,"url":"https:\/\/goethe-gymnasium.berlin\/wp-content\/uploads\/2020\/09\/Kammermusikabend2020-2.jpg","type":"image\/jpeg"}],"author":"BWeber","twitter_card":"summary_large_image","twitter_misc":{"Verfasst von":"BWeber","Gesch\u00e4tzte Lesezeit":"3\u00a0Minuten"},"schema":{"@context":"https:\/\/schema.org","@graph":[{"@type":"Article","@id":"https:\/\/goethe-gymnasium.berlin\/index.php\/2020\/11\/08\/kammermusik-in-zeiten-der-pandemie\/#article","isPartOf":{"@id":"https:\/\/goethe-gymnasium.berlin\/index.php\/2020\/11\/08\/kammermusik-in-zeiten-der-pandemie\/"},"author":{"name":"BWeber","@id":"https:\/\/goethe-gymnasium.berlin\/#\/schema\/person\/657649ee416ae4c87decf9eca214731b"},"headline":"Kammermusik in Zeiten der Pandemie","datePublished":"2020-11-08T22:36:00+00:00","dateModified":"2020-11-21T22:19:32+00:00","mainEntityOfPage":{"@id":"https:\/\/goethe-gymnasium.berlin\/index.php\/2020\/11\/08\/kammermusik-in-zeiten-der-pandemie\/"},"wordCount":583,"publisher":{"@id":"https:\/\/goethe-gymnasium.berlin\/#organization"},"image":{"@id":"https:\/\/goethe-gymnasium.berlin\/index.php\/2020\/11\/08\/kammermusik-in-zeiten-der-pandemie\/#primaryimage"},"thumbnailUrl":"https:\/\/goethe-gymnasium.berlin\/wp-content\/uploads\/2020\/09\/Kammermusikabend2020-2.jpg","keywords":["Kammermusik","Kammermusikabend"],"articleSection":["Musik","Schulleben","Veranstaltungen"],"inLanguage":"de"},{"@type":"WebPage","@id":"https:\/\/goethe-gymnasium.berlin\/index.php\/2020\/11\/08\/kammermusik-in-zeiten-der-pandemie\/","url":"https:\/\/goethe-gymnasium.berlin\/index.php\/2020\/11\/08\/kammermusik-in-zeiten-der-pandemie\/","name":"Kammermusik in Zeiten der Pandemie - Goethe-Gymnasium Berlin-Wilmersdorf","isPartOf":{"@id":"https:\/\/goethe-gymnasium.berlin\/#website"},"primaryImageOfPage":{"@id":"https:\/\/goethe-gymnasium.berlin\/index.php\/2020\/11\/08\/kammermusik-in-zeiten-der-pandemie\/#primaryimage"},"image":{"@id":"https:\/\/goethe-gymnasium.berlin\/index.php\/2020\/11\/08\/kammermusik-in-zeiten-der-pandemie\/#primaryimage"},"thumbnailUrl":"https:\/\/goethe-gymnasium.berlin\/wp-content\/uploads\/2020\/09\/Kammermusikabend2020-2.jpg","datePublished":"2020-11-08T22:36:00+00:00","dateModified":"2020-11-21T22:19:32+00:00","description":"Goethe-Gymnasium Berlin-Wilmersdorf","breadcrumb":{"@id":"https:\/\/goethe-gymnasium.berlin\/index.php\/2020\/11\/08\/kammermusik-in-zeiten-der-pandemie\/#breadcrumb"},"inLanguage":"de","potentialAction":[{"@type":"ReadAction","target":["https:\/\/goethe-gymnasium.berlin\/index.php\/2020\/11\/08\/kammermusik-in-zeiten-der-pandemie\/"]}]},{"@type":"ImageObject","inLanguage":"de","@id":"https:\/\/goethe-gymnasium.berlin\/index.php\/2020\/11\/08\/kammermusik-in-zeiten-der-pandemie\/#primaryimage","url":"https:\/\/goethe-gymnasium.berlin\/wp-content\/uploads\/2020\/09\/Kammermusikabend2020-2.jpg","contentUrl":"https:\/\/goethe-gymnasium.berlin\/wp-content\/uploads\/2020\/09\/Kammermusikabend2020-2.jpg","width":2480,"height":1754},{"@type":"BreadcrumbList","@id":"https:\/\/goethe-gymnasium.berlin\/index.php\/2020\/11\/08\/kammermusik-in-zeiten-der-pandemie\/#breadcrumb","itemListElement":[{"@type":"ListItem","position":1,"name":"Startseite","item":"https:\/\/goethe-gymnasium.berlin\/"},{"@type":"ListItem","position":2,"name":"Kammermusik in Zeiten der Pandemie"}]},{"@type":"WebSite","@id":"https:\/\/goethe-gymnasium.berlin\/#website","url":"https:\/\/goethe-gymnasium.berlin\/","name":"Goethe-Gymnasium Berlin-Wilmersdorf","description":"","publisher":{"@id":"https:\/\/goethe-gymnasium.berlin\/#organization"},"potentialAction":[{"@type":"SearchAction","target":{"@type":"EntryPoint","urlTemplate":"https:\/\/goethe-gymnasium.berlin\/?s={search_term_string}"},"query-input":{"@type":"PropertyValueSpecification","valueRequired":true,"valueName":"search_term_string"}}],"inLanguage":"de"},{"@type":"Organization","@id":"https:\/\/goethe-gymnasium.berlin\/#organization","name":"Goethe-Gymnasium Berlin-Wilmersdorf","url":"https:\/\/goethe-gymnasium.berlin\/","logo":{"@type":"ImageObject","inLanguage":"de","@id":"https:\/\/goethe-gymnasium.berlin\/#\/schema\/logo\/image\/","url":"https:\/\/goethe-gymnasium.berlin\/wp-content\/uploads\/2018\/04\/goethe-logo_hoch.png","contentUrl":"https:\/\/goethe-gymnasium.berlin\/wp-content\/uploads\/2018\/04\/goethe-logo_hoch.png","width":755,"height":514,"caption":"Goethe-Gymnasium Berlin-Wilmersdorf"},"image":{"@id":"https:\/\/goethe-gymnasium.berlin\/#\/schema\/logo\/image\/"},"sameAs":["https:\/\/www.facebook.com\/pages\/Goethe-Gymnasium\/109376575754402","https:\/\/www.youtube.com\/channel\/UCMKuMVF9h_YkS3zmEp7SnzQ"]},{"@type":"Person","@id":"https:\/\/goethe-gymnasium.berlin\/#\/schema\/person\/657649ee416ae4c87decf9eca214731b","name":"BWeber","image":{"@type":"ImageObject","inLanguage":"de","@id":"https:\/\/secure.gravatar.com\/avatar\/02bebd62837a35b7591c929f78cee097518003bae0426a33e45c214fc8bd37fb?s=96&d=mm&r=g","url":"https:\/\/secure.gravatar.com\/avatar\/02bebd62837a35b7591c929f78cee097518003bae0426a33e45c214fc8bd37fb?s=96&d=mm&r=g","contentUrl":"https:\/\/secure.gravatar.com\/avatar\/02bebd62837a35b7591c929f78cee097518003bae0426a33e45c214fc8bd37fb?s=96&d=mm&r=g","caption":"BWeber"},"url":"https:\/\/goethe-gymnasium.berlin\/index.php\/author\/bweber\/"}]}},"_links":{"self":[{"href":"https:\/\/goethe-gymnasium.berlin\/index.php\/wp-json\/wp\/v2\/posts\/6635","targetHints":{"allow":["GET"]}}],"collection":[{"href":"https:\/\/goethe-gymnasium.berlin\/index.php\/wp-json\/wp\/v2\/posts"}],"about":[{"href":"https:\/\/goethe-gymnasium.berlin\/index.php\/wp-json\/wp\/v2\/types\/post"}],"author":[{"embeddable":true,"href":"https:\/\/goethe-gymnasium.berlin\/index.php\/wp-json\/wp\/v2\/users\/4"}],"replies":[{"embeddable":true,"href":"https:\/\/goethe-gymnasium.berlin\/index.php\/wp-json\/wp\/v2\/comments?post=6635"}],"version-history":[{"count":3,"href":"https:\/\/goethe-gymnasium.berlin\/index.php\/wp-json\/wp\/v2\/posts\/6635\/revisions"}],"predecessor-version":[{"id":6649,"href":"https:\/\/goethe-gymnasium.berlin\/index.php\/wp-json\/wp\/v2\/posts\/6635\/revisions\/6649"}],"wp:featuredmedia":[{"embeddable":true,"href":"https:\/\/goethe-gymnasium.berlin\/index.php\/wp-json\/wp\/v2\/media\/6344"}],"wp:attachment":[{"href":"https:\/\/goethe-gymnasium.berlin\/index.php\/wp-json\/wp\/v2\/media?parent=6635"}],"wp:term":[{"taxonomy":"category","embeddable":true,"href":"https:\/\/goethe-gymnasium.berlin\/index.php\/wp-json\/wp\/v2\/categories?post=6635"},{"taxonomy":"post_tag","embeddable":true,"href":"https:\/\/goethe-gymnasium.berlin\/index.php\/wp-json\/wp\/v2\/tags?post=6635"}],"curies":[{"name":"wp","href":"https:\/\/api.w.org\/{rel}","templated":true}]}}