{"id":6255,"date":"2020-07-15T18:10:00","date_gmt":"2020-07-15T16:10:00","guid":{"rendered":"https:\/\/goethe-gymnasium.berlin\/?p=6255"},"modified":"2024-02-28T12:48:33","modified_gmt":"2024-02-28T11:48:33","slug":"schoene-erfolge-bei-jugend-musiziert","status":"publish","type":"post","link":"https:\/\/goethe-gymnasium.berlin\/index.php\/2020\/07\/15\/schoene-erfolge-bei-jugend-musiziert\/","title":{"rendered":"Sch\u00f6ne Erfolge bei &#8222;Jugend musiziert&#8220;"},"content":{"rendered":"\n<p><em>\u201eMusik ist die Poesie der Luft\u201c (Jean Paul)<\/em> \u2013 Dass wir die Luft zum Atmen und Durchl\u00fcften auch immer wieder f\u00fcr unsere Seele brauchen, dies war die Idee des vor inzwischen 57 Jahren ins Leben gerufenen Wettbewerbs <a href=\"https:\/\/www.jugend-musiziert.org\/\" target=\"_blank\" rel=\"noreferrer noopener\">Jugend musiziert<\/a>, &nbsp;mittlerweile das renommierteste Musikf\u00f6rderprojekt f\u00fcr junge Menschen.<\/p>\n\n\n\n<p>Der Wettbewerb wird j\u00e4hrlich ausgeschrieben und findet auf Regional-, Landes- und Bundesebene statt. An den Wettbewerben haben bisher schon gut eine Million junger Musikerinnen und Musiker teilgenommen.<\/p>\n\n\n\n<p>In diesem Jahr 2020 wurden nur die <a href=\"https:\/\/www.jugend-musiziert.org\/wettbewerbe\/landeswettbewerbe.html\" target=\"_blank\" rel=\"noreferrer noopener\">Regionalwettbewerbe<\/a> aufgrund der besonderen Situation ausgetragen und gleich drei unserer Sch\u00fcler*innen geh\u00f6ren zu den Preistr\u00e4ger*innen:<\/p>\n\n\n\n<p>Katharina und Andreas S. (Klasse 5a und 5b) haben jeweils in der Kategorie Klavier solo in ihrer Altersklasse den 2. Preis gewonnen.<\/p>\n\n\n\n<figure class=\"wp-block-gallery has-nested-images columns-default is-cropped wp-block-gallery-2 is-layout-flex wp-block-gallery-is-layout-flex\">\n<figure class=\"wp-block-image size-large\"><img loading=\"lazy\" decoding=\"async\" width=\"768\" height=\"1024\" data-id=\"6257\" src=\"https:\/\/goethe-gymnasium.berlin\/wp-content\/uploads\/2020\/08\/jugend_musiziert2020-01-768x1024.jpg\" alt=\"\" class=\"wp-image-6257\" srcset=\"https:\/\/goethe-gymnasium.berlin\/wp-content\/uploads\/2020\/08\/jugend_musiziert2020-01-768x1024.jpg 768w, https:\/\/goethe-gymnasium.berlin\/wp-content\/uploads\/2020\/08\/jugend_musiziert2020-01-225x300.jpg 225w, https:\/\/goethe-gymnasium.berlin\/wp-content\/uploads\/2020\/08\/jugend_musiziert2020-01-1152x1536.jpg 1152w, https:\/\/goethe-gymnasium.berlin\/wp-content\/uploads\/2020\/08\/jugend_musiziert2020-01-94x125.jpg 94w, https:\/\/goethe-gymnasium.berlin\/wp-content\/uploads\/2020\/08\/jugend_musiziert2020-01-150x200.jpg 150w, https:\/\/goethe-gymnasium.berlin\/wp-content\/uploads\/2020\/08\/jugend_musiziert2020-01-60x80.jpg 60w, https:\/\/goethe-gymnasium.berlin\/wp-content\/uploads\/2020\/08\/jugend_musiziert2020-01-576x768.jpg 576w, https:\/\/goethe-gymnasium.berlin\/wp-content\/uploads\/2020\/08\/jugend_musiziert2020-01.jpg 1512w\" sizes=\"auto, (max-width: 768px) 100vw, 768px\" \/><figcaption class=\"wp-element-caption\">Preistr\u00e4ger im Wettbewerb Klavier<\/figcaption><\/figure>\n\n\n\n<figure class=\"wp-block-image size-large\"><img loading=\"lazy\" decoding=\"async\" width=\"1365\" height=\"1024\" data-id=\"6256\" src=\"https:\/\/goethe-gymnasium.berlin\/wp-content\/uploads\/2020\/08\/jugend_musiziert2020-02-1365x1024.jpg\" alt=\"\" class=\"wp-image-6256\" srcset=\"https:\/\/goethe-gymnasium.berlin\/wp-content\/uploads\/2020\/08\/jugend_musiziert2020-02-1365x1024.jpg 1365w, https:\/\/goethe-gymnasium.berlin\/wp-content\/uploads\/2020\/08\/jugend_musiziert2020-02-300x225.jpg 300w, https:\/\/goethe-gymnasium.berlin\/wp-content\/uploads\/2020\/08\/jugend_musiziert2020-02-768x576.jpg 768w, https:\/\/goethe-gymnasium.berlin\/wp-content\/uploads\/2020\/08\/jugend_musiziert2020-02-1536x1152.jpg 1536w, https:\/\/goethe-gymnasium.berlin\/wp-content\/uploads\/2020\/08\/jugend_musiziert2020-02-125x94.jpg 125w, https:\/\/goethe-gymnasium.berlin\/wp-content\/uploads\/2020\/08\/jugend_musiziert2020-02-200x150.jpg 200w, https:\/\/goethe-gymnasium.berlin\/wp-content\/uploads\/2020\/08\/jugend_musiziert2020-02-80x60.jpg 80w, https:\/\/goethe-gymnasium.berlin\/wp-content\/uploads\/2020\/08\/jugend_musiziert2020-02-1024x768.jpg 1024w, https:\/\/goethe-gymnasium.berlin\/wp-content\/uploads\/2020\/08\/jugend_musiziert2020-02.jpg 1980w\" sizes=\"auto, (max-width: 1365px) 100vw, 1365px\" \/><figcaption class=\"wp-element-caption\">Preistr\u00e4gerin im Wettbewerb Akkordeon<\/figcaption><\/figure>\n<\/figure>\n\n\n\n<p>Annika Li (Klasse 7a) hat auch 2020 &#8211; <a href=\"https:\/\/goethe-gymnasium.berlin\/index.php\/2019\/04\/27\/jugend-musiziert-2019\/\" target=\"_blank\" rel=\"noreferrer noopener\">wie bereits im vergangenen Jahr<\/a> &#8211; mit ihrem Instrument, dem Akkordeon, den 1. Preis bei <strong>Jugend musiziert <\/strong>gewonnen<\/p>\n\n\n\n<p>Wir gratulieren allen drei Preistr\u00e4gern zu ihren sch\u00f6nen Erfolgen!<\/p>\n\n\n\n<p class=\"has-text-align-right\"><em>Text und Fotos: Frau Kloer (Schuljahr 2019\/20)<\/em><\/p>\n","protected":false},"excerpt":{"rendered":"<p>\u201eMusik ist die Poesie der Luft\u201c (Jean Paul) \u2013 Dass wir die Luft zum Atmen und Durchl\u00fcften auch immer wieder f\u00fcr unsere Seele brauchen, dies war die Idee des vor inzwischen 57 Jahren ins Leben gerufenen Wettbewerbs Jugend musiziert. <a class=\"more-link\" href=\"https:\/\/goethe-gymnasium.berlin\/index.php\/2020\/07\/15\/schoene-erfolge-bei-jugend-musiziert\/\">Weiterlesen &#8230;<\/a><\/p>\n","protected":false},"author":4,"featured_media":6258,"comment_status":"closed","ping_status":"closed","sticky":false,"template":"","format":"standard","meta":{"footnotes":""},"categories":[15,145],"tags":[162,146,231],"class_list":["post-6255","post","type-post","status-publish","format-standard","has-post-thumbnail","hentry","category-musik","category-wettbewerbe","tag-jugend-musiziert","tag-wettbewerb","tag-wettbewerbe"],"yoast_head":"<!-- This site is optimized with the Yoast SEO plugin v27.4 - https:\/\/yoast.com\/product\/yoast-seo-wordpress\/ -->\n<title>Sch\u00f6ne Erfolge bei &quot;Jugend musiziert&quot; - Goethe-Gymnasium Berlin-Wilmersdorf<\/title>\n<meta name=\"description\" content=\"Goethe-Gymnasium Berlin-Wilmersdorf\" \/>\n<meta name=\"robots\" content=\"index, follow, max-snippet:-1, max-image-preview:large, max-video-preview:-1\" \/>\n<link rel=\"canonical\" href=\"https:\/\/goethe-gymnasium.berlin\/index.php\/2020\/07\/15\/schoene-erfolge-bei-jugend-musiziert\/\" \/>\n<meta property=\"og:locale\" content=\"de_DE\" \/>\n<meta property=\"og:type\" content=\"article\" \/>\n<meta property=\"og:title\" content=\"Sch\u00f6ne Erfolge bei &quot;Jugend musiziert&quot; - Goethe-Gymnasium Berlin-Wilmersdorf\" \/>\n<meta property=\"og:description\" content=\"Goethe-Gymnasium Berlin-Wilmersdorf\" \/>\n<meta property=\"og:url\" content=\"https:\/\/goethe-gymnasium.berlin\/index.php\/2020\/07\/15\/schoene-erfolge-bei-jugend-musiziert\/\" \/>\n<meta property=\"og:site_name\" content=\"Goethe-Gymnasium Berlin-Wilmersdorf\" \/>\n<meta property=\"article:publisher\" content=\"https:\/\/www.facebook.com\/pages\/Goethe-Gymnasium\/109376575754402\" \/>\n<meta property=\"article:published_time\" content=\"2020-07-15T16:10:00+00:00\" \/>\n<meta property=\"article:modified_time\" content=\"2024-02-28T11:48:33+00:00\" \/>\n<meta property=\"og:image\" content=\"https:\/\/goethe-gymnasium.berlin\/wp-content\/uploads\/2020\/08\/jugend_musiziert_logo.jpg\" \/>\n\t<meta property=\"og:image:width\" content=\"1655\" \/>\n\t<meta property=\"og:image:height\" content=\"846\" \/>\n\t<meta property=\"og:image:type\" content=\"image\/jpeg\" \/>\n<meta name=\"author\" content=\"BWeber\" \/>\n<meta name=\"twitter:card\" content=\"summary_large_image\" \/>\n<meta name=\"twitter:label1\" content=\"Verfasst von\" \/>\n\t<meta name=\"twitter:data1\" content=\"BWeber\" \/>\n\t<meta name=\"twitter:label2\" content=\"Gesch\u00e4tzte Lesezeit\" \/>\n\t<meta name=\"twitter:data2\" content=\"2\u00a0Minuten\" \/>\n<script type=\"application\/ld+json\" class=\"yoast-schema-graph\">{\"@context\":\"https:\\\/\\\/schema.org\",\"@graph\":[{\"@type\":\"Article\",\"@id\":\"https:\\\/\\\/goethe-gymnasium.berlin\\\/index.php\\\/2020\\\/07\\\/15\\\/schoene-erfolge-bei-jugend-musiziert\\\/#article\",\"isPartOf\":{\"@id\":\"https:\\\/\\\/goethe-gymnasium.berlin\\\/index.php\\\/2020\\\/07\\\/15\\\/schoene-erfolge-bei-jugend-musiziert\\\/\"},\"author\":{\"name\":\"BWeber\",\"@id\":\"https:\\\/\\\/goethe-gymnasium.berlin\\\/#\\\/schema\\\/person\\\/657649ee416ae4c87decf9eca214731b\"},\"headline\":\"Sch\u00f6ne Erfolge bei &#8222;Jugend musiziert&#8220;\",\"datePublished\":\"2020-07-15T16:10:00+00:00\",\"dateModified\":\"2024-02-28T11:48:33+00:00\",\"mainEntityOfPage\":{\"@id\":\"https:\\\/\\\/goethe-gymnasium.berlin\\\/index.php\\\/2020\\\/07\\\/15\\\/schoene-erfolge-bei-jugend-musiziert\\\/\"},\"wordCount\":181,\"publisher\":{\"@id\":\"https:\\\/\\\/goethe-gymnasium.berlin\\\/#organization\"},\"image\":{\"@id\":\"https:\\\/\\\/goethe-gymnasium.berlin\\\/index.php\\\/2020\\\/07\\\/15\\\/schoene-erfolge-bei-jugend-musiziert\\\/#primaryimage\"},\"thumbnailUrl\":\"https:\\\/\\\/goethe-gymnasium.berlin\\\/wp-content\\\/uploads\\\/2020\\\/08\\\/jugend_musiziert_logo.jpg\",\"keywords\":[\"Jugend musiziert\",\"Wettbewerb\",\"Wettbewerbe\"],\"articleSection\":[\"Musik\",\"Wettbewerbe\"],\"inLanguage\":\"de\"},{\"@type\":\"WebPage\",\"@id\":\"https:\\\/\\\/goethe-gymnasium.berlin\\\/index.php\\\/2020\\\/07\\\/15\\\/schoene-erfolge-bei-jugend-musiziert\\\/\",\"url\":\"https:\\\/\\\/goethe-gymnasium.berlin\\\/index.php\\\/2020\\\/07\\\/15\\\/schoene-erfolge-bei-jugend-musiziert\\\/\",\"name\":\"Sch\u00f6ne Erfolge bei \\\"Jugend musiziert\\\" - Goethe-Gymnasium Berlin-Wilmersdorf\",\"isPartOf\":{\"@id\":\"https:\\\/\\\/goethe-gymnasium.berlin\\\/#website\"},\"primaryImageOfPage\":{\"@id\":\"https:\\\/\\\/goethe-gymnasium.berlin\\\/index.php\\\/2020\\\/07\\\/15\\\/schoene-erfolge-bei-jugend-musiziert\\\/#primaryimage\"},\"image\":{\"@id\":\"https:\\\/\\\/goethe-gymnasium.berlin\\\/index.php\\\/2020\\\/07\\\/15\\\/schoene-erfolge-bei-jugend-musiziert\\\/#primaryimage\"},\"thumbnailUrl\":\"https:\\\/\\\/goethe-gymnasium.berlin\\\/wp-content\\\/uploads\\\/2020\\\/08\\\/jugend_musiziert_logo.jpg\",\"datePublished\":\"2020-07-15T16:10:00+00:00\",\"dateModified\":\"2024-02-28T11:48:33+00:00\",\"description\":\"Goethe-Gymnasium Berlin-Wilmersdorf\",\"breadcrumb\":{\"@id\":\"https:\\\/\\\/goethe-gymnasium.berlin\\\/index.php\\\/2020\\\/07\\\/15\\\/schoene-erfolge-bei-jugend-musiziert\\\/#breadcrumb\"},\"inLanguage\":\"de\",\"potentialAction\":[{\"@type\":\"ReadAction\",\"target\":[\"https:\\\/\\\/goethe-gymnasium.berlin\\\/index.php\\\/2020\\\/07\\\/15\\\/schoene-erfolge-bei-jugend-musiziert\\\/\"]}]},{\"@type\":\"ImageObject\",\"inLanguage\":\"de\",\"@id\":\"https:\\\/\\\/goethe-gymnasium.berlin\\\/index.php\\\/2020\\\/07\\\/15\\\/schoene-erfolge-bei-jugend-musiziert\\\/#primaryimage\",\"url\":\"https:\\\/\\\/goethe-gymnasium.berlin\\\/wp-content\\\/uploads\\\/2020\\\/08\\\/jugend_musiziert_logo.jpg\",\"contentUrl\":\"https:\\\/\\\/goethe-gymnasium.berlin\\\/wp-content\\\/uploads\\\/2020\\\/08\\\/jugend_musiziert_logo.jpg\",\"width\":1655,\"height\":846},{\"@type\":\"BreadcrumbList\",\"@id\":\"https:\\\/\\\/goethe-gymnasium.berlin\\\/index.php\\\/2020\\\/07\\\/15\\\/schoene-erfolge-bei-jugend-musiziert\\\/#breadcrumb\",\"itemListElement\":[{\"@type\":\"ListItem\",\"position\":1,\"name\":\"Startseite\",\"item\":\"https:\\\/\\\/goethe-gymnasium.berlin\\\/\"},{\"@type\":\"ListItem\",\"position\":2,\"name\":\"Sch\u00f6ne Erfolge bei &#8222;Jugend musiziert&#8220;\"}]},{\"@type\":\"WebSite\",\"@id\":\"https:\\\/\\\/goethe-gymnasium.berlin\\\/#website\",\"url\":\"https:\\\/\\\/goethe-gymnasium.berlin\\\/\",\"name\":\"Goethe-Gymnasium Berlin-Wilmersdorf\",\"description\":\"\",\"publisher\":{\"@id\":\"https:\\\/\\\/goethe-gymnasium.berlin\\\/#organization\"},\"potentialAction\":[{\"@type\":\"SearchAction\",\"target\":{\"@type\":\"EntryPoint\",\"urlTemplate\":\"https:\\\/\\\/goethe-gymnasium.berlin\\\/?s={search_term_string}\"},\"query-input\":{\"@type\":\"PropertyValueSpecification\",\"valueRequired\":true,\"valueName\":\"search_term_string\"}}],\"inLanguage\":\"de\"},{\"@type\":\"Organization\",\"@id\":\"https:\\\/\\\/goethe-gymnasium.berlin\\\/#organization\",\"name\":\"Goethe-Gymnasium Berlin-Wilmersdorf\",\"url\":\"https:\\\/\\\/goethe-gymnasium.berlin\\\/\",\"logo\":{\"@type\":\"ImageObject\",\"inLanguage\":\"de\",\"@id\":\"https:\\\/\\\/goethe-gymnasium.berlin\\\/#\\\/schema\\\/logo\\\/image\\\/\",\"url\":\"https:\\\/\\\/goethe-gymnasium.berlin\\\/wp-content\\\/uploads\\\/2018\\\/04\\\/goethe-logo_hoch.png\",\"contentUrl\":\"https:\\\/\\\/goethe-gymnasium.berlin\\\/wp-content\\\/uploads\\\/2018\\\/04\\\/goethe-logo_hoch.png\",\"width\":755,\"height\":514,\"caption\":\"Goethe-Gymnasium Berlin-Wilmersdorf\"},\"image\":{\"@id\":\"https:\\\/\\\/goethe-gymnasium.berlin\\\/#\\\/schema\\\/logo\\\/image\\\/\"},\"sameAs\":[\"https:\\\/\\\/www.facebook.com\\\/pages\\\/Goethe-Gymnasium\\\/109376575754402\",\"https:\\\/\\\/www.youtube.com\\\/channel\\\/UCMKuMVF9h_YkS3zmEp7SnzQ\"]},{\"@type\":\"Person\",\"@id\":\"https:\\\/\\\/goethe-gymnasium.berlin\\\/#\\\/schema\\\/person\\\/657649ee416ae4c87decf9eca214731b\",\"name\":\"BWeber\",\"image\":{\"@type\":\"ImageObject\",\"inLanguage\":\"de\",\"@id\":\"https:\\\/\\\/secure.gravatar.com\\\/avatar\\\/02bebd62837a35b7591c929f78cee097518003bae0426a33e45c214fc8bd37fb?s=96&d=mm&r=g\",\"url\":\"https:\\\/\\\/secure.gravatar.com\\\/avatar\\\/02bebd62837a35b7591c929f78cee097518003bae0426a33e45c214fc8bd37fb?s=96&d=mm&r=g\",\"contentUrl\":\"https:\\\/\\\/secure.gravatar.com\\\/avatar\\\/02bebd62837a35b7591c929f78cee097518003bae0426a33e45c214fc8bd37fb?s=96&d=mm&r=g\",\"caption\":\"BWeber\"},\"url\":\"https:\\\/\\\/goethe-gymnasium.berlin\\\/index.php\\\/author\\\/bweber\\\/\"}]}<\/script>\n<!-- \/ Yoast SEO plugin. -->","yoast_head_json":{"title":"Sch\u00f6ne Erfolge bei \"Jugend musiziert\" - Goethe-Gymnasium Berlin-Wilmersdorf","description":"Goethe-Gymnasium Berlin-Wilmersdorf","robots":{"index":"index","follow":"follow","max-snippet":"max-snippet:-1","max-image-preview":"max-image-preview:large","max-video-preview":"max-video-preview:-1"},"canonical":"https:\/\/goethe-gymnasium.berlin\/index.php\/2020\/07\/15\/schoene-erfolge-bei-jugend-musiziert\/","og_locale":"de_DE","og_type":"article","og_title":"Sch\u00f6ne Erfolge bei \"Jugend musiziert\" - Goethe-Gymnasium Berlin-Wilmersdorf","og_description":"Goethe-Gymnasium Berlin-Wilmersdorf","og_url":"https:\/\/goethe-gymnasium.berlin\/index.php\/2020\/07\/15\/schoene-erfolge-bei-jugend-musiziert\/","og_site_name":"Goethe-Gymnasium Berlin-Wilmersdorf","article_publisher":"https:\/\/www.facebook.com\/pages\/Goethe-Gymnasium\/109376575754402","article_published_time":"2020-07-15T16:10:00+00:00","article_modified_time":"2024-02-28T11:48:33+00:00","og_image":[{"width":1655,"height":846,"url":"https:\/\/goethe-gymnasium.berlin\/wp-content\/uploads\/2020\/08\/jugend_musiziert_logo.jpg","type":"image\/jpeg"}],"author":"BWeber","twitter_card":"summary_large_image","twitter_misc":{"Verfasst von":"BWeber","Gesch\u00e4tzte Lesezeit":"2\u00a0Minuten"},"schema":{"@context":"https:\/\/schema.org","@graph":[{"@type":"Article","@id":"https:\/\/goethe-gymnasium.berlin\/index.php\/2020\/07\/15\/schoene-erfolge-bei-jugend-musiziert\/#article","isPartOf":{"@id":"https:\/\/goethe-gymnasium.berlin\/index.php\/2020\/07\/15\/schoene-erfolge-bei-jugend-musiziert\/"},"author":{"name":"BWeber","@id":"https:\/\/goethe-gymnasium.berlin\/#\/schema\/person\/657649ee416ae4c87decf9eca214731b"},"headline":"Sch\u00f6ne Erfolge bei &#8222;Jugend musiziert&#8220;","datePublished":"2020-07-15T16:10:00+00:00","dateModified":"2024-02-28T11:48:33+00:00","mainEntityOfPage":{"@id":"https:\/\/goethe-gymnasium.berlin\/index.php\/2020\/07\/15\/schoene-erfolge-bei-jugend-musiziert\/"},"wordCount":181,"publisher":{"@id":"https:\/\/goethe-gymnasium.berlin\/#organization"},"image":{"@id":"https:\/\/goethe-gymnasium.berlin\/index.php\/2020\/07\/15\/schoene-erfolge-bei-jugend-musiziert\/#primaryimage"},"thumbnailUrl":"https:\/\/goethe-gymnasium.berlin\/wp-content\/uploads\/2020\/08\/jugend_musiziert_logo.jpg","keywords":["Jugend musiziert","Wettbewerb","Wettbewerbe"],"articleSection":["Musik","Wettbewerbe"],"inLanguage":"de"},{"@type":"WebPage","@id":"https:\/\/goethe-gymnasium.berlin\/index.php\/2020\/07\/15\/schoene-erfolge-bei-jugend-musiziert\/","url":"https:\/\/goethe-gymnasium.berlin\/index.php\/2020\/07\/15\/schoene-erfolge-bei-jugend-musiziert\/","name":"Sch\u00f6ne Erfolge bei \"Jugend musiziert\" - Goethe-Gymnasium Berlin-Wilmersdorf","isPartOf":{"@id":"https:\/\/goethe-gymnasium.berlin\/#website"},"primaryImageOfPage":{"@id":"https:\/\/goethe-gymnasium.berlin\/index.php\/2020\/07\/15\/schoene-erfolge-bei-jugend-musiziert\/#primaryimage"},"image":{"@id":"https:\/\/goethe-gymnasium.berlin\/index.php\/2020\/07\/15\/schoene-erfolge-bei-jugend-musiziert\/#primaryimage"},"thumbnailUrl":"https:\/\/goethe-gymnasium.berlin\/wp-content\/uploads\/2020\/08\/jugend_musiziert_logo.jpg","datePublished":"2020-07-15T16:10:00+00:00","dateModified":"2024-02-28T11:48:33+00:00","description":"Goethe-Gymnasium Berlin-Wilmersdorf","breadcrumb":{"@id":"https:\/\/goethe-gymnasium.berlin\/index.php\/2020\/07\/15\/schoene-erfolge-bei-jugend-musiziert\/#breadcrumb"},"inLanguage":"de","potentialAction":[{"@type":"ReadAction","target":["https:\/\/goethe-gymnasium.berlin\/index.php\/2020\/07\/15\/schoene-erfolge-bei-jugend-musiziert\/"]}]},{"@type":"ImageObject","inLanguage":"de","@id":"https:\/\/goethe-gymnasium.berlin\/index.php\/2020\/07\/15\/schoene-erfolge-bei-jugend-musiziert\/#primaryimage","url":"https:\/\/goethe-gymnasium.berlin\/wp-content\/uploads\/2020\/08\/jugend_musiziert_logo.jpg","contentUrl":"https:\/\/goethe-gymnasium.berlin\/wp-content\/uploads\/2020\/08\/jugend_musiziert_logo.jpg","width":1655,"height":846},{"@type":"BreadcrumbList","@id":"https:\/\/goethe-gymnasium.berlin\/index.php\/2020\/07\/15\/schoene-erfolge-bei-jugend-musiziert\/#breadcrumb","itemListElement":[{"@type":"ListItem","position":1,"name":"Startseite","item":"https:\/\/goethe-gymnasium.berlin\/"},{"@type":"ListItem","position":2,"name":"Sch\u00f6ne Erfolge bei &#8222;Jugend musiziert&#8220;"}]},{"@type":"WebSite","@id":"https:\/\/goethe-gymnasium.berlin\/#website","url":"https:\/\/goethe-gymnasium.berlin\/","name":"Goethe-Gymnasium Berlin-Wilmersdorf","description":"","publisher":{"@id":"https:\/\/goethe-gymnasium.berlin\/#organization"},"potentialAction":[{"@type":"SearchAction","target":{"@type":"EntryPoint","urlTemplate":"https:\/\/goethe-gymnasium.berlin\/?s={search_term_string}"},"query-input":{"@type":"PropertyValueSpecification","valueRequired":true,"valueName":"search_term_string"}}],"inLanguage":"de"},{"@type":"Organization","@id":"https:\/\/goethe-gymnasium.berlin\/#organization","name":"Goethe-Gymnasium Berlin-Wilmersdorf","url":"https:\/\/goethe-gymnasium.berlin\/","logo":{"@type":"ImageObject","inLanguage":"de","@id":"https:\/\/goethe-gymnasium.berlin\/#\/schema\/logo\/image\/","url":"https:\/\/goethe-gymnasium.berlin\/wp-content\/uploads\/2018\/04\/goethe-logo_hoch.png","contentUrl":"https:\/\/goethe-gymnasium.berlin\/wp-content\/uploads\/2018\/04\/goethe-logo_hoch.png","width":755,"height":514,"caption":"Goethe-Gymnasium Berlin-Wilmersdorf"},"image":{"@id":"https:\/\/goethe-gymnasium.berlin\/#\/schema\/logo\/image\/"},"sameAs":["https:\/\/www.facebook.com\/pages\/Goethe-Gymnasium\/109376575754402","https:\/\/www.youtube.com\/channel\/UCMKuMVF9h_YkS3zmEp7SnzQ"]},{"@type":"Person","@id":"https:\/\/goethe-gymnasium.berlin\/#\/schema\/person\/657649ee416ae4c87decf9eca214731b","name":"BWeber","image":{"@type":"ImageObject","inLanguage":"de","@id":"https:\/\/secure.gravatar.com\/avatar\/02bebd62837a35b7591c929f78cee097518003bae0426a33e45c214fc8bd37fb?s=96&d=mm&r=g","url":"https:\/\/secure.gravatar.com\/avatar\/02bebd62837a35b7591c929f78cee097518003bae0426a33e45c214fc8bd37fb?s=96&d=mm&r=g","contentUrl":"https:\/\/secure.gravatar.com\/avatar\/02bebd62837a35b7591c929f78cee097518003bae0426a33e45c214fc8bd37fb?s=96&d=mm&r=g","caption":"BWeber"},"url":"https:\/\/goethe-gymnasium.berlin\/index.php\/author\/bweber\/"}]}},"_links":{"self":[{"href":"https:\/\/goethe-gymnasium.berlin\/index.php\/wp-json\/wp\/v2\/posts\/6255","targetHints":{"allow":["GET"]}}],"collection":[{"href":"https:\/\/goethe-gymnasium.berlin\/index.php\/wp-json\/wp\/v2\/posts"}],"about":[{"href":"https:\/\/goethe-gymnasium.berlin\/index.php\/wp-json\/wp\/v2\/types\/post"}],"author":[{"embeddable":true,"href":"https:\/\/goethe-gymnasium.berlin\/index.php\/wp-json\/wp\/v2\/users\/4"}],"replies":[{"embeddable":true,"href":"https:\/\/goethe-gymnasium.berlin\/index.php\/wp-json\/wp\/v2\/comments?post=6255"}],"version-history":[{"count":2,"href":"https:\/\/goethe-gymnasium.berlin\/index.php\/wp-json\/wp\/v2\/posts\/6255\/revisions"}],"predecessor-version":[{"id":11632,"href":"https:\/\/goethe-gymnasium.berlin\/index.php\/wp-json\/wp\/v2\/posts\/6255\/revisions\/11632"}],"wp:featuredmedia":[{"embeddable":true,"href":"https:\/\/goethe-gymnasium.berlin\/index.php\/wp-json\/wp\/v2\/media\/6258"}],"wp:attachment":[{"href":"https:\/\/goethe-gymnasium.berlin\/index.php\/wp-json\/wp\/v2\/media?parent=6255"}],"wp:term":[{"taxonomy":"category","embeddable":true,"href":"https:\/\/goethe-gymnasium.berlin\/index.php\/wp-json\/wp\/v2\/categories?post=6255"},{"taxonomy":"post_tag","embeddable":true,"href":"https:\/\/goethe-gymnasium.berlin\/index.php\/wp-json\/wp\/v2\/tags?post=6255"}],"curies":[{"name":"wp","href":"https:\/\/api.w.org\/{rel}","templated":true}]}}