{"id":6013,"date":"2020-06-12T19:37:00","date_gmt":"2020-06-12T17:37:00","guid":{"rendered":"http:\/\/goethe-gymnasium.berlin\/?p=6013"},"modified":"2020-07-25T20:56:50","modified_gmt":"2020-07-25T18:56:50","slug":"licht-im-kasten","status":"publish","type":"post","link":"https:\/\/goethe-gymnasium.berlin\/index.php\/2020\/06\/12\/licht-im-kasten\/","title":{"rendered":"Licht im Kasten"},"content":{"rendered":"\n<p>Aufgrund der Corona-Beschr\u00e4nkungen konnte dieses Jahr im Juni leider keine Auff\u00fchrung des Grundkurses Darstellendes Spiel stattfinden. Wir mussten andere Wege finden, unserer Arbeit eine k\u00fcnstlerische Form zu geben. <\/p>\n\n\n\n<p>So entstand ein Zusammenschnitt filmischer Aufzeichnungen der Sch\u00fcler, welcher zum einen die choreografischen Abl\u00e4ufe der ersten geplanten Szene aufgreift, zum anderen Ausz\u00fcge einiger Texte wiedergibt, die <a href=\"https:\/\/de.wikipedia.org\/wiki\/Elfriede_Jelinek\" target=\"_blank\" aria-label=\"undefined (opens in a new tab)\" rel=\"noreferrer noopener\">Elfriede Jelinek<\/a> und anderen Quellen zugrundeliegen.<\/p>\n\n\n\n<figure class=\"wp-block-embed-vimeo wp-block-embed is-type-video is-provider-vimeo wp-embed-aspect-16-9 wp-has-aspect-ratio\"><div class=\"wp-block-embed__wrapper\">\n<iframe loading=\"lazy\" hcb-fetch-image-from=\"https:\/\/vimeo.com\/430822745\" title=\"DS Licht im Kasten Best of 2version\" src=\"https:\/\/player.vimeo.com\/video\/430822745?dnt=1&amp;app_id=122963\" width=\"640\" height=\"360\" frameborder=\"0\" allow=\"autoplay; fullscreen\" allowfullscreen><\/iframe>\n<\/div><\/figure>\n\n\n\n<p>Jelineks Text besch\u00e4ftigt sich mit der Beziehung zwischen Mensch und Mode. Was ist \u2013 angesichts der Missbildung von Kommerz und Konsum \u2013 \u00fcberhaupt der Mensch in seiner (vermeintlichen) Einmaligkeit? <\/p>\n\n\n\n<p>Das sprachlich dichte Material handelt vom Fashion-Irrsinn, der Kaufsucht und von den Produktionsbedingungen der Textilindustrie in der Dritten Welt. Im Zusammenschnitt ist ein Arbeitsergebnis des letzten Semesters zu sehen, im folgenden Semster werden wir das Erarbeitete aufgreifen und es ist geplant, das St\u00fcck im n\u00e4chsten Fr\u00fchjahr auf die B\u00fchne zu bringen.<\/p>\n\n\n\n<p class=\"has-text-align-right\"><em>Text und Video: Frau Daxenberger (Schuljahr 2019\/20)<\/em><\/p>\n","protected":false},"excerpt":{"rendered":"<p>Aufgrund der Corona-Beschr\u00e4nkungen konnte dieses Jahr im Juni leider keine Auff\u00fchrung des Grundkurses Darstellendes Spiel stattfinden. Wir mussten andere Wege finden, unserer Arbeit eine k\u00fcnstlerische Form zu geben. <a class=\"more-link\" href=\"https:\/\/goethe-gymnasium.berlin\/index.php\/2020\/06\/12\/licht-im-kasten\/\">Weiterlesen &#8230;<\/a><\/p>\n","protected":false},"author":4,"featured_media":6015,"comment_status":"closed","ping_status":"closed","sticky":false,"template":"","format":"standard","meta":{"footnotes":""},"categories":[125,12],"tags":[126,108,186],"class_list":["post-6013","post","type-post","status-publish","format-standard","has-post-thumbnail","hentry","category-darstellendes-spiel","category-veranstaltungen","tag-auffuehrungen","tag-theater","tag-theaterauffuehrung"],"yoast_head":"<!-- This site is optimized with the Yoast SEO plugin v27.4 - https:\/\/yoast.com\/product\/yoast-seo-wordpress\/ -->\n<title>Licht im Kasten - Goethe-Gymnasium Berlin-Wilmersdorf<\/title>\n<meta name=\"description\" content=\"Goethe-Gymnasium Berlin-Wilmersdorf\" \/>\n<meta name=\"robots\" content=\"index, follow, max-snippet:-1, max-image-preview:large, max-video-preview:-1\" \/>\n<link rel=\"canonical\" href=\"https:\/\/goethe-gymnasium.berlin\/index.php\/2020\/06\/12\/licht-im-kasten\/\" \/>\n<meta property=\"og:locale\" content=\"de_DE\" \/>\n<meta property=\"og:type\" content=\"article\" \/>\n<meta property=\"og:title\" content=\"Licht im Kasten - Goethe-Gymnasium Berlin-Wilmersdorf\" \/>\n<meta property=\"og:description\" content=\"Goethe-Gymnasium Berlin-Wilmersdorf\" \/>\n<meta property=\"og:url\" content=\"https:\/\/goethe-gymnasium.berlin\/index.php\/2020\/06\/12\/licht-im-kasten\/\" \/>\n<meta property=\"og:site_name\" content=\"Goethe-Gymnasium Berlin-Wilmersdorf\" \/>\n<meta property=\"article:publisher\" content=\"https:\/\/www.facebook.com\/pages\/Goethe-Gymnasium\/109376575754402\" \/>\n<meta property=\"article:published_time\" content=\"2020-06-12T17:37:00+00:00\" \/>\n<meta property=\"article:modified_time\" content=\"2020-07-25T18:56:50+00:00\" \/>\n<meta property=\"og:image\" content=\"https:\/\/goethe-gymnasium.berlin\/wp-content\/uploads\/2020\/07\/theatermaske.jpg\" \/>\n\t<meta property=\"og:image:width\" content=\"626\" \/>\n\t<meta property=\"og:image:height\" content=\"626\" \/>\n\t<meta property=\"og:image:type\" content=\"image\/jpeg\" \/>\n<meta name=\"author\" content=\"BWeber\" \/>\n<meta name=\"twitter:card\" content=\"summary_large_image\" \/>\n<meta name=\"twitter:label1\" content=\"Verfasst von\" \/>\n\t<meta name=\"twitter:data1\" content=\"BWeber\" \/>\n\t<meta name=\"twitter:label2\" content=\"Gesch\u00e4tzte Lesezeit\" \/>\n\t<meta name=\"twitter:data2\" content=\"1\u00a0Minute\" \/>\n<script type=\"application\/ld+json\" class=\"yoast-schema-graph\">{\"@context\":\"https:\\\/\\\/schema.org\",\"@graph\":[{\"@type\":\"Article\",\"@id\":\"https:\\\/\\\/goethe-gymnasium.berlin\\\/index.php\\\/2020\\\/06\\\/12\\\/licht-im-kasten\\\/#article\",\"isPartOf\":{\"@id\":\"https:\\\/\\\/goethe-gymnasium.berlin\\\/index.php\\\/2020\\\/06\\\/12\\\/licht-im-kasten\\\/\"},\"author\":{\"name\":\"BWeber\",\"@id\":\"https:\\\/\\\/goethe-gymnasium.berlin\\\/#\\\/schema\\\/person\\\/657649ee416ae4c87decf9eca214731b\"},\"headline\":\"Licht im Kasten\",\"datePublished\":\"2020-06-12T17:37:00+00:00\",\"dateModified\":\"2020-07-25T18:56:50+00:00\",\"mainEntityOfPage\":{\"@id\":\"https:\\\/\\\/goethe-gymnasium.berlin\\\/index.php\\\/2020\\\/06\\\/12\\\/licht-im-kasten\\\/\"},\"wordCount\":161,\"publisher\":{\"@id\":\"https:\\\/\\\/goethe-gymnasium.berlin\\\/#organization\"},\"image\":{\"@id\":\"https:\\\/\\\/goethe-gymnasium.berlin\\\/index.php\\\/2020\\\/06\\\/12\\\/licht-im-kasten\\\/#primaryimage\"},\"thumbnailUrl\":\"https:\\\/\\\/goethe-gymnasium.berlin\\\/wp-content\\\/uploads\\\/2020\\\/07\\\/theatermaske.jpg\",\"keywords\":[\"Auff\u00fchrungen\",\"Theater\",\"Theaterauff\u00fchrung\"],\"articleSection\":[\"Darstellendes Spiel\",\"Veranstaltungen\"],\"inLanguage\":\"de\"},{\"@type\":\"WebPage\",\"@id\":\"https:\\\/\\\/goethe-gymnasium.berlin\\\/index.php\\\/2020\\\/06\\\/12\\\/licht-im-kasten\\\/\",\"url\":\"https:\\\/\\\/goethe-gymnasium.berlin\\\/index.php\\\/2020\\\/06\\\/12\\\/licht-im-kasten\\\/\",\"name\":\"Licht im Kasten - Goethe-Gymnasium Berlin-Wilmersdorf\",\"isPartOf\":{\"@id\":\"https:\\\/\\\/goethe-gymnasium.berlin\\\/#website\"},\"primaryImageOfPage\":{\"@id\":\"https:\\\/\\\/goethe-gymnasium.berlin\\\/index.php\\\/2020\\\/06\\\/12\\\/licht-im-kasten\\\/#primaryimage\"},\"image\":{\"@id\":\"https:\\\/\\\/goethe-gymnasium.berlin\\\/index.php\\\/2020\\\/06\\\/12\\\/licht-im-kasten\\\/#primaryimage\"},\"thumbnailUrl\":\"https:\\\/\\\/goethe-gymnasium.berlin\\\/wp-content\\\/uploads\\\/2020\\\/07\\\/theatermaske.jpg\",\"datePublished\":\"2020-06-12T17:37:00+00:00\",\"dateModified\":\"2020-07-25T18:56:50+00:00\",\"description\":\"Goethe-Gymnasium Berlin-Wilmersdorf\",\"breadcrumb\":{\"@id\":\"https:\\\/\\\/goethe-gymnasium.berlin\\\/index.php\\\/2020\\\/06\\\/12\\\/licht-im-kasten\\\/#breadcrumb\"},\"inLanguage\":\"de\",\"potentialAction\":[{\"@type\":\"ReadAction\",\"target\":[\"https:\\\/\\\/goethe-gymnasium.berlin\\\/index.php\\\/2020\\\/06\\\/12\\\/licht-im-kasten\\\/\"]}]},{\"@type\":\"ImageObject\",\"inLanguage\":\"de\",\"@id\":\"https:\\\/\\\/goethe-gymnasium.berlin\\\/index.php\\\/2020\\\/06\\\/12\\\/licht-im-kasten\\\/#primaryimage\",\"url\":\"https:\\\/\\\/goethe-gymnasium.berlin\\\/wp-content\\\/uploads\\\/2020\\\/07\\\/theatermaske.jpg\",\"contentUrl\":\"https:\\\/\\\/goethe-gymnasium.berlin\\\/wp-content\\\/uploads\\\/2020\\\/07\\\/theatermaske.jpg\",\"width\":626,\"height\":626},{\"@type\":\"BreadcrumbList\",\"@id\":\"https:\\\/\\\/goethe-gymnasium.berlin\\\/index.php\\\/2020\\\/06\\\/12\\\/licht-im-kasten\\\/#breadcrumb\",\"itemListElement\":[{\"@type\":\"ListItem\",\"position\":1,\"name\":\"Startseite\",\"item\":\"https:\\\/\\\/goethe-gymnasium.berlin\\\/\"},{\"@type\":\"ListItem\",\"position\":2,\"name\":\"Licht im Kasten\"}]},{\"@type\":\"WebSite\",\"@id\":\"https:\\\/\\\/goethe-gymnasium.berlin\\\/#website\",\"url\":\"https:\\\/\\\/goethe-gymnasium.berlin\\\/\",\"name\":\"Goethe-Gymnasium Berlin-Wilmersdorf\",\"description\":\"\",\"publisher\":{\"@id\":\"https:\\\/\\\/goethe-gymnasium.berlin\\\/#organization\"},\"potentialAction\":[{\"@type\":\"SearchAction\",\"target\":{\"@type\":\"EntryPoint\",\"urlTemplate\":\"https:\\\/\\\/goethe-gymnasium.berlin\\\/?s={search_term_string}\"},\"query-input\":{\"@type\":\"PropertyValueSpecification\",\"valueRequired\":true,\"valueName\":\"search_term_string\"}}],\"inLanguage\":\"de\"},{\"@type\":\"Organization\",\"@id\":\"https:\\\/\\\/goethe-gymnasium.berlin\\\/#organization\",\"name\":\"Goethe-Gymnasium Berlin-Wilmersdorf\",\"url\":\"https:\\\/\\\/goethe-gymnasium.berlin\\\/\",\"logo\":{\"@type\":\"ImageObject\",\"inLanguage\":\"de\",\"@id\":\"https:\\\/\\\/goethe-gymnasium.berlin\\\/#\\\/schema\\\/logo\\\/image\\\/\",\"url\":\"https:\\\/\\\/goethe-gymnasium.berlin\\\/wp-content\\\/uploads\\\/2018\\\/04\\\/goethe-logo_hoch.png\",\"contentUrl\":\"https:\\\/\\\/goethe-gymnasium.berlin\\\/wp-content\\\/uploads\\\/2018\\\/04\\\/goethe-logo_hoch.png\",\"width\":755,\"height\":514,\"caption\":\"Goethe-Gymnasium Berlin-Wilmersdorf\"},\"image\":{\"@id\":\"https:\\\/\\\/goethe-gymnasium.berlin\\\/#\\\/schema\\\/logo\\\/image\\\/\"},\"sameAs\":[\"https:\\\/\\\/www.facebook.com\\\/pages\\\/Goethe-Gymnasium\\\/109376575754402\",\"https:\\\/\\\/www.youtube.com\\\/channel\\\/UCMKuMVF9h_YkS3zmEp7SnzQ\"]},{\"@type\":\"Person\",\"@id\":\"https:\\\/\\\/goethe-gymnasium.berlin\\\/#\\\/schema\\\/person\\\/657649ee416ae4c87decf9eca214731b\",\"name\":\"BWeber\",\"image\":{\"@type\":\"ImageObject\",\"inLanguage\":\"de\",\"@id\":\"https:\\\/\\\/secure.gravatar.com\\\/avatar\\\/02bebd62837a35b7591c929f78cee097518003bae0426a33e45c214fc8bd37fb?s=96&d=mm&r=g\",\"url\":\"https:\\\/\\\/secure.gravatar.com\\\/avatar\\\/02bebd62837a35b7591c929f78cee097518003bae0426a33e45c214fc8bd37fb?s=96&d=mm&r=g\",\"contentUrl\":\"https:\\\/\\\/secure.gravatar.com\\\/avatar\\\/02bebd62837a35b7591c929f78cee097518003bae0426a33e45c214fc8bd37fb?s=96&d=mm&r=g\",\"caption\":\"BWeber\"},\"url\":\"https:\\\/\\\/goethe-gymnasium.berlin\\\/index.php\\\/author\\\/bweber\\\/\"}]}<\/script>\n<!-- \/ Yoast SEO plugin. -->","yoast_head_json":{"title":"Licht im Kasten - Goethe-Gymnasium Berlin-Wilmersdorf","description":"Goethe-Gymnasium Berlin-Wilmersdorf","robots":{"index":"index","follow":"follow","max-snippet":"max-snippet:-1","max-image-preview":"max-image-preview:large","max-video-preview":"max-video-preview:-1"},"canonical":"https:\/\/goethe-gymnasium.berlin\/index.php\/2020\/06\/12\/licht-im-kasten\/","og_locale":"de_DE","og_type":"article","og_title":"Licht im Kasten - Goethe-Gymnasium Berlin-Wilmersdorf","og_description":"Goethe-Gymnasium Berlin-Wilmersdorf","og_url":"https:\/\/goethe-gymnasium.berlin\/index.php\/2020\/06\/12\/licht-im-kasten\/","og_site_name":"Goethe-Gymnasium Berlin-Wilmersdorf","article_publisher":"https:\/\/www.facebook.com\/pages\/Goethe-Gymnasium\/109376575754402","article_published_time":"2020-06-12T17:37:00+00:00","article_modified_time":"2020-07-25T18:56:50+00:00","og_image":[{"width":626,"height":626,"url":"https:\/\/goethe-gymnasium.berlin\/wp-content\/uploads\/2020\/07\/theatermaske.jpg","type":"image\/jpeg"}],"author":"BWeber","twitter_card":"summary_large_image","twitter_misc":{"Verfasst von":"BWeber","Gesch\u00e4tzte Lesezeit":"1\u00a0Minute"},"schema":{"@context":"https:\/\/schema.org","@graph":[{"@type":"Article","@id":"https:\/\/goethe-gymnasium.berlin\/index.php\/2020\/06\/12\/licht-im-kasten\/#article","isPartOf":{"@id":"https:\/\/goethe-gymnasium.berlin\/index.php\/2020\/06\/12\/licht-im-kasten\/"},"author":{"name":"BWeber","@id":"https:\/\/goethe-gymnasium.berlin\/#\/schema\/person\/657649ee416ae4c87decf9eca214731b"},"headline":"Licht im Kasten","datePublished":"2020-06-12T17:37:00+00:00","dateModified":"2020-07-25T18:56:50+00:00","mainEntityOfPage":{"@id":"https:\/\/goethe-gymnasium.berlin\/index.php\/2020\/06\/12\/licht-im-kasten\/"},"wordCount":161,"publisher":{"@id":"https:\/\/goethe-gymnasium.berlin\/#organization"},"image":{"@id":"https:\/\/goethe-gymnasium.berlin\/index.php\/2020\/06\/12\/licht-im-kasten\/#primaryimage"},"thumbnailUrl":"https:\/\/goethe-gymnasium.berlin\/wp-content\/uploads\/2020\/07\/theatermaske.jpg","keywords":["Auff\u00fchrungen","Theater","Theaterauff\u00fchrung"],"articleSection":["Darstellendes Spiel","Veranstaltungen"],"inLanguage":"de"},{"@type":"WebPage","@id":"https:\/\/goethe-gymnasium.berlin\/index.php\/2020\/06\/12\/licht-im-kasten\/","url":"https:\/\/goethe-gymnasium.berlin\/index.php\/2020\/06\/12\/licht-im-kasten\/","name":"Licht im Kasten - Goethe-Gymnasium Berlin-Wilmersdorf","isPartOf":{"@id":"https:\/\/goethe-gymnasium.berlin\/#website"},"primaryImageOfPage":{"@id":"https:\/\/goethe-gymnasium.berlin\/index.php\/2020\/06\/12\/licht-im-kasten\/#primaryimage"},"image":{"@id":"https:\/\/goethe-gymnasium.berlin\/index.php\/2020\/06\/12\/licht-im-kasten\/#primaryimage"},"thumbnailUrl":"https:\/\/goethe-gymnasium.berlin\/wp-content\/uploads\/2020\/07\/theatermaske.jpg","datePublished":"2020-06-12T17:37:00+00:00","dateModified":"2020-07-25T18:56:50+00:00","description":"Goethe-Gymnasium Berlin-Wilmersdorf","breadcrumb":{"@id":"https:\/\/goethe-gymnasium.berlin\/index.php\/2020\/06\/12\/licht-im-kasten\/#breadcrumb"},"inLanguage":"de","potentialAction":[{"@type":"ReadAction","target":["https:\/\/goethe-gymnasium.berlin\/index.php\/2020\/06\/12\/licht-im-kasten\/"]}]},{"@type":"ImageObject","inLanguage":"de","@id":"https:\/\/goethe-gymnasium.berlin\/index.php\/2020\/06\/12\/licht-im-kasten\/#primaryimage","url":"https:\/\/goethe-gymnasium.berlin\/wp-content\/uploads\/2020\/07\/theatermaske.jpg","contentUrl":"https:\/\/goethe-gymnasium.berlin\/wp-content\/uploads\/2020\/07\/theatermaske.jpg","width":626,"height":626},{"@type":"BreadcrumbList","@id":"https:\/\/goethe-gymnasium.berlin\/index.php\/2020\/06\/12\/licht-im-kasten\/#breadcrumb","itemListElement":[{"@type":"ListItem","position":1,"name":"Startseite","item":"https:\/\/goethe-gymnasium.berlin\/"},{"@type":"ListItem","position":2,"name":"Licht im Kasten"}]},{"@type":"WebSite","@id":"https:\/\/goethe-gymnasium.berlin\/#website","url":"https:\/\/goethe-gymnasium.berlin\/","name":"Goethe-Gymnasium Berlin-Wilmersdorf","description":"","publisher":{"@id":"https:\/\/goethe-gymnasium.berlin\/#organization"},"potentialAction":[{"@type":"SearchAction","target":{"@type":"EntryPoint","urlTemplate":"https:\/\/goethe-gymnasium.berlin\/?s={search_term_string}"},"query-input":{"@type":"PropertyValueSpecification","valueRequired":true,"valueName":"search_term_string"}}],"inLanguage":"de"},{"@type":"Organization","@id":"https:\/\/goethe-gymnasium.berlin\/#organization","name":"Goethe-Gymnasium Berlin-Wilmersdorf","url":"https:\/\/goethe-gymnasium.berlin\/","logo":{"@type":"ImageObject","inLanguage":"de","@id":"https:\/\/goethe-gymnasium.berlin\/#\/schema\/logo\/image\/","url":"https:\/\/goethe-gymnasium.berlin\/wp-content\/uploads\/2018\/04\/goethe-logo_hoch.png","contentUrl":"https:\/\/goethe-gymnasium.berlin\/wp-content\/uploads\/2018\/04\/goethe-logo_hoch.png","width":755,"height":514,"caption":"Goethe-Gymnasium Berlin-Wilmersdorf"},"image":{"@id":"https:\/\/goethe-gymnasium.berlin\/#\/schema\/logo\/image\/"},"sameAs":["https:\/\/www.facebook.com\/pages\/Goethe-Gymnasium\/109376575754402","https:\/\/www.youtube.com\/channel\/UCMKuMVF9h_YkS3zmEp7SnzQ"]},{"@type":"Person","@id":"https:\/\/goethe-gymnasium.berlin\/#\/schema\/person\/657649ee416ae4c87decf9eca214731b","name":"BWeber","image":{"@type":"ImageObject","inLanguage":"de","@id":"https:\/\/secure.gravatar.com\/avatar\/02bebd62837a35b7591c929f78cee097518003bae0426a33e45c214fc8bd37fb?s=96&d=mm&r=g","url":"https:\/\/secure.gravatar.com\/avatar\/02bebd62837a35b7591c929f78cee097518003bae0426a33e45c214fc8bd37fb?s=96&d=mm&r=g","contentUrl":"https:\/\/secure.gravatar.com\/avatar\/02bebd62837a35b7591c929f78cee097518003bae0426a33e45c214fc8bd37fb?s=96&d=mm&r=g","caption":"BWeber"},"url":"https:\/\/goethe-gymnasium.berlin\/index.php\/author\/bweber\/"}]}},"_links":{"self":[{"href":"https:\/\/goethe-gymnasium.berlin\/index.php\/wp-json\/wp\/v2\/posts\/6013","targetHints":{"allow":["GET"]}}],"collection":[{"href":"https:\/\/goethe-gymnasium.berlin\/index.php\/wp-json\/wp\/v2\/posts"}],"about":[{"href":"https:\/\/goethe-gymnasium.berlin\/index.php\/wp-json\/wp\/v2\/types\/post"}],"author":[{"embeddable":true,"href":"https:\/\/goethe-gymnasium.berlin\/index.php\/wp-json\/wp\/v2\/users\/4"}],"replies":[{"embeddable":true,"href":"https:\/\/goethe-gymnasium.berlin\/index.php\/wp-json\/wp\/v2\/comments?post=6013"}],"version-history":[{"count":1,"href":"https:\/\/goethe-gymnasium.berlin\/index.php\/wp-json\/wp\/v2\/posts\/6013\/revisions"}],"predecessor-version":[{"id":6016,"href":"https:\/\/goethe-gymnasium.berlin\/index.php\/wp-json\/wp\/v2\/posts\/6013\/revisions\/6016"}],"wp:featuredmedia":[{"embeddable":true,"href":"https:\/\/goethe-gymnasium.berlin\/index.php\/wp-json\/wp\/v2\/media\/6015"}],"wp:attachment":[{"href":"https:\/\/goethe-gymnasium.berlin\/index.php\/wp-json\/wp\/v2\/media?parent=6013"}],"wp:term":[{"taxonomy":"category","embeddable":true,"href":"https:\/\/goethe-gymnasium.berlin\/index.php\/wp-json\/wp\/v2\/categories?post=6013"},{"taxonomy":"post_tag","embeddable":true,"href":"https:\/\/goethe-gymnasium.berlin\/index.php\/wp-json\/wp\/v2\/tags?post=6013"}],"curies":[{"name":"wp","href":"https:\/\/api.w.org\/{rel}","templated":true}]}}