{"id":5630,"date":"2020-05-02T11:21:00","date_gmt":"2020-05-02T09:21:00","guid":{"rendered":"http:\/\/goethe-gymnasium.berlin\/?p=5630"},"modified":"2020-06-20T12:49:51","modified_gmt":"2020-06-20T10:49:51","slug":"das-war-der-hirbel","status":"publish","type":"post","link":"https:\/\/goethe-gymnasium.berlin\/index.php\/2020\/05\/02\/das-war-der-hirbel\/","title":{"rendered":"Das war der Hirbel"},"content":{"rendered":"\n<p><em>Im Rahmen des Fern-Deutschunterrichts der 5a haben sich die Sch\u00fcler*innen den Jugendroman &#8222;Das war der Hirbel&#8220; eigenst\u00e4ndig erarbeitet. Neben sch\u00f6nen Zeichnungen, die den Hirbel der Vorstellungskraft nach &#8222;lebendig&#8220; werden lassen, wurden auch Buchrezensionen verfasst. Pontus (5a) berichtet besonders eindr\u00fccklich von seinem Leseerlebnis.<\/em><\/p>\n\n\n\n<p class=\"has-text-align-center\"><strong>Das war der Hirbel &#8211; eine Sch\u00fclerrezension<\/strong><\/p>\n\n\n\n<p><em>Das war der Hirbel<\/em> wurde von Peter H\u00e4rtling (1933-2017) geschrieben. Peter H\u00e4rtling war ein ber\u00fchmter Schriftsteller. <em>Das war der Hirbel<\/em> ist 1973 im Beltz &amp; Gelberg-Verlag erschienen. Es hat 68 Seiten sowie ein Nachwort, Informationen \u00fcber den Autor und B\u00fccherempfehlungen. Es war 1974 auf der Auswahlliste f\u00fcr den Deutschen Jugendbuchpreis. Es ist ein Klassiker und au\u00dferdem Schullekt\u00fcre.<\/p>\n\n\n\n<div class=\"wp-block-image is-style-rounded\"><figure class=\"alignleft is-resized\"><a href=\"http:\/\/goethe-gymnasium.berlin\/wp-content\/uploads\/2020\/05\/hirbel_nick_5a_zeichnung.jpg\" target=\"_blank\" rel=\"noopener noreferrer\"><img loading=\"lazy\" decoding=\"async\" src=\"http:\/\/goethe-gymnasium.berlin\/wp-content\/uploads\/2020\/05\/hirbel_nick_5a_zeichnung.jpg\" alt=\"\" class=\"wp-image-5643\" width=\"227\" height=\"303\" srcset=\"https:\/\/goethe-gymnasium.berlin\/wp-content\/uploads\/2020\/05\/hirbel_nick_5a_zeichnung.jpg 684w, https:\/\/goethe-gymnasium.berlin\/wp-content\/uploads\/2020\/05\/hirbel_nick_5a_zeichnung-225x300.jpg 225w\" sizes=\"auto, (max-width: 227px) 100vw, 227px\" \/><\/a><figcaption><em>Der Hirbel von Nick<\/em><\/figcaption><\/figure><\/div>\n\n\n\n<p class=\"has-text-align-left\">Die Hauptperson des Buches ist Hirbel, der eigentlich Karlotto hei\u00dft, ein neunj\u00e4hriger Junge, der so gro\u00df wie ein Sechsj\u00e4hriger ist, einen \u00fcbergro\u00dfen Kopf hat, der nicht schreiben, lesen und ordentlich sprechen kann, da bei seiner Geburt etwas schieflief. Er hat immer wieder starke Kopf- und Bauchschmerzen. Hirbel ist in einem Durchgangsheim am Stadtrand und niemand k\u00fcmmert sich richtig um ihn. Seine Mutter will ihn nicht haben, seinen Vater hat er nie gesehen und Pflegefamilien hielten ihn auch nicht lange aus. Fast alle Menschen sagen, der Hirbel sei dumm und k\u00f6nne nichts (lernen), dabei stimmt das gar nicht. \u201aOrdentlich lernen\u2018 kann der Hirbel nicht, weil er keine Geduld hat, und die Menschen verstehen ihn nicht.<\/p>\n\n\n\n<div class=\"wp-block-image is-style-rounded\"><figure class=\"alignright size-large is-resized\"><a href=\"http:\/\/goethe-gymnasium.berlin\/wp-content\/uploads\/2020\/05\/hirbel_florentine-5a_zeichnung-e1588409105932.jpg\" target=\"_blank\" rel=\"noopener noreferrer\"><img loading=\"lazy\" decoding=\"async\" src=\"http:\/\/goethe-gymnasium.berlin\/wp-content\/uploads\/2020\/05\/hirbel_florentine-5a_zeichnung-e1588409105932-747x1024.jpg\" alt=\"\" class=\"wp-image-5631\" width=\"240\" height=\"329\" srcset=\"https:\/\/goethe-gymnasium.berlin\/wp-content\/uploads\/2020\/05\/hirbel_florentine-5a_zeichnung-e1588409105932-747x1024.jpg 747w, https:\/\/goethe-gymnasium.berlin\/wp-content\/uploads\/2020\/05\/hirbel_florentine-5a_zeichnung-e1588409105932-219x300.jpg 219w, https:\/\/goethe-gymnasium.berlin\/wp-content\/uploads\/2020\/05\/hirbel_florentine-5a_zeichnung-e1588409105932-768x1053.jpg 768w, https:\/\/goethe-gymnasium.berlin\/wp-content\/uploads\/2020\/05\/hirbel_florentine-5a_zeichnung-e1588409105932-1121x1536.jpg 1121w, https:\/\/goethe-gymnasium.berlin\/wp-content\/uploads\/2020\/05\/hirbel_florentine-5a_zeichnung-e1588409105932.jpg 1471w\" sizes=\"auto, (max-width: 240px) 100vw, 240px\" \/><\/a><figcaption><em>So stellt sich Florentine den Hirbel vor<\/em><\/figcaption><\/figure><\/div>\n\n\n\n<p>In dem Buch geht es auch um das Heim selbst, um Frau Maier, die einzige, die richtig versucht, den Hirbel zu begreifen, Herrn Schoppenstecher, den Hausmeister des Heims, der den Hirbel hasst, und um das restliche Personal des Heims. Im ersten Kapitel wird der Hirbel vorgestellt, im Kapitel danach geht es um Frau Maiers erste Begegnung mit dem Hirbel, in den Kapiteln 3-10 um Hirbels K\u00e4mpfe, Abenteuer, Ideen, Eigenheiten und seine Begabungen (z.B. hat er eine wunderbare Singstimme). Im letzten Kapitel tr\u00e4umt Hirbel davon, nachdem er wieder einen Anfall hatte, in das Land zu gehen, in dem die Sonne seiner Meinung nach an den Himmel gesteckt wird und dem ein wei\u00dfer Riese den Mond hochh\u00e4lt. Er flieht also aus dem Heim, aber es geht nicht gut f\u00fcr ihn aus, denn er wird geschnappt und kommt in eine geschlossene Anstalt.<\/p>\n\n\n\n<p>Das Buch ist definitiv nichts f\u00fcr Leute, die kein trauriges Ende m\u00f6gen. Mir hat das Buch gefallen, weil es lustig, spannend und ernst zugleich ist, und weil man etwas \u00fcber das Leben in einem Heim erf\u00e4hrt. Ich h\u00e4tte mir aber gew\u00fcnscht, dass noch etwas mehr \u00fcber Hirbels Abenteuer erz\u00e4hlt wird. Das Buch basiert auf einer wahren Geschichte.<\/p>\n\n\n\n<figure class=\"wp-block-gallery aligncenter columns-2 is-cropped wp-block-gallery-2 is-layout-flex wp-block-gallery-is-layout-flex\"><ul class=\"blocks-gallery-grid\"><li class=\"blocks-gallery-item\"><figure><a href=\"http:\/\/goethe-gymnasium.berlin\/wp-content\/uploads\/2020\/05\/hirbel_victoria_5a_zeichnung.jpg\"><img loading=\"lazy\" decoding=\"async\" width=\"725\" height=\"1024\" src=\"http:\/\/goethe-gymnasium.berlin\/wp-content\/uploads\/2020\/05\/hirbel_victoria_5a_zeichnung-725x1024.jpg\" alt=\"\" data-id=\"5641\" data-full-url=\"http:\/\/goethe-gymnasium.berlin\/wp-content\/uploads\/2020\/05\/hirbel_victoria_5a_zeichnung.jpg\" data-link=\"http:\/\/goethe-gymnasium.berlin\/hirbel_victoria_5a_zeichnung\/\" class=\"wp-image-5641\" srcset=\"https:\/\/goethe-gymnasium.berlin\/wp-content\/uploads\/2020\/05\/hirbel_victoria_5a_zeichnung-725x1024.jpg 725w, https:\/\/goethe-gymnasium.berlin\/wp-content\/uploads\/2020\/05\/hirbel_victoria_5a_zeichnung-212x300.jpg 212w, https:\/\/goethe-gymnasium.berlin\/wp-content\/uploads\/2020\/05\/hirbel_victoria_5a_zeichnung-768x1085.jpg 768w, https:\/\/goethe-gymnasium.berlin\/wp-content\/uploads\/2020\/05\/hirbel_victoria_5a_zeichnung-1088x1536.jpg 1088w, https:\/\/goethe-gymnasium.berlin\/wp-content\/uploads\/2020\/05\/hirbel_victoria_5a_zeichnung.jpg 1242w\" sizes=\"auto, (max-width: 725px) 100vw, 725px\" \/><\/a><figcaption class=\"blocks-gallery-item__caption\">Victorias Hirbel<\/figcaption><\/figure><\/li><li class=\"blocks-gallery-item\"><figure><a href=\"http:\/\/goethe-gymnasium.berlin\/wp-content\/uploads\/2020\/05\/hirbel_konradin-5a_zeichnung-1-rotated.jpg\"><img loading=\"lazy\" decoding=\"async\" width=\"480\" height=\"640\" src=\"http:\/\/goethe-gymnasium.berlin\/wp-content\/uploads\/2020\/05\/hirbel_konradin-5a_zeichnung-1-rotated.jpg\" alt=\"\" data-id=\"5634\" data-full-url=\"http:\/\/goethe-gymnasium.berlin\/wp-content\/uploads\/2020\/05\/hirbel_konradin-5a_zeichnung-1-rotated.jpg\" data-link=\"http:\/\/goethe-gymnasium.berlin\/?attachment_id=5634#main\" class=\"wp-image-5634\" srcset=\"https:\/\/goethe-gymnasium.berlin\/wp-content\/uploads\/2020\/05\/hirbel_konradin-5a_zeichnung-1-rotated.jpg 480w, https:\/\/goethe-gymnasium.berlin\/wp-content\/uploads\/2020\/05\/hirbel_konradin-5a_zeichnung-1-225x300.jpg 225w\" sizes=\"auto, (max-width: 480px) 100vw, 480px\" \/><\/a><figcaption class=\"blocks-gallery-item__caption\"><br><br>Konradins Hirbel<\/figcaption><\/figure><\/li><\/ul><\/figure>\n\n\n\n<p class=\"has-text-align-right\"><em>Text: Pontus Carstensen, Klasse 5a (Schuljahr 2019\/20)<\/em><br><em>Bilder: Konradin Horn, Victoria Jozwiak, Florentine Moser, <em>Nick Voss,<\/em><\/em> <em>Klasse 5a (Schuljahr 2019\/20)<\/em><\/p>\n\n\n\n<p class=\"has-text-align-right\"><\/p>\n","protected":false},"excerpt":{"rendered":"<p>Im Rahmen des Fern-Deutschunterrichts der 5a haben sich die Sch\u00fcler*innen den Jugendroman &#8222;Das war der Hirbel&#8220; eigenst\u00e4ndig erarbeitet. Neben sch\u00f6nen Zeichnungen, die den Hirbel der Vorstellungskraft nach &#8222;lebendig&#8220; werden lassen, wurden auch Buchrezensionen verfasst. Pontus (5a) berichtet besonders eindr\u00fccklich von seinem Leseerlebnis. <a class=\"more-link\" href=\"https:\/\/goethe-gymnasium.berlin\/index.php\/2020\/05\/02\/das-war-der-hirbel\/\">Weiterlesen &#8230;<\/a><\/p>\n","protected":false},"author":5,"featured_media":5642,"comment_status":"closed","ping_status":"closed","sticky":false,"template":"","format":"standard","meta":{"footnotes":""},"categories":[13,35],"tags":[237,346],"class_list":["post-5630","post","type-post","status-publish","format-standard","has-post-thumbnail","hentry","category-deutsch","category-schuelerschaft","tag-schriftstellerei","tag-schuelerrezension"],"yoast_head":"<!-- This site is optimized with the Yoast SEO plugin v27.4 - https:\/\/yoast.com\/product\/yoast-seo-wordpress\/ -->\n<title>Das war der Hirbel - Goethe-Gymnasium Berlin-Wilmersdorf<\/title>\n<meta name=\"description\" content=\"Goethe-Gymnasium Berlin-Wilmersdorf\" \/>\n<meta name=\"robots\" content=\"index, follow, max-snippet:-1, max-image-preview:large, max-video-preview:-1\" \/>\n<link rel=\"canonical\" href=\"https:\/\/goethe-gymnasium.berlin\/index.php\/2020\/05\/02\/das-war-der-hirbel\/\" \/>\n<meta property=\"og:locale\" content=\"de_DE\" \/>\n<meta property=\"og:type\" content=\"article\" \/>\n<meta property=\"og:title\" content=\"Das war der Hirbel - Goethe-Gymnasium Berlin-Wilmersdorf\" \/>\n<meta property=\"og:description\" content=\"Goethe-Gymnasium Berlin-Wilmersdorf\" \/>\n<meta property=\"og:url\" content=\"https:\/\/goethe-gymnasium.berlin\/index.php\/2020\/05\/02\/das-war-der-hirbel\/\" \/>\n<meta property=\"og:site_name\" content=\"Goethe-Gymnasium Berlin-Wilmersdorf\" \/>\n<meta property=\"article:publisher\" content=\"https:\/\/www.facebook.com\/pages\/Goethe-Gymnasium\/109376575754402\" \/>\n<meta property=\"article:published_time\" content=\"2020-05-02T09:21:00+00:00\" \/>\n<meta property=\"article:modified_time\" content=\"2020-06-20T10:49:51+00:00\" \/>\n<meta property=\"og:image\" content=\"https:\/\/goethe-gymnasium.berlin\/wp-content\/uploads\/2020\/05\/hirbel_cover.jpg\" \/>\n\t<meta property=\"og:image:width\" content=\"945\" \/>\n\t<meta property=\"og:image:height\" content=\"1416\" \/>\n\t<meta property=\"og:image:type\" content=\"image\/jpeg\" \/>\n<meta name=\"author\" content=\"N. Trenz\" \/>\n<meta name=\"twitter:card\" content=\"summary_large_image\" \/>\n<meta name=\"twitter:label1\" content=\"Verfasst von\" \/>\n\t<meta name=\"twitter:data1\" content=\"N. Trenz\" \/>\n\t<meta name=\"twitter:label2\" content=\"Gesch\u00e4tzte Lesezeit\" \/>\n\t<meta name=\"twitter:data2\" content=\"2\u00a0Minuten\" \/>\n<script type=\"application\/ld+json\" class=\"yoast-schema-graph\">{\"@context\":\"https:\\\/\\\/schema.org\",\"@graph\":[{\"@type\":\"Article\",\"@id\":\"https:\\\/\\\/goethe-gymnasium.berlin\\\/index.php\\\/2020\\\/05\\\/02\\\/das-war-der-hirbel\\\/#article\",\"isPartOf\":{\"@id\":\"https:\\\/\\\/goethe-gymnasium.berlin\\\/index.php\\\/2020\\\/05\\\/02\\\/das-war-der-hirbel\\\/\"},\"author\":{\"name\":\"N. Trenz\",\"@id\":\"https:\\\/\\\/goethe-gymnasium.berlin\\\/#\\\/schema\\\/person\\\/df803123785b2c7cc30d59f14e741a9f\"},\"headline\":\"Das war der Hirbel\",\"datePublished\":\"2020-05-02T09:21:00+00:00\",\"dateModified\":\"2020-06-20T10:49:51+00:00\",\"mainEntityOfPage\":{\"@id\":\"https:\\\/\\\/goethe-gymnasium.berlin\\\/index.php\\\/2020\\\/05\\\/02\\\/das-war-der-hirbel\\\/\"},\"wordCount\":481,\"publisher\":{\"@id\":\"https:\\\/\\\/goethe-gymnasium.berlin\\\/#organization\"},\"image\":{\"@id\":\"https:\\\/\\\/goethe-gymnasium.berlin\\\/index.php\\\/2020\\\/05\\\/02\\\/das-war-der-hirbel\\\/#primaryimage\"},\"thumbnailUrl\":\"https:\\\/\\\/goethe-gymnasium.berlin\\\/wp-content\\\/uploads\\\/2020\\\/05\\\/hirbel_cover.jpg\",\"keywords\":[\"Schriftstellerei\",\"Sch\u00fclerrezension\"],\"articleSection\":[\"Deutsch\",\"Sch\u00fclerschaft\"],\"inLanguage\":\"de\"},{\"@type\":\"WebPage\",\"@id\":\"https:\\\/\\\/goethe-gymnasium.berlin\\\/index.php\\\/2020\\\/05\\\/02\\\/das-war-der-hirbel\\\/\",\"url\":\"https:\\\/\\\/goethe-gymnasium.berlin\\\/index.php\\\/2020\\\/05\\\/02\\\/das-war-der-hirbel\\\/\",\"name\":\"Das war der Hirbel - Goethe-Gymnasium Berlin-Wilmersdorf\",\"isPartOf\":{\"@id\":\"https:\\\/\\\/goethe-gymnasium.berlin\\\/#website\"},\"primaryImageOfPage\":{\"@id\":\"https:\\\/\\\/goethe-gymnasium.berlin\\\/index.php\\\/2020\\\/05\\\/02\\\/das-war-der-hirbel\\\/#primaryimage\"},\"image\":{\"@id\":\"https:\\\/\\\/goethe-gymnasium.berlin\\\/index.php\\\/2020\\\/05\\\/02\\\/das-war-der-hirbel\\\/#primaryimage\"},\"thumbnailUrl\":\"https:\\\/\\\/goethe-gymnasium.berlin\\\/wp-content\\\/uploads\\\/2020\\\/05\\\/hirbel_cover.jpg\",\"datePublished\":\"2020-05-02T09:21:00+00:00\",\"dateModified\":\"2020-06-20T10:49:51+00:00\",\"description\":\"Goethe-Gymnasium Berlin-Wilmersdorf\",\"breadcrumb\":{\"@id\":\"https:\\\/\\\/goethe-gymnasium.berlin\\\/index.php\\\/2020\\\/05\\\/02\\\/das-war-der-hirbel\\\/#breadcrumb\"},\"inLanguage\":\"de\",\"potentialAction\":[{\"@type\":\"ReadAction\",\"target\":[\"https:\\\/\\\/goethe-gymnasium.berlin\\\/index.php\\\/2020\\\/05\\\/02\\\/das-war-der-hirbel\\\/\"]}]},{\"@type\":\"ImageObject\",\"inLanguage\":\"de\",\"@id\":\"https:\\\/\\\/goethe-gymnasium.berlin\\\/index.php\\\/2020\\\/05\\\/02\\\/das-war-der-hirbel\\\/#primaryimage\",\"url\":\"https:\\\/\\\/goethe-gymnasium.berlin\\\/wp-content\\\/uploads\\\/2020\\\/05\\\/hirbel_cover.jpg\",\"contentUrl\":\"https:\\\/\\\/goethe-gymnasium.berlin\\\/wp-content\\\/uploads\\\/2020\\\/05\\\/hirbel_cover.jpg\",\"width\":945,\"height\":1416},{\"@type\":\"BreadcrumbList\",\"@id\":\"https:\\\/\\\/goethe-gymnasium.berlin\\\/index.php\\\/2020\\\/05\\\/02\\\/das-war-der-hirbel\\\/#breadcrumb\",\"itemListElement\":[{\"@type\":\"ListItem\",\"position\":1,\"name\":\"Startseite\",\"item\":\"https:\\\/\\\/goethe-gymnasium.berlin\\\/\"},{\"@type\":\"ListItem\",\"position\":2,\"name\":\"Das war der Hirbel\"}]},{\"@type\":\"WebSite\",\"@id\":\"https:\\\/\\\/goethe-gymnasium.berlin\\\/#website\",\"url\":\"https:\\\/\\\/goethe-gymnasium.berlin\\\/\",\"name\":\"Goethe-Gymnasium Berlin-Wilmersdorf\",\"description\":\"\",\"publisher\":{\"@id\":\"https:\\\/\\\/goethe-gymnasium.berlin\\\/#organization\"},\"potentialAction\":[{\"@type\":\"SearchAction\",\"target\":{\"@type\":\"EntryPoint\",\"urlTemplate\":\"https:\\\/\\\/goethe-gymnasium.berlin\\\/?s={search_term_string}\"},\"query-input\":{\"@type\":\"PropertyValueSpecification\",\"valueRequired\":true,\"valueName\":\"search_term_string\"}}],\"inLanguage\":\"de\"},{\"@type\":\"Organization\",\"@id\":\"https:\\\/\\\/goethe-gymnasium.berlin\\\/#organization\",\"name\":\"Goethe-Gymnasium Berlin-Wilmersdorf\",\"url\":\"https:\\\/\\\/goethe-gymnasium.berlin\\\/\",\"logo\":{\"@type\":\"ImageObject\",\"inLanguage\":\"de\",\"@id\":\"https:\\\/\\\/goethe-gymnasium.berlin\\\/#\\\/schema\\\/logo\\\/image\\\/\",\"url\":\"https:\\\/\\\/goethe-gymnasium.berlin\\\/wp-content\\\/uploads\\\/2018\\\/04\\\/goethe-logo_hoch.png\",\"contentUrl\":\"https:\\\/\\\/goethe-gymnasium.berlin\\\/wp-content\\\/uploads\\\/2018\\\/04\\\/goethe-logo_hoch.png\",\"width\":755,\"height\":514,\"caption\":\"Goethe-Gymnasium Berlin-Wilmersdorf\"},\"image\":{\"@id\":\"https:\\\/\\\/goethe-gymnasium.berlin\\\/#\\\/schema\\\/logo\\\/image\\\/\"},\"sameAs\":[\"https:\\\/\\\/www.facebook.com\\\/pages\\\/Goethe-Gymnasium\\\/109376575754402\",\"https:\\\/\\\/www.youtube.com\\\/channel\\\/UCMKuMVF9h_YkS3zmEp7SnzQ\"]},{\"@type\":\"Person\",\"@id\":\"https:\\\/\\\/goethe-gymnasium.berlin\\\/#\\\/schema\\\/person\\\/df803123785b2c7cc30d59f14e741a9f\",\"name\":\"N. Trenz\",\"image\":{\"@type\":\"ImageObject\",\"inLanguage\":\"de\",\"@id\":\"https:\\\/\\\/secure.gravatar.com\\\/avatar\\\/5a68db105b29afe8513d9e7d129aa5f8b4aa8086a6cc76d2c350a51362b9276a?s=96&d=mm&r=g\",\"url\":\"https:\\\/\\\/secure.gravatar.com\\\/avatar\\\/5a68db105b29afe8513d9e7d129aa5f8b4aa8086a6cc76d2c350a51362b9276a?s=96&d=mm&r=g\",\"contentUrl\":\"https:\\\/\\\/secure.gravatar.com\\\/avatar\\\/5a68db105b29afe8513d9e7d129aa5f8b4aa8086a6cc76d2c350a51362b9276a?s=96&d=mm&r=g\",\"caption\":\"N. Trenz\"},\"sameAs\":[\"http:\\\/\\\/www.goethe-gymnasium.berlin\"],\"url\":\"https:\\\/\\\/goethe-gymnasium.berlin\\\/index.php\\\/author\\\/ntrenz\\\/\"}]}<\/script>\n<!-- \/ Yoast SEO plugin. -->","yoast_head_json":{"title":"Das war der Hirbel - Goethe-Gymnasium Berlin-Wilmersdorf","description":"Goethe-Gymnasium Berlin-Wilmersdorf","robots":{"index":"index","follow":"follow","max-snippet":"max-snippet:-1","max-image-preview":"max-image-preview:large","max-video-preview":"max-video-preview:-1"},"canonical":"https:\/\/goethe-gymnasium.berlin\/index.php\/2020\/05\/02\/das-war-der-hirbel\/","og_locale":"de_DE","og_type":"article","og_title":"Das war der Hirbel - Goethe-Gymnasium Berlin-Wilmersdorf","og_description":"Goethe-Gymnasium Berlin-Wilmersdorf","og_url":"https:\/\/goethe-gymnasium.berlin\/index.php\/2020\/05\/02\/das-war-der-hirbel\/","og_site_name":"Goethe-Gymnasium Berlin-Wilmersdorf","article_publisher":"https:\/\/www.facebook.com\/pages\/Goethe-Gymnasium\/109376575754402","article_published_time":"2020-05-02T09:21:00+00:00","article_modified_time":"2020-06-20T10:49:51+00:00","og_image":[{"width":945,"height":1416,"url":"https:\/\/goethe-gymnasium.berlin\/wp-content\/uploads\/2020\/05\/hirbel_cover.jpg","type":"image\/jpeg"}],"author":"N. Trenz","twitter_card":"summary_large_image","twitter_misc":{"Verfasst von":"N. Trenz","Gesch\u00e4tzte Lesezeit":"2\u00a0Minuten"},"schema":{"@context":"https:\/\/schema.org","@graph":[{"@type":"Article","@id":"https:\/\/goethe-gymnasium.berlin\/index.php\/2020\/05\/02\/das-war-der-hirbel\/#article","isPartOf":{"@id":"https:\/\/goethe-gymnasium.berlin\/index.php\/2020\/05\/02\/das-war-der-hirbel\/"},"author":{"name":"N. Trenz","@id":"https:\/\/goethe-gymnasium.berlin\/#\/schema\/person\/df803123785b2c7cc30d59f14e741a9f"},"headline":"Das war der Hirbel","datePublished":"2020-05-02T09:21:00+00:00","dateModified":"2020-06-20T10:49:51+00:00","mainEntityOfPage":{"@id":"https:\/\/goethe-gymnasium.berlin\/index.php\/2020\/05\/02\/das-war-der-hirbel\/"},"wordCount":481,"publisher":{"@id":"https:\/\/goethe-gymnasium.berlin\/#organization"},"image":{"@id":"https:\/\/goethe-gymnasium.berlin\/index.php\/2020\/05\/02\/das-war-der-hirbel\/#primaryimage"},"thumbnailUrl":"https:\/\/goethe-gymnasium.berlin\/wp-content\/uploads\/2020\/05\/hirbel_cover.jpg","keywords":["Schriftstellerei","Sch\u00fclerrezension"],"articleSection":["Deutsch","Sch\u00fclerschaft"],"inLanguage":"de"},{"@type":"WebPage","@id":"https:\/\/goethe-gymnasium.berlin\/index.php\/2020\/05\/02\/das-war-der-hirbel\/","url":"https:\/\/goethe-gymnasium.berlin\/index.php\/2020\/05\/02\/das-war-der-hirbel\/","name":"Das war der Hirbel - Goethe-Gymnasium Berlin-Wilmersdorf","isPartOf":{"@id":"https:\/\/goethe-gymnasium.berlin\/#website"},"primaryImageOfPage":{"@id":"https:\/\/goethe-gymnasium.berlin\/index.php\/2020\/05\/02\/das-war-der-hirbel\/#primaryimage"},"image":{"@id":"https:\/\/goethe-gymnasium.berlin\/index.php\/2020\/05\/02\/das-war-der-hirbel\/#primaryimage"},"thumbnailUrl":"https:\/\/goethe-gymnasium.berlin\/wp-content\/uploads\/2020\/05\/hirbel_cover.jpg","datePublished":"2020-05-02T09:21:00+00:00","dateModified":"2020-06-20T10:49:51+00:00","description":"Goethe-Gymnasium Berlin-Wilmersdorf","breadcrumb":{"@id":"https:\/\/goethe-gymnasium.berlin\/index.php\/2020\/05\/02\/das-war-der-hirbel\/#breadcrumb"},"inLanguage":"de","potentialAction":[{"@type":"ReadAction","target":["https:\/\/goethe-gymnasium.berlin\/index.php\/2020\/05\/02\/das-war-der-hirbel\/"]}]},{"@type":"ImageObject","inLanguage":"de","@id":"https:\/\/goethe-gymnasium.berlin\/index.php\/2020\/05\/02\/das-war-der-hirbel\/#primaryimage","url":"https:\/\/goethe-gymnasium.berlin\/wp-content\/uploads\/2020\/05\/hirbel_cover.jpg","contentUrl":"https:\/\/goethe-gymnasium.berlin\/wp-content\/uploads\/2020\/05\/hirbel_cover.jpg","width":945,"height":1416},{"@type":"BreadcrumbList","@id":"https:\/\/goethe-gymnasium.berlin\/index.php\/2020\/05\/02\/das-war-der-hirbel\/#breadcrumb","itemListElement":[{"@type":"ListItem","position":1,"name":"Startseite","item":"https:\/\/goethe-gymnasium.berlin\/"},{"@type":"ListItem","position":2,"name":"Das war der Hirbel"}]},{"@type":"WebSite","@id":"https:\/\/goethe-gymnasium.berlin\/#website","url":"https:\/\/goethe-gymnasium.berlin\/","name":"Goethe-Gymnasium Berlin-Wilmersdorf","description":"","publisher":{"@id":"https:\/\/goethe-gymnasium.berlin\/#organization"},"potentialAction":[{"@type":"SearchAction","target":{"@type":"EntryPoint","urlTemplate":"https:\/\/goethe-gymnasium.berlin\/?s={search_term_string}"},"query-input":{"@type":"PropertyValueSpecification","valueRequired":true,"valueName":"search_term_string"}}],"inLanguage":"de"},{"@type":"Organization","@id":"https:\/\/goethe-gymnasium.berlin\/#organization","name":"Goethe-Gymnasium Berlin-Wilmersdorf","url":"https:\/\/goethe-gymnasium.berlin\/","logo":{"@type":"ImageObject","inLanguage":"de","@id":"https:\/\/goethe-gymnasium.berlin\/#\/schema\/logo\/image\/","url":"https:\/\/goethe-gymnasium.berlin\/wp-content\/uploads\/2018\/04\/goethe-logo_hoch.png","contentUrl":"https:\/\/goethe-gymnasium.berlin\/wp-content\/uploads\/2018\/04\/goethe-logo_hoch.png","width":755,"height":514,"caption":"Goethe-Gymnasium Berlin-Wilmersdorf"},"image":{"@id":"https:\/\/goethe-gymnasium.berlin\/#\/schema\/logo\/image\/"},"sameAs":["https:\/\/www.facebook.com\/pages\/Goethe-Gymnasium\/109376575754402","https:\/\/www.youtube.com\/channel\/UCMKuMVF9h_YkS3zmEp7SnzQ"]},{"@type":"Person","@id":"https:\/\/goethe-gymnasium.berlin\/#\/schema\/person\/df803123785b2c7cc30d59f14e741a9f","name":"N. Trenz","image":{"@type":"ImageObject","inLanguage":"de","@id":"https:\/\/secure.gravatar.com\/avatar\/5a68db105b29afe8513d9e7d129aa5f8b4aa8086a6cc76d2c350a51362b9276a?s=96&d=mm&r=g","url":"https:\/\/secure.gravatar.com\/avatar\/5a68db105b29afe8513d9e7d129aa5f8b4aa8086a6cc76d2c350a51362b9276a?s=96&d=mm&r=g","contentUrl":"https:\/\/secure.gravatar.com\/avatar\/5a68db105b29afe8513d9e7d129aa5f8b4aa8086a6cc76d2c350a51362b9276a?s=96&d=mm&r=g","caption":"N. Trenz"},"sameAs":["http:\/\/www.goethe-gymnasium.berlin"],"url":"https:\/\/goethe-gymnasium.berlin\/index.php\/author\/ntrenz\/"}]}},"_links":{"self":[{"href":"https:\/\/goethe-gymnasium.berlin\/index.php\/wp-json\/wp\/v2\/posts\/5630","targetHints":{"allow":["GET"]}}],"collection":[{"href":"https:\/\/goethe-gymnasium.berlin\/index.php\/wp-json\/wp\/v2\/posts"}],"about":[{"href":"https:\/\/goethe-gymnasium.berlin\/index.php\/wp-json\/wp\/v2\/types\/post"}],"author":[{"embeddable":true,"href":"https:\/\/goethe-gymnasium.berlin\/index.php\/wp-json\/wp\/v2\/users\/5"}],"replies":[{"embeddable":true,"href":"https:\/\/goethe-gymnasium.berlin\/index.php\/wp-json\/wp\/v2\/comments?post=5630"}],"version-history":[{"count":7,"href":"https:\/\/goethe-gymnasium.berlin\/index.php\/wp-json\/wp\/v2\/posts\/5630\/revisions"}],"predecessor-version":[{"id":5646,"href":"https:\/\/goethe-gymnasium.berlin\/index.php\/wp-json\/wp\/v2\/posts\/5630\/revisions\/5646"}],"wp:featuredmedia":[{"embeddable":true,"href":"https:\/\/goethe-gymnasium.berlin\/index.php\/wp-json\/wp\/v2\/media\/5642"}],"wp:attachment":[{"href":"https:\/\/goethe-gymnasium.berlin\/index.php\/wp-json\/wp\/v2\/media?parent=5630"}],"wp:term":[{"taxonomy":"category","embeddable":true,"href":"https:\/\/goethe-gymnasium.berlin\/index.php\/wp-json\/wp\/v2\/categories?post=5630"},{"taxonomy":"post_tag","embeddable":true,"href":"https:\/\/goethe-gymnasium.berlin\/index.php\/wp-json\/wp\/v2\/tags?post=5630"}],"curies":[{"name":"wp","href":"https:\/\/api.w.org\/{rel}","templated":true}]}}