{"id":529,"date":"2017-09-01T21:17:17","date_gmt":"2017-09-01T19:17:17","guid":{"rendered":"http:\/\/goethe-gymnasium.berlin\/?p=529"},"modified":"2018-11-18T20:19:29","modified_gmt":"2018-11-18T19:19:29","slug":"das-bauhaus-weimar","status":"publish","type":"post","link":"https:\/\/goethe-gymnasium.berlin\/index.php\/2017\/09\/01\/das-bauhaus-weimar\/","title":{"rendered":"Das Bauhaus Weimar"},"content":{"rendered":"<p>&#8222;Wollen, erdenken, erschaffen wir gemeinsam den neuen Bau der Zukunft, der alles in einer Gestalt sein wird: Architektur und Plastik und Malerei, der aus Millionen H\u00e4nden der Handwerker einst gen Himmel steigen wird als kristallenes Sinnbild eines neuen vollkommenen Glaubens.&#8220;<\/p>\n<p>Dies schrieb Walter Gropius 1919 in seinem Manifest zum Bauhaus nieder und erfand so eine ganz neue Art der Universit\u00e4t. Mitten in der Stadt Weimar gr\u00fcndete der Architekt eine Akademie, die von Gleichheit und Emanzipation nur so strotzte. Denn jegliche vorher geltenden Zugangsbedingungen wurden aufgehoben, von den 150 bis 200 Studierenden waren 25 bis 50 % Frauen und 17 bis 30 % ausl\u00e4ndische Studenten. Gropius wollte deutlich machen, dass ein kunsthandwerklich begabter Mensch nicht durch eine Rasse oder ein Geschlecht ausgew\u00e4hlt werden d\u00fcrfe. Auch der Schulabschluss spielte weitgehend keine Rolle.<\/p>\n<p>Die gemeinsame Arbeit am Bauhaus band alle Werkst\u00e4tten in das &#8222;Einheitskunstwerk&#8220; ein. Die vielen unterschiedlichen Arbeits- und Lernpl\u00e4tze bildeten die Werkst\u00e4tten, darunter z.B. eine B\u00fchnenwerkstatt, in der die darstellenden K\u00fcnste gef\u00f6rdert wurden, eine handwerkliche St\u00e4tte, in der die K\u00fcnstler ihre Ideen immer selbst verwirklichen sollte. Eine Unterscheidung zwischen dem einfachen Handwerker und dem begabten K\u00fcnstler sollte hier nicht gemacht werden, jeder half mit. Im Mittelpunkt stand jedoch immer der Mensch, befand sich das Bauhaus auch in einer technikorientierten Welt unter den Einfl\u00fcssen des Konstruktivismus. Dieser Kunststil zielte darauf ab, sich so wenig wie m\u00f6glich zu verk\u00fcnsteln und eher Dinge zu schaffen, die f\u00fcr den Menschen n\u00fctzlich und sch\u00f6n zugleich waren. Das Bauhaus musste aus politischen Gr\u00fcnden 1925 schlie\u00dfen, Gropius schaffte es jedoch, in Dessau wieder ein Bauhaus aufzubauen, das noch gr\u00f6\u00dfer und bedeutender wurde.<\/p>\n<p>Bei unserer kurzen Besichtigung der Bauhausuniversit\u00e4t konnte man viele Elemente wiederfinden. Im \u00e4lteren Van-de-Velde-Bau aus dem Jahre 1905\/1906 tanzten bunte K\u00f6rper am Treppenaufgang. Dieser Figurenfries stammte von Oskar Schlemmer. Durch die Ungeordnetheit der der Figuren und die bunten Farben sollte die Vielfalt des Studentenk\u00f6rpers ausgedr\u00fcckt werden. Als gesamte Gruppe stellten wir an der Treppe das ber\u00fchmte Bild &#8222;Bauhausstudenten im Gropius-Atelier&#8220; nach. Auch die andere skurril wirkende Kunst an den W\u00e4nden aus geometrischen Formen, meist wild durcheinander gew\u00fcrfelte Dreiecke und Quadrate, wirkte beeindruckend.<\/p>\n<p><a href=\"http:\/\/www.goethe-gymnasium-berlin.cidsnet.de\/images\/stories\/schule\/faecher\/deutsch\/weimar2017-bauhaus.jpg\" target=\"_blank\" rel=\"noopener\"><img decoding=\"async\" src=\"http:\/\/www.goethe-gymnasium-berlin.cidsnet.de\/images\/stories\/schule\/faecher\/deutsch\/weimar2017-bauhaus.jpg\" alt=\"&quot;Bauhaus-Studenten&quot;\" width=\"200\" border=\"0\" \/><\/a><\/p>\n<p>Doch wir waren ja haupts\u00e4chlich in Weimar, um unserem Namensgeber Johann Wolfgang von Goethe auf den Spuren zu sein. Kann man den Dichter auch mit dem Bauhaus in seiner Wahlheimat in Verbindung setzen?<\/p>\n<p>Tats\u00e4chlich spielte Goethes Farbenlehre keine unbedeutende Rolle in der Kunstschule. Der Bauhausmeister Johannes Itten entwickelte f\u00fcr alle Studenten einen Vorkurs, der mit Paul Klee und Kandinsky in die verschiedenen Farbenlehren einf\u00fchrte. Zwar war Goethes Lehre nie Teil des Lehrplans, wurde aber indirekt immer wieder zitiert. So erw\u00e4hnte Itten in seinem sp\u00e4ter ver\u00f6ffentlichten Buch &#8222;Kunst der Farbe&#8220; (1961) die k\u00fcnstlerische Wirkung der Farben und das subjektive Erleben der Kontraste. Er untersuchte die Wirkungen der Farben zueinander und stellte deren Zusammenh\u00e4nge dar. Dabei, so sagt er es selbst, orientierte er sich an Goethe. Seine Lehre gab Itten an die Sch\u00fcler weiter und erlangte so hohes Ansehen.<\/p>\n<p><a href=\"http:\/\/www.goethe-gymnasium-berlin.cidsnet.de\/images\/stories\/schule\/faecher\/deutsch\/goethe-farbenkreis.jpg\" target=\"_blank\" rel=\"noopener\"><img decoding=\"async\" src=\"http:\/\/www.goethe-gymnasium-berlin.cidsnet.de\/images\/stories\/schule\/faecher\/deutsch\/goethe-farbenkreis.jpg\" alt=\"Goethes Farbenkreis\" width=\"200\" border=\"0\" \/><\/a><\/p>\n<p>Also hat Goethe auch hier wieder, wie in ganz Weimar, seine Spuren hinterlassen.<\/p>\n<p style=\"text-align: right;\"><em>Text: Deborah Gerwin, 3. Semester (Schuljahr 2017\/18)<br \/>\nFoto 1: Sophie Bahr, 3. Semester (Schuljahr 2017\/18), Foto 2: wikipedia<\/em><\/p>\n","protected":false},"excerpt":{"rendered":"<p>&#8222;Wollen, erdenken, erschaffen wir gemeinsam den neuen Bau der Zukunft, der alles in einer Gestalt sein wird: Architektur und Plastik <a class=\"more-link\" href=\"https:\/\/goethe-gymnasium.berlin\/index.php\/2017\/09\/01\/das-bauhaus-weimar\/\">Weiterlesen &#8230;<\/a><\/p>\n","protected":false},"author":2,"featured_media":530,"comment_status":"closed","ping_status":"closed","sticky":false,"template":"","format":"standard","meta":{"footnotes":""},"categories":[13,14],"tags":[],"class_list":["post-529","post","type-post","status-publish","format-standard","has-post-thumbnail","hentry","category-deutsch","category-exkursionen"],"yoast_head":"<!-- This site is optimized with the Yoast SEO plugin v27.4 - https:\/\/yoast.com\/product\/yoast-seo-wordpress\/ -->\n<title>Das Bauhaus Weimar - Goethe-Gymnasium Berlin-Wilmersdorf<\/title>\n<meta name=\"description\" content=\"Goethe-Gymnasium Berlin-Wilmersdorf\" \/>\n<meta name=\"robots\" content=\"index, follow, max-snippet:-1, max-image-preview:large, max-video-preview:-1\" \/>\n<link rel=\"canonical\" href=\"https:\/\/goethe-gymnasium.berlin\/index.php\/2017\/09\/01\/das-bauhaus-weimar\/\" \/>\n<meta property=\"og:locale\" content=\"de_DE\" \/>\n<meta property=\"og:type\" content=\"article\" \/>\n<meta property=\"og:title\" content=\"Das Bauhaus Weimar - Goethe-Gymnasium Berlin-Wilmersdorf\" \/>\n<meta property=\"og:description\" content=\"Goethe-Gymnasium Berlin-Wilmersdorf\" \/>\n<meta property=\"og:url\" content=\"https:\/\/goethe-gymnasium.berlin\/index.php\/2017\/09\/01\/das-bauhaus-weimar\/\" \/>\n<meta property=\"og:site_name\" content=\"Goethe-Gymnasium Berlin-Wilmersdorf\" \/>\n<meta property=\"article:publisher\" content=\"https:\/\/www.facebook.com\/pages\/Goethe-Gymnasium\/109376575754402\" \/>\n<meta property=\"article:published_time\" content=\"2017-09-01T19:17:17+00:00\" \/>\n<meta property=\"article:modified_time\" content=\"2018-11-18T19:19:29+00:00\" \/>\n<meta property=\"og:image\" content=\"https:\/\/goethe-gymnasium.berlin\/wp-content\/uploads\/2018\/04\/1280px-Bauhaus_Dessau-001.jpg\" \/>\n\t<meta property=\"og:image:width\" content=\"1280\" \/>\n\t<meta property=\"og:image:height\" content=\"748\" \/>\n\t<meta property=\"og:image:type\" content=\"image\/jpeg\" \/>\n<meta name=\"author\" content=\"Torsten R\u00fcdebusch\" \/>\n<meta name=\"twitter:card\" content=\"summary_large_image\" \/>\n<meta name=\"twitter:label1\" content=\"Verfasst von\" \/>\n\t<meta name=\"twitter:data1\" content=\"Torsten R\u00fcdebusch\" \/>\n\t<meta name=\"twitter:label2\" content=\"Gesch\u00e4tzte Lesezeit\" \/>\n\t<meta name=\"twitter:data2\" content=\"3\u00a0Minuten\" \/>\n<script type=\"application\/ld+json\" class=\"yoast-schema-graph\">{\"@context\":\"https:\\\/\\\/schema.org\",\"@graph\":[{\"@type\":\"Article\",\"@id\":\"https:\\\/\\\/goethe-gymnasium.berlin\\\/index.php\\\/2017\\\/09\\\/01\\\/das-bauhaus-weimar\\\/#article\",\"isPartOf\":{\"@id\":\"https:\\\/\\\/goethe-gymnasium.berlin\\\/index.php\\\/2017\\\/09\\\/01\\\/das-bauhaus-weimar\\\/\"},\"author\":{\"name\":\"Torsten R\u00fcdebusch\",\"@id\":\"https:\\\/\\\/goethe-gymnasium.berlin\\\/#\\\/schema\\\/person\\\/ed46a85b70f3ffd90cda0c09e7f5a535\"},\"headline\":\"Das Bauhaus Weimar\",\"datePublished\":\"2017-09-01T19:17:17+00:00\",\"dateModified\":\"2018-11-18T19:19:29+00:00\",\"mainEntityOfPage\":{\"@id\":\"https:\\\/\\\/goethe-gymnasium.berlin\\\/index.php\\\/2017\\\/09\\\/01\\\/das-bauhaus-weimar\\\/\"},\"wordCount\":541,\"publisher\":{\"@id\":\"https:\\\/\\\/goethe-gymnasium.berlin\\\/#organization\"},\"image\":{\"@id\":\"https:\\\/\\\/goethe-gymnasium.berlin\\\/index.php\\\/2017\\\/09\\\/01\\\/das-bauhaus-weimar\\\/#primaryimage\"},\"thumbnailUrl\":\"https:\\\/\\\/goethe-gymnasium.berlin\\\/wp-content\\\/uploads\\\/2018\\\/04\\\/1280px-Bauhaus_Dessau-001.jpg\",\"articleSection\":[\"Deutsch\",\"Exkursionen\"],\"inLanguage\":\"de\"},{\"@type\":\"WebPage\",\"@id\":\"https:\\\/\\\/goethe-gymnasium.berlin\\\/index.php\\\/2017\\\/09\\\/01\\\/das-bauhaus-weimar\\\/\",\"url\":\"https:\\\/\\\/goethe-gymnasium.berlin\\\/index.php\\\/2017\\\/09\\\/01\\\/das-bauhaus-weimar\\\/\",\"name\":\"Das Bauhaus Weimar - Goethe-Gymnasium Berlin-Wilmersdorf\",\"isPartOf\":{\"@id\":\"https:\\\/\\\/goethe-gymnasium.berlin\\\/#website\"},\"primaryImageOfPage\":{\"@id\":\"https:\\\/\\\/goethe-gymnasium.berlin\\\/index.php\\\/2017\\\/09\\\/01\\\/das-bauhaus-weimar\\\/#primaryimage\"},\"image\":{\"@id\":\"https:\\\/\\\/goethe-gymnasium.berlin\\\/index.php\\\/2017\\\/09\\\/01\\\/das-bauhaus-weimar\\\/#primaryimage\"},\"thumbnailUrl\":\"https:\\\/\\\/goethe-gymnasium.berlin\\\/wp-content\\\/uploads\\\/2018\\\/04\\\/1280px-Bauhaus_Dessau-001.jpg\",\"datePublished\":\"2017-09-01T19:17:17+00:00\",\"dateModified\":\"2018-11-18T19:19:29+00:00\",\"description\":\"Goethe-Gymnasium Berlin-Wilmersdorf\",\"breadcrumb\":{\"@id\":\"https:\\\/\\\/goethe-gymnasium.berlin\\\/index.php\\\/2017\\\/09\\\/01\\\/das-bauhaus-weimar\\\/#breadcrumb\"},\"inLanguage\":\"de\",\"potentialAction\":[{\"@type\":\"ReadAction\",\"target\":[\"https:\\\/\\\/goethe-gymnasium.berlin\\\/index.php\\\/2017\\\/09\\\/01\\\/das-bauhaus-weimar\\\/\"]}]},{\"@type\":\"ImageObject\",\"inLanguage\":\"de\",\"@id\":\"https:\\\/\\\/goethe-gymnasium.berlin\\\/index.php\\\/2017\\\/09\\\/01\\\/das-bauhaus-weimar\\\/#primaryimage\",\"url\":\"https:\\\/\\\/goethe-gymnasium.berlin\\\/wp-content\\\/uploads\\\/2018\\\/04\\\/1280px-Bauhaus_Dessau-001.jpg\",\"contentUrl\":\"https:\\\/\\\/goethe-gymnasium.berlin\\\/wp-content\\\/uploads\\\/2018\\\/04\\\/1280px-Bauhaus_Dessau-001.jpg\",\"width\":1280,\"height\":748},{\"@type\":\"BreadcrumbList\",\"@id\":\"https:\\\/\\\/goethe-gymnasium.berlin\\\/index.php\\\/2017\\\/09\\\/01\\\/das-bauhaus-weimar\\\/#breadcrumb\",\"itemListElement\":[{\"@type\":\"ListItem\",\"position\":1,\"name\":\"Startseite\",\"item\":\"https:\\\/\\\/goethe-gymnasium.berlin\\\/\"},{\"@type\":\"ListItem\",\"position\":2,\"name\":\"Das Bauhaus Weimar\"}]},{\"@type\":\"WebSite\",\"@id\":\"https:\\\/\\\/goethe-gymnasium.berlin\\\/#website\",\"url\":\"https:\\\/\\\/goethe-gymnasium.berlin\\\/\",\"name\":\"Goethe-Gymnasium Berlin-Wilmersdorf\",\"description\":\"\",\"publisher\":{\"@id\":\"https:\\\/\\\/goethe-gymnasium.berlin\\\/#organization\"},\"potentialAction\":[{\"@type\":\"SearchAction\",\"target\":{\"@type\":\"EntryPoint\",\"urlTemplate\":\"https:\\\/\\\/goethe-gymnasium.berlin\\\/?s={search_term_string}\"},\"query-input\":{\"@type\":\"PropertyValueSpecification\",\"valueRequired\":true,\"valueName\":\"search_term_string\"}}],\"inLanguage\":\"de\"},{\"@type\":\"Organization\",\"@id\":\"https:\\\/\\\/goethe-gymnasium.berlin\\\/#organization\",\"name\":\"Goethe-Gymnasium Berlin-Wilmersdorf\",\"url\":\"https:\\\/\\\/goethe-gymnasium.berlin\\\/\",\"logo\":{\"@type\":\"ImageObject\",\"inLanguage\":\"de\",\"@id\":\"https:\\\/\\\/goethe-gymnasium.berlin\\\/#\\\/schema\\\/logo\\\/image\\\/\",\"url\":\"https:\\\/\\\/goethe-gymnasium.berlin\\\/wp-content\\\/uploads\\\/2018\\\/04\\\/goethe-logo_hoch.png\",\"contentUrl\":\"https:\\\/\\\/goethe-gymnasium.berlin\\\/wp-content\\\/uploads\\\/2018\\\/04\\\/goethe-logo_hoch.png\",\"width\":755,\"height\":514,\"caption\":\"Goethe-Gymnasium Berlin-Wilmersdorf\"},\"image\":{\"@id\":\"https:\\\/\\\/goethe-gymnasium.berlin\\\/#\\\/schema\\\/logo\\\/image\\\/\"},\"sameAs\":[\"https:\\\/\\\/www.facebook.com\\\/pages\\\/Goethe-Gymnasium\\\/109376575754402\",\"https:\\\/\\\/www.youtube.com\\\/channel\\\/UCMKuMVF9h_YkS3zmEp7SnzQ\"]},{\"@type\":\"Person\",\"@id\":\"https:\\\/\\\/goethe-gymnasium.berlin\\\/#\\\/schema\\\/person\\\/ed46a85b70f3ffd90cda0c09e7f5a535\",\"name\":\"Torsten R\u00fcdebusch\",\"image\":{\"@type\":\"ImageObject\",\"inLanguage\":\"de\",\"@id\":\"https:\\\/\\\/secure.gravatar.com\\\/avatar\\\/702da6384aeccebc97bca7cb61a442459b29e329fb9c6667754741d53edb6f0f?s=96&d=mm&r=g\",\"url\":\"https:\\\/\\\/secure.gravatar.com\\\/avatar\\\/702da6384aeccebc97bca7cb61a442459b29e329fb9c6667754741d53edb6f0f?s=96&d=mm&r=g\",\"contentUrl\":\"https:\\\/\\\/secure.gravatar.com\\\/avatar\\\/702da6384aeccebc97bca7cb61a442459b29e329fb9c6667754741d53edb6f0f?s=96&d=mm&r=g\",\"caption\":\"Torsten R\u00fcdebusch\"},\"url\":\"https:\\\/\\\/goethe-gymnasium.berlin\\\/index.php\\\/author\\\/torstenr\\\/\"}]}<\/script>\n<!-- \/ Yoast SEO plugin. -->","yoast_head_json":{"title":"Das Bauhaus Weimar - Goethe-Gymnasium Berlin-Wilmersdorf","description":"Goethe-Gymnasium Berlin-Wilmersdorf","robots":{"index":"index","follow":"follow","max-snippet":"max-snippet:-1","max-image-preview":"max-image-preview:large","max-video-preview":"max-video-preview:-1"},"canonical":"https:\/\/goethe-gymnasium.berlin\/index.php\/2017\/09\/01\/das-bauhaus-weimar\/","og_locale":"de_DE","og_type":"article","og_title":"Das Bauhaus Weimar - Goethe-Gymnasium Berlin-Wilmersdorf","og_description":"Goethe-Gymnasium Berlin-Wilmersdorf","og_url":"https:\/\/goethe-gymnasium.berlin\/index.php\/2017\/09\/01\/das-bauhaus-weimar\/","og_site_name":"Goethe-Gymnasium Berlin-Wilmersdorf","article_publisher":"https:\/\/www.facebook.com\/pages\/Goethe-Gymnasium\/109376575754402","article_published_time":"2017-09-01T19:17:17+00:00","article_modified_time":"2018-11-18T19:19:29+00:00","og_image":[{"width":1280,"height":748,"url":"https:\/\/goethe-gymnasium.berlin\/wp-content\/uploads\/2018\/04\/1280px-Bauhaus_Dessau-001.jpg","type":"image\/jpeg"}],"author":"Torsten R\u00fcdebusch","twitter_card":"summary_large_image","twitter_misc":{"Verfasst von":"Torsten R\u00fcdebusch","Gesch\u00e4tzte Lesezeit":"3\u00a0Minuten"},"schema":{"@context":"https:\/\/schema.org","@graph":[{"@type":"Article","@id":"https:\/\/goethe-gymnasium.berlin\/index.php\/2017\/09\/01\/das-bauhaus-weimar\/#article","isPartOf":{"@id":"https:\/\/goethe-gymnasium.berlin\/index.php\/2017\/09\/01\/das-bauhaus-weimar\/"},"author":{"name":"Torsten R\u00fcdebusch","@id":"https:\/\/goethe-gymnasium.berlin\/#\/schema\/person\/ed46a85b70f3ffd90cda0c09e7f5a535"},"headline":"Das Bauhaus Weimar","datePublished":"2017-09-01T19:17:17+00:00","dateModified":"2018-11-18T19:19:29+00:00","mainEntityOfPage":{"@id":"https:\/\/goethe-gymnasium.berlin\/index.php\/2017\/09\/01\/das-bauhaus-weimar\/"},"wordCount":541,"publisher":{"@id":"https:\/\/goethe-gymnasium.berlin\/#organization"},"image":{"@id":"https:\/\/goethe-gymnasium.berlin\/index.php\/2017\/09\/01\/das-bauhaus-weimar\/#primaryimage"},"thumbnailUrl":"https:\/\/goethe-gymnasium.berlin\/wp-content\/uploads\/2018\/04\/1280px-Bauhaus_Dessau-001.jpg","articleSection":["Deutsch","Exkursionen"],"inLanguage":"de"},{"@type":"WebPage","@id":"https:\/\/goethe-gymnasium.berlin\/index.php\/2017\/09\/01\/das-bauhaus-weimar\/","url":"https:\/\/goethe-gymnasium.berlin\/index.php\/2017\/09\/01\/das-bauhaus-weimar\/","name":"Das Bauhaus Weimar - Goethe-Gymnasium Berlin-Wilmersdorf","isPartOf":{"@id":"https:\/\/goethe-gymnasium.berlin\/#website"},"primaryImageOfPage":{"@id":"https:\/\/goethe-gymnasium.berlin\/index.php\/2017\/09\/01\/das-bauhaus-weimar\/#primaryimage"},"image":{"@id":"https:\/\/goethe-gymnasium.berlin\/index.php\/2017\/09\/01\/das-bauhaus-weimar\/#primaryimage"},"thumbnailUrl":"https:\/\/goethe-gymnasium.berlin\/wp-content\/uploads\/2018\/04\/1280px-Bauhaus_Dessau-001.jpg","datePublished":"2017-09-01T19:17:17+00:00","dateModified":"2018-11-18T19:19:29+00:00","description":"Goethe-Gymnasium Berlin-Wilmersdorf","breadcrumb":{"@id":"https:\/\/goethe-gymnasium.berlin\/index.php\/2017\/09\/01\/das-bauhaus-weimar\/#breadcrumb"},"inLanguage":"de","potentialAction":[{"@type":"ReadAction","target":["https:\/\/goethe-gymnasium.berlin\/index.php\/2017\/09\/01\/das-bauhaus-weimar\/"]}]},{"@type":"ImageObject","inLanguage":"de","@id":"https:\/\/goethe-gymnasium.berlin\/index.php\/2017\/09\/01\/das-bauhaus-weimar\/#primaryimage","url":"https:\/\/goethe-gymnasium.berlin\/wp-content\/uploads\/2018\/04\/1280px-Bauhaus_Dessau-001.jpg","contentUrl":"https:\/\/goethe-gymnasium.berlin\/wp-content\/uploads\/2018\/04\/1280px-Bauhaus_Dessau-001.jpg","width":1280,"height":748},{"@type":"BreadcrumbList","@id":"https:\/\/goethe-gymnasium.berlin\/index.php\/2017\/09\/01\/das-bauhaus-weimar\/#breadcrumb","itemListElement":[{"@type":"ListItem","position":1,"name":"Startseite","item":"https:\/\/goethe-gymnasium.berlin\/"},{"@type":"ListItem","position":2,"name":"Das Bauhaus Weimar"}]},{"@type":"WebSite","@id":"https:\/\/goethe-gymnasium.berlin\/#website","url":"https:\/\/goethe-gymnasium.berlin\/","name":"Goethe-Gymnasium Berlin-Wilmersdorf","description":"","publisher":{"@id":"https:\/\/goethe-gymnasium.berlin\/#organization"},"potentialAction":[{"@type":"SearchAction","target":{"@type":"EntryPoint","urlTemplate":"https:\/\/goethe-gymnasium.berlin\/?s={search_term_string}"},"query-input":{"@type":"PropertyValueSpecification","valueRequired":true,"valueName":"search_term_string"}}],"inLanguage":"de"},{"@type":"Organization","@id":"https:\/\/goethe-gymnasium.berlin\/#organization","name":"Goethe-Gymnasium Berlin-Wilmersdorf","url":"https:\/\/goethe-gymnasium.berlin\/","logo":{"@type":"ImageObject","inLanguage":"de","@id":"https:\/\/goethe-gymnasium.berlin\/#\/schema\/logo\/image\/","url":"https:\/\/goethe-gymnasium.berlin\/wp-content\/uploads\/2018\/04\/goethe-logo_hoch.png","contentUrl":"https:\/\/goethe-gymnasium.berlin\/wp-content\/uploads\/2018\/04\/goethe-logo_hoch.png","width":755,"height":514,"caption":"Goethe-Gymnasium Berlin-Wilmersdorf"},"image":{"@id":"https:\/\/goethe-gymnasium.berlin\/#\/schema\/logo\/image\/"},"sameAs":["https:\/\/www.facebook.com\/pages\/Goethe-Gymnasium\/109376575754402","https:\/\/www.youtube.com\/channel\/UCMKuMVF9h_YkS3zmEp7SnzQ"]},{"@type":"Person","@id":"https:\/\/goethe-gymnasium.berlin\/#\/schema\/person\/ed46a85b70f3ffd90cda0c09e7f5a535","name":"Torsten R\u00fcdebusch","image":{"@type":"ImageObject","inLanguage":"de","@id":"https:\/\/secure.gravatar.com\/avatar\/702da6384aeccebc97bca7cb61a442459b29e329fb9c6667754741d53edb6f0f?s=96&d=mm&r=g","url":"https:\/\/secure.gravatar.com\/avatar\/702da6384aeccebc97bca7cb61a442459b29e329fb9c6667754741d53edb6f0f?s=96&d=mm&r=g","contentUrl":"https:\/\/secure.gravatar.com\/avatar\/702da6384aeccebc97bca7cb61a442459b29e329fb9c6667754741d53edb6f0f?s=96&d=mm&r=g","caption":"Torsten R\u00fcdebusch"},"url":"https:\/\/goethe-gymnasium.berlin\/index.php\/author\/torstenr\/"}]}},"_links":{"self":[{"href":"https:\/\/goethe-gymnasium.berlin\/index.php\/wp-json\/wp\/v2\/posts\/529","targetHints":{"allow":["GET"]}}],"collection":[{"href":"https:\/\/goethe-gymnasium.berlin\/index.php\/wp-json\/wp\/v2\/posts"}],"about":[{"href":"https:\/\/goethe-gymnasium.berlin\/index.php\/wp-json\/wp\/v2\/types\/post"}],"author":[{"embeddable":true,"href":"https:\/\/goethe-gymnasium.berlin\/index.php\/wp-json\/wp\/v2\/users\/2"}],"replies":[{"embeddable":true,"href":"https:\/\/goethe-gymnasium.berlin\/index.php\/wp-json\/wp\/v2\/comments?post=529"}],"version-history":[{"count":2,"href":"https:\/\/goethe-gymnasium.berlin\/index.php\/wp-json\/wp\/v2\/posts\/529\/revisions"}],"predecessor-version":[{"id":2404,"href":"https:\/\/goethe-gymnasium.berlin\/index.php\/wp-json\/wp\/v2\/posts\/529\/revisions\/2404"}],"wp:featuredmedia":[{"embeddable":true,"href":"https:\/\/goethe-gymnasium.berlin\/index.php\/wp-json\/wp\/v2\/media\/530"}],"wp:attachment":[{"href":"https:\/\/goethe-gymnasium.berlin\/index.php\/wp-json\/wp\/v2\/media?parent=529"}],"wp:term":[{"taxonomy":"category","embeddable":true,"href":"https:\/\/goethe-gymnasium.berlin\/index.php\/wp-json\/wp\/v2\/categories?post=529"},{"taxonomy":"post_tag","embeddable":true,"href":"https:\/\/goethe-gymnasium.berlin\/index.php\/wp-json\/wp\/v2\/tags?post=529"}],"curies":[{"name":"wp","href":"https:\/\/api.w.org\/{rel}","templated":true}]}}