{"id":5030,"date":"2020-06-24T16:50:00","date_gmt":"2020-06-24T14:50:00","guid":{"rendered":"http:\/\/goethe-gymnasium.berlin\/?p=5030"},"modified":"2022-11-16T22:05:14","modified_gmt":"2022-11-16T21:05:14","slug":"tag-der-offenen-tuer-und-anmeldezeitraum","status":"publish","type":"post","link":"https:\/\/goethe-gymnasium.berlin\/index.php\/2020\/06\/24\/tag-der-offenen-tuer-und-anmeldezeitraum\/","title":{"rendered":"Anmeldezeitraum"},"content":{"rendered":"\n<p>Liebe Eltern und Erziehungsberechtigte, <\/p>\n\n\n\n<p>Informationsabende, Schnupperunterricht und der Tag der offenen T\u00fcr bieten Gelegenheit, unsere Schule kennenzulernen.<\/p>\n\n\n\n<p>Wir freuen uns, wenn wir Sie von unserem Angebot so \u00fcberzeugt haben,  dass Sie Ihr Kind f\u00fcr die n\u00e4chste 5. Klasse im Schuljahr 2023\/24 anmelden m\u00f6chten. Wir werden <strong>drei oder vier grundst\u00e4ndige&nbsp; Klassen<\/strong> einrichten. <\/p>\n\n\n\n<p>Der <strong>Anmeldezeitraum an den Erstwunschschulen <\/strong>ist vom<strong> Dienstag, d. 07. Februar bis Freitag, d. 10. Februar 2023. <\/strong> Hierf\u00fcr k\u00f6nnen Sie gern ab Januar 2023&nbsp;ein <strong>Vorstellungsgespr\u00e4ch<\/strong> vereinbaren: Die Terminvergabe ist zwischen 8.30&nbsp;und 15.00 Uhr unter der Nummer 864 99 60 m\u00f6glich.<\/p>\n\n\n\n<p>Bitte bringen Sie zur <a rel=\"noreferrer noopener\" href=\"http:\/\/goethe-gymnasium.berlin\/index.php\/anmeldung\/\" target=\"_blank\">Anmeldung<\/a> folgende <strong>Unterlagen<\/strong> mit:<\/p>\n\n\n\n<ol class=\"wp-block-list\">\n<li>die&nbsp;<strong>F\u00f6rderprognose (mit Hologramm)<\/strong> der Grundschule f\u00fcr den \u00dcbergang auf das Gymnasium,<\/li>\n\n\n\n<li>den von Ihnen ausgef\u00fcllten Anmeldebogen, in dem das Goethe-Gymnasium als Erstwunsch eingetragen ist (beides erhalten Sie von der Grundschule),<\/li>\n\n\n\n<li>das <strong>Halbjahreszeugnis der vierten Klasse<\/strong> und das <strong>Abschlusszeugnis der 3. Klasse<\/strong> im Original und eine Kopie davon zum Verbleib in der Schule.<\/li>\n<\/ol>\n\n\n\n<p>Damit Sie sich in Ruhe auf das Vorstellungsgespr\u00e4ch konzentrieren k\u00f6nnen und der zeitliche Ablauf der vielen Gespr\u00e4che noch reibungsloser vonstatten gehen kann, bieten wir Ihnen die M\u00f6glichkeit, das folgende Dokument herunterzuladen und vorab auszuf\u00fcllen: <strong><a href=\"https:\/\/goethe-gymnasium.berlin\/wp-content\/uploads\/2022\/11\/Anmeldebogen-2023-24.pdf\" target=\"_blank\" rel=\"noreferrer noopener\">Anmeldebogen f\u00fcr das Schuljahr 2023\/24<\/a><\/strong><\/p>\n\n\n\n<p>Bitte denken Sie daran, Ihre Nachweise entsprechend der an der Schule geltenden 3G-Regelung mitzubringen und vorzulegen.<\/p>\n\n\n\n<p><strong>Weitere Hinweise \u00fcber das neue Anmeldeverfahren<\/strong> finden Sie auf unserer Seite zum Thema <a aria-label=\"Anmeldung (\u00f6ffnet in neuem Tab)\" rel=\"noreferrer noopener\" href=\"http:\/\/goethe-gymnasium.berlin\/index.php\/anmeldung\/\" target=\"_blank\">Anmeldung<\/a>.<br><\/p>\n","protected":false},"excerpt":{"rendered":"<p>Liebe Eltern und Erziehungsberechtigte k\u00fcnftiger F\u00fcnftkl\u00e4ssler*innen! Im folgenden Beitrag erhalten Sie alle Informationen zum Anmeldezeitraum am Goethe-Gymnasium. <a class=\"more-link\" href=\"https:\/\/goethe-gymnasium.berlin\/index.php\/2020\/06\/24\/tag-der-offenen-tuer-und-anmeldezeitraum\/\">Weiterlesen &#8230;<\/a><\/p>\n","protected":false},"author":4,"featured_media":1899,"comment_status":"closed","ping_status":"closed","sticky":false,"template":"","format":"standard","meta":{"footnotes":""},"categories":[82],"tags":[249,58,250],"class_list":["post-5030","post","type-post","status-publish","format-standard","has-post-thumbnail","hentry","category-anmeldung","tag-anmeldezeitraum","tag-anmeldung","tag-tag-der-offenen-tuer"],"yoast_head":"<!-- This site is optimized with the Yoast SEO plugin v27.4 - https:\/\/yoast.com\/product\/yoast-seo-wordpress\/ -->\n<title>Anmeldezeitraum - Goethe-Gymnasium Berlin-Wilmersdorf<\/title>\n<meta name=\"description\" content=\"Goethe-Gymnasium Berlin-Wilmersdorf\" \/>\n<meta name=\"robots\" content=\"index, follow, max-snippet:-1, max-image-preview:large, max-video-preview:-1\" \/>\n<link rel=\"canonical\" href=\"https:\/\/goethe-gymnasium.berlin\/index.php\/2020\/06\/24\/tag-der-offenen-tuer-und-anmeldezeitraum\/\" \/>\n<meta property=\"og:locale\" content=\"de_DE\" \/>\n<meta property=\"og:type\" content=\"article\" \/>\n<meta property=\"og:title\" content=\"Anmeldezeitraum - Goethe-Gymnasium Berlin-Wilmersdorf\" \/>\n<meta property=\"og:description\" content=\"Goethe-Gymnasium Berlin-Wilmersdorf\" \/>\n<meta property=\"og:url\" content=\"https:\/\/goethe-gymnasium.berlin\/index.php\/2020\/06\/24\/tag-der-offenen-tuer-und-anmeldezeitraum\/\" \/>\n<meta property=\"og:site_name\" content=\"Goethe-Gymnasium Berlin-Wilmersdorf\" \/>\n<meta property=\"article:publisher\" content=\"https:\/\/www.facebook.com\/pages\/Goethe-Gymnasium\/109376575754402\" \/>\n<meta property=\"article:published_time\" content=\"2020-06-24T14:50:00+00:00\" \/>\n<meta property=\"article:modified_time\" content=\"2022-11-16T21:05:14+00:00\" \/>\n<meta property=\"og:image\" content=\"https:\/\/goethe-gymnasium.berlin\/wp-content\/uploads\/2018\/10\/goethegym2017.jpg\" \/>\n\t<meta property=\"og:image:width\" content=\"1500\" \/>\n\t<meta property=\"og:image:height\" content=\"1000\" \/>\n\t<meta property=\"og:image:type\" content=\"image\/jpeg\" \/>\n<meta name=\"author\" content=\"BWeber\" \/>\n<meta name=\"twitter:card\" content=\"summary_large_image\" \/>\n<meta name=\"twitter:label1\" content=\"Verfasst von\" \/>\n\t<meta name=\"twitter:data1\" content=\"BWeber\" \/>\n\t<meta name=\"twitter:label2\" content=\"Gesch\u00e4tzte Lesezeit\" \/>\n\t<meta name=\"twitter:data2\" content=\"2\u00a0Minuten\" \/>\n<script type=\"application\/ld+json\" class=\"yoast-schema-graph\">{\"@context\":\"https:\\\/\\\/schema.org\",\"@graph\":[{\"@type\":\"Article\",\"@id\":\"https:\\\/\\\/goethe-gymnasium.berlin\\\/index.php\\\/2020\\\/06\\\/24\\\/tag-der-offenen-tuer-und-anmeldezeitraum\\\/#article\",\"isPartOf\":{\"@id\":\"https:\\\/\\\/goethe-gymnasium.berlin\\\/index.php\\\/2020\\\/06\\\/24\\\/tag-der-offenen-tuer-und-anmeldezeitraum\\\/\"},\"author\":{\"name\":\"BWeber\",\"@id\":\"https:\\\/\\\/goethe-gymnasium.berlin\\\/#\\\/schema\\\/person\\\/657649ee416ae4c87decf9eca214731b\"},\"headline\":\"Anmeldezeitraum\",\"datePublished\":\"2020-06-24T14:50:00+00:00\",\"dateModified\":\"2022-11-16T21:05:14+00:00\",\"mainEntityOfPage\":{\"@id\":\"https:\\\/\\\/goethe-gymnasium.berlin\\\/index.php\\\/2020\\\/06\\\/24\\\/tag-der-offenen-tuer-und-anmeldezeitraum\\\/\"},\"wordCount\":233,\"publisher\":{\"@id\":\"https:\\\/\\\/goethe-gymnasium.berlin\\\/#organization\"},\"image\":{\"@id\":\"https:\\\/\\\/goethe-gymnasium.berlin\\\/index.php\\\/2020\\\/06\\\/24\\\/tag-der-offenen-tuer-und-anmeldezeitraum\\\/#primaryimage\"},\"thumbnailUrl\":\"https:\\\/\\\/goethe-gymnasium.berlin\\\/wp-content\\\/uploads\\\/2018\\\/10\\\/goethegym2017.jpg\",\"keywords\":[\"Anmeldezeitraum\",\"Anmeldung\",\"Tag der Offenen T\u00fcr\"],\"articleSection\":[\"Anmeldung\"],\"inLanguage\":\"de\"},{\"@type\":\"WebPage\",\"@id\":\"https:\\\/\\\/goethe-gymnasium.berlin\\\/index.php\\\/2020\\\/06\\\/24\\\/tag-der-offenen-tuer-und-anmeldezeitraum\\\/\",\"url\":\"https:\\\/\\\/goethe-gymnasium.berlin\\\/index.php\\\/2020\\\/06\\\/24\\\/tag-der-offenen-tuer-und-anmeldezeitraum\\\/\",\"name\":\"Anmeldezeitraum - Goethe-Gymnasium Berlin-Wilmersdorf\",\"isPartOf\":{\"@id\":\"https:\\\/\\\/goethe-gymnasium.berlin\\\/#website\"},\"primaryImageOfPage\":{\"@id\":\"https:\\\/\\\/goethe-gymnasium.berlin\\\/index.php\\\/2020\\\/06\\\/24\\\/tag-der-offenen-tuer-und-anmeldezeitraum\\\/#primaryimage\"},\"image\":{\"@id\":\"https:\\\/\\\/goethe-gymnasium.berlin\\\/index.php\\\/2020\\\/06\\\/24\\\/tag-der-offenen-tuer-und-anmeldezeitraum\\\/#primaryimage\"},\"thumbnailUrl\":\"https:\\\/\\\/goethe-gymnasium.berlin\\\/wp-content\\\/uploads\\\/2018\\\/10\\\/goethegym2017.jpg\",\"datePublished\":\"2020-06-24T14:50:00+00:00\",\"dateModified\":\"2022-11-16T21:05:14+00:00\",\"description\":\"Goethe-Gymnasium Berlin-Wilmersdorf\",\"breadcrumb\":{\"@id\":\"https:\\\/\\\/goethe-gymnasium.berlin\\\/index.php\\\/2020\\\/06\\\/24\\\/tag-der-offenen-tuer-und-anmeldezeitraum\\\/#breadcrumb\"},\"inLanguage\":\"de\",\"potentialAction\":[{\"@type\":\"ReadAction\",\"target\":[\"https:\\\/\\\/goethe-gymnasium.berlin\\\/index.php\\\/2020\\\/06\\\/24\\\/tag-der-offenen-tuer-und-anmeldezeitraum\\\/\"]}]},{\"@type\":\"ImageObject\",\"inLanguage\":\"de\",\"@id\":\"https:\\\/\\\/goethe-gymnasium.berlin\\\/index.php\\\/2020\\\/06\\\/24\\\/tag-der-offenen-tuer-und-anmeldezeitraum\\\/#primaryimage\",\"url\":\"https:\\\/\\\/goethe-gymnasium.berlin\\\/wp-content\\\/uploads\\\/2018\\\/10\\\/goethegym2017.jpg\",\"contentUrl\":\"https:\\\/\\\/goethe-gymnasium.berlin\\\/wp-content\\\/uploads\\\/2018\\\/10\\\/goethegym2017.jpg\",\"width\":1500,\"height\":1000,\"caption\":\"Schulhaus 2017 (nach der Fassadenreinigung)\"},{\"@type\":\"BreadcrumbList\",\"@id\":\"https:\\\/\\\/goethe-gymnasium.berlin\\\/index.php\\\/2020\\\/06\\\/24\\\/tag-der-offenen-tuer-und-anmeldezeitraum\\\/#breadcrumb\",\"itemListElement\":[{\"@type\":\"ListItem\",\"position\":1,\"name\":\"Startseite\",\"item\":\"https:\\\/\\\/goethe-gymnasium.berlin\\\/\"},{\"@type\":\"ListItem\",\"position\":2,\"name\":\"Anmeldezeitraum\"}]},{\"@type\":\"WebSite\",\"@id\":\"https:\\\/\\\/goethe-gymnasium.berlin\\\/#website\",\"url\":\"https:\\\/\\\/goethe-gymnasium.berlin\\\/\",\"name\":\"Goethe-Gymnasium Berlin-Wilmersdorf\",\"description\":\"\",\"publisher\":{\"@id\":\"https:\\\/\\\/goethe-gymnasium.berlin\\\/#organization\"},\"potentialAction\":[{\"@type\":\"SearchAction\",\"target\":{\"@type\":\"EntryPoint\",\"urlTemplate\":\"https:\\\/\\\/goethe-gymnasium.berlin\\\/?s={search_term_string}\"},\"query-input\":{\"@type\":\"PropertyValueSpecification\",\"valueRequired\":true,\"valueName\":\"search_term_string\"}}],\"inLanguage\":\"de\"},{\"@type\":\"Organization\",\"@id\":\"https:\\\/\\\/goethe-gymnasium.berlin\\\/#organization\",\"name\":\"Goethe-Gymnasium Berlin-Wilmersdorf\",\"url\":\"https:\\\/\\\/goethe-gymnasium.berlin\\\/\",\"logo\":{\"@type\":\"ImageObject\",\"inLanguage\":\"de\",\"@id\":\"https:\\\/\\\/goethe-gymnasium.berlin\\\/#\\\/schema\\\/logo\\\/image\\\/\",\"url\":\"https:\\\/\\\/goethe-gymnasium.berlin\\\/wp-content\\\/uploads\\\/2018\\\/04\\\/goethe-logo_hoch.png\",\"contentUrl\":\"https:\\\/\\\/goethe-gymnasium.berlin\\\/wp-content\\\/uploads\\\/2018\\\/04\\\/goethe-logo_hoch.png\",\"width\":755,\"height\":514,\"caption\":\"Goethe-Gymnasium Berlin-Wilmersdorf\"},\"image\":{\"@id\":\"https:\\\/\\\/goethe-gymnasium.berlin\\\/#\\\/schema\\\/logo\\\/image\\\/\"},\"sameAs\":[\"https:\\\/\\\/www.facebook.com\\\/pages\\\/Goethe-Gymnasium\\\/109376575754402\",\"https:\\\/\\\/www.youtube.com\\\/channel\\\/UCMKuMVF9h_YkS3zmEp7SnzQ\"]},{\"@type\":\"Person\",\"@id\":\"https:\\\/\\\/goethe-gymnasium.berlin\\\/#\\\/schema\\\/person\\\/657649ee416ae4c87decf9eca214731b\",\"name\":\"BWeber\",\"image\":{\"@type\":\"ImageObject\",\"inLanguage\":\"de\",\"@id\":\"https:\\\/\\\/secure.gravatar.com\\\/avatar\\\/02bebd62837a35b7591c929f78cee097518003bae0426a33e45c214fc8bd37fb?s=96&d=mm&r=g\",\"url\":\"https:\\\/\\\/secure.gravatar.com\\\/avatar\\\/02bebd62837a35b7591c929f78cee097518003bae0426a33e45c214fc8bd37fb?s=96&d=mm&r=g\",\"contentUrl\":\"https:\\\/\\\/secure.gravatar.com\\\/avatar\\\/02bebd62837a35b7591c929f78cee097518003bae0426a33e45c214fc8bd37fb?s=96&d=mm&r=g\",\"caption\":\"BWeber\"},\"url\":\"https:\\\/\\\/goethe-gymnasium.berlin\\\/index.php\\\/author\\\/bweber\\\/\"}]}<\/script>\n<!-- \/ Yoast SEO plugin. -->","yoast_head_json":{"title":"Anmeldezeitraum - Goethe-Gymnasium Berlin-Wilmersdorf","description":"Goethe-Gymnasium Berlin-Wilmersdorf","robots":{"index":"index","follow":"follow","max-snippet":"max-snippet:-1","max-image-preview":"max-image-preview:large","max-video-preview":"max-video-preview:-1"},"canonical":"https:\/\/goethe-gymnasium.berlin\/index.php\/2020\/06\/24\/tag-der-offenen-tuer-und-anmeldezeitraum\/","og_locale":"de_DE","og_type":"article","og_title":"Anmeldezeitraum - Goethe-Gymnasium Berlin-Wilmersdorf","og_description":"Goethe-Gymnasium Berlin-Wilmersdorf","og_url":"https:\/\/goethe-gymnasium.berlin\/index.php\/2020\/06\/24\/tag-der-offenen-tuer-und-anmeldezeitraum\/","og_site_name":"Goethe-Gymnasium Berlin-Wilmersdorf","article_publisher":"https:\/\/www.facebook.com\/pages\/Goethe-Gymnasium\/109376575754402","article_published_time":"2020-06-24T14:50:00+00:00","article_modified_time":"2022-11-16T21:05:14+00:00","og_image":[{"width":1500,"height":1000,"url":"https:\/\/goethe-gymnasium.berlin\/wp-content\/uploads\/2018\/10\/goethegym2017.jpg","type":"image\/jpeg"}],"author":"BWeber","twitter_card":"summary_large_image","twitter_misc":{"Verfasst von":"BWeber","Gesch\u00e4tzte Lesezeit":"2\u00a0Minuten"},"schema":{"@context":"https:\/\/schema.org","@graph":[{"@type":"Article","@id":"https:\/\/goethe-gymnasium.berlin\/index.php\/2020\/06\/24\/tag-der-offenen-tuer-und-anmeldezeitraum\/#article","isPartOf":{"@id":"https:\/\/goethe-gymnasium.berlin\/index.php\/2020\/06\/24\/tag-der-offenen-tuer-und-anmeldezeitraum\/"},"author":{"name":"BWeber","@id":"https:\/\/goethe-gymnasium.berlin\/#\/schema\/person\/657649ee416ae4c87decf9eca214731b"},"headline":"Anmeldezeitraum","datePublished":"2020-06-24T14:50:00+00:00","dateModified":"2022-11-16T21:05:14+00:00","mainEntityOfPage":{"@id":"https:\/\/goethe-gymnasium.berlin\/index.php\/2020\/06\/24\/tag-der-offenen-tuer-und-anmeldezeitraum\/"},"wordCount":233,"publisher":{"@id":"https:\/\/goethe-gymnasium.berlin\/#organization"},"image":{"@id":"https:\/\/goethe-gymnasium.berlin\/index.php\/2020\/06\/24\/tag-der-offenen-tuer-und-anmeldezeitraum\/#primaryimage"},"thumbnailUrl":"https:\/\/goethe-gymnasium.berlin\/wp-content\/uploads\/2018\/10\/goethegym2017.jpg","keywords":["Anmeldezeitraum","Anmeldung","Tag der Offenen T\u00fcr"],"articleSection":["Anmeldung"],"inLanguage":"de"},{"@type":"WebPage","@id":"https:\/\/goethe-gymnasium.berlin\/index.php\/2020\/06\/24\/tag-der-offenen-tuer-und-anmeldezeitraum\/","url":"https:\/\/goethe-gymnasium.berlin\/index.php\/2020\/06\/24\/tag-der-offenen-tuer-und-anmeldezeitraum\/","name":"Anmeldezeitraum - Goethe-Gymnasium Berlin-Wilmersdorf","isPartOf":{"@id":"https:\/\/goethe-gymnasium.berlin\/#website"},"primaryImageOfPage":{"@id":"https:\/\/goethe-gymnasium.berlin\/index.php\/2020\/06\/24\/tag-der-offenen-tuer-und-anmeldezeitraum\/#primaryimage"},"image":{"@id":"https:\/\/goethe-gymnasium.berlin\/index.php\/2020\/06\/24\/tag-der-offenen-tuer-und-anmeldezeitraum\/#primaryimage"},"thumbnailUrl":"https:\/\/goethe-gymnasium.berlin\/wp-content\/uploads\/2018\/10\/goethegym2017.jpg","datePublished":"2020-06-24T14:50:00+00:00","dateModified":"2022-11-16T21:05:14+00:00","description":"Goethe-Gymnasium Berlin-Wilmersdorf","breadcrumb":{"@id":"https:\/\/goethe-gymnasium.berlin\/index.php\/2020\/06\/24\/tag-der-offenen-tuer-und-anmeldezeitraum\/#breadcrumb"},"inLanguage":"de","potentialAction":[{"@type":"ReadAction","target":["https:\/\/goethe-gymnasium.berlin\/index.php\/2020\/06\/24\/tag-der-offenen-tuer-und-anmeldezeitraum\/"]}]},{"@type":"ImageObject","inLanguage":"de","@id":"https:\/\/goethe-gymnasium.berlin\/index.php\/2020\/06\/24\/tag-der-offenen-tuer-und-anmeldezeitraum\/#primaryimage","url":"https:\/\/goethe-gymnasium.berlin\/wp-content\/uploads\/2018\/10\/goethegym2017.jpg","contentUrl":"https:\/\/goethe-gymnasium.berlin\/wp-content\/uploads\/2018\/10\/goethegym2017.jpg","width":1500,"height":1000,"caption":"Schulhaus 2017 (nach der Fassadenreinigung)"},{"@type":"BreadcrumbList","@id":"https:\/\/goethe-gymnasium.berlin\/index.php\/2020\/06\/24\/tag-der-offenen-tuer-und-anmeldezeitraum\/#breadcrumb","itemListElement":[{"@type":"ListItem","position":1,"name":"Startseite","item":"https:\/\/goethe-gymnasium.berlin\/"},{"@type":"ListItem","position":2,"name":"Anmeldezeitraum"}]},{"@type":"WebSite","@id":"https:\/\/goethe-gymnasium.berlin\/#website","url":"https:\/\/goethe-gymnasium.berlin\/","name":"Goethe-Gymnasium Berlin-Wilmersdorf","description":"","publisher":{"@id":"https:\/\/goethe-gymnasium.berlin\/#organization"},"potentialAction":[{"@type":"SearchAction","target":{"@type":"EntryPoint","urlTemplate":"https:\/\/goethe-gymnasium.berlin\/?s={search_term_string}"},"query-input":{"@type":"PropertyValueSpecification","valueRequired":true,"valueName":"search_term_string"}}],"inLanguage":"de"},{"@type":"Organization","@id":"https:\/\/goethe-gymnasium.berlin\/#organization","name":"Goethe-Gymnasium Berlin-Wilmersdorf","url":"https:\/\/goethe-gymnasium.berlin\/","logo":{"@type":"ImageObject","inLanguage":"de","@id":"https:\/\/goethe-gymnasium.berlin\/#\/schema\/logo\/image\/","url":"https:\/\/goethe-gymnasium.berlin\/wp-content\/uploads\/2018\/04\/goethe-logo_hoch.png","contentUrl":"https:\/\/goethe-gymnasium.berlin\/wp-content\/uploads\/2018\/04\/goethe-logo_hoch.png","width":755,"height":514,"caption":"Goethe-Gymnasium Berlin-Wilmersdorf"},"image":{"@id":"https:\/\/goethe-gymnasium.berlin\/#\/schema\/logo\/image\/"},"sameAs":["https:\/\/www.facebook.com\/pages\/Goethe-Gymnasium\/109376575754402","https:\/\/www.youtube.com\/channel\/UCMKuMVF9h_YkS3zmEp7SnzQ"]},{"@type":"Person","@id":"https:\/\/goethe-gymnasium.berlin\/#\/schema\/person\/657649ee416ae4c87decf9eca214731b","name":"BWeber","image":{"@type":"ImageObject","inLanguage":"de","@id":"https:\/\/secure.gravatar.com\/avatar\/02bebd62837a35b7591c929f78cee097518003bae0426a33e45c214fc8bd37fb?s=96&d=mm&r=g","url":"https:\/\/secure.gravatar.com\/avatar\/02bebd62837a35b7591c929f78cee097518003bae0426a33e45c214fc8bd37fb?s=96&d=mm&r=g","contentUrl":"https:\/\/secure.gravatar.com\/avatar\/02bebd62837a35b7591c929f78cee097518003bae0426a33e45c214fc8bd37fb?s=96&d=mm&r=g","caption":"BWeber"},"url":"https:\/\/goethe-gymnasium.berlin\/index.php\/author\/bweber\/"}]}},"_links":{"self":[{"href":"https:\/\/goethe-gymnasium.berlin\/index.php\/wp-json\/wp\/v2\/posts\/5030","targetHints":{"allow":["GET"]}}],"collection":[{"href":"https:\/\/goethe-gymnasium.berlin\/index.php\/wp-json\/wp\/v2\/posts"}],"about":[{"href":"https:\/\/goethe-gymnasium.berlin\/index.php\/wp-json\/wp\/v2\/types\/post"}],"author":[{"embeddable":true,"href":"https:\/\/goethe-gymnasium.berlin\/index.php\/wp-json\/wp\/v2\/users\/4"}],"replies":[{"embeddable":true,"href":"https:\/\/goethe-gymnasium.berlin\/index.php\/wp-json\/wp\/v2\/comments?post=5030"}],"version-history":[{"count":16,"href":"https:\/\/goethe-gymnasium.berlin\/index.php\/wp-json\/wp\/v2\/posts\/5030\/revisions"}],"predecessor-version":[{"id":10003,"href":"https:\/\/goethe-gymnasium.berlin\/index.php\/wp-json\/wp\/v2\/posts\/5030\/revisions\/10003"}],"wp:featuredmedia":[{"embeddable":true,"href":"https:\/\/goethe-gymnasium.berlin\/index.php\/wp-json\/wp\/v2\/media\/1899"}],"wp:attachment":[{"href":"https:\/\/goethe-gymnasium.berlin\/index.php\/wp-json\/wp\/v2\/media?parent=5030"}],"wp:term":[{"taxonomy":"category","embeddable":true,"href":"https:\/\/goethe-gymnasium.berlin\/index.php\/wp-json\/wp\/v2\/categories?post=5030"},{"taxonomy":"post_tag","embeddable":true,"href":"https:\/\/goethe-gymnasium.berlin\/index.php\/wp-json\/wp\/v2\/tags?post=5030"}],"curies":[{"name":"wp","href":"https:\/\/api.w.org\/{rel}","templated":true}]}}