{"id":5008,"date":"2019-12-24T14:07:00","date_gmt":"2019-12-24T13:07:00","guid":{"rendered":"http:\/\/goethe-gymnasium.berlin\/?p=5008"},"modified":"2019-12-24T14:17:55","modified_gmt":"2019-12-24T13:17:55","slug":"zum-jahresschluss","status":"publish","type":"post","link":"https:\/\/goethe-gymnasium.berlin\/index.php\/2019\/12\/24\/zum-jahresschluss\/","title":{"rendered":"Zum Jahresschluss"},"content":{"rendered":"\n<p><em>Die anstrengende Vorweihnachtszeit ist hoffentlich gut \u00fcberstanden. Wir w\u00fcnschen nun der gesamten Schulgemeinschaft fr\u00f6hliche und friedvolle Weihnachtstage, einen guten Jahreswechsel und ein gesundes, gl\u00fcckliches und erfolgreiches Jahr 2020!<\/em><\/p>\n\n\n\n<p>Lesen Sie bitte auch die Gru\u00dfworte unseres Schulleiters, Herrn Freese,  in seinem <a rel=\"noreferrer noopener\" aria-label=\"Weihnachtsbrief (\u00f6ffnet in neuem Tab)\" href=\"http:\/\/goethe-gymnasium.berlin\/wp-content\/uploads\/2019\/12\/schulleitungsbrief2019-12.pdf\" target=\"_blank\">Jahresschlussbrief<\/a> an die Schulgemeinschaft.<\/p>\n\n\n\n<p>Die Schule beginnt dann wieder am Montag, d. 06. Januar 2020, um 8.00 Uhr.<\/p>\n","protected":false},"excerpt":{"rendered":"<p>Die anstrengende Vorweihnachtszeit ist hoffentlich gut \u00fcberstanden. Wir w\u00fcnschen nun der gesamten Schulgemeinschaft fr\u00f6hliche und friedvolle Weihnachtstage, einen guten Jahreswechsel und ein gesundes, gl\u00fcckliches und erfolgreiches Jahr 2020! <a class=\"more-link\" href=\"https:\/\/goethe-gymnasium.berlin\/index.php\/2019\/12\/24\/zum-jahresschluss\/\">Weiterlesen &#8230;<\/a><\/p>\n","protected":false},"author":4,"featured_media":5009,"comment_status":"closed","ping_status":"closed","sticky":false,"template":"","format":"standard","meta":{"footnotes":""},"categories":[4],"tags":[247,248],"class_list":["post-5008","post","type-post","status-publish","format-standard","has-post-thumbnail","hentry","category-schulleben","tag-jahresschluss","tag-jahresschlussbrief-2019"],"yoast_head":"<!-- This site is optimized with the Yoast SEO plugin v27.4 - https:\/\/yoast.com\/product\/yoast-seo-wordpress\/ -->\n<title>Zum Jahresschluss - Goethe-Gymnasium Berlin-Wilmersdorf<\/title>\n<meta name=\"description\" content=\"Goethe-Gymnasium Berlin-Wilmersdorf\" \/>\n<meta name=\"robots\" content=\"index, follow, max-snippet:-1, max-image-preview:large, max-video-preview:-1\" \/>\n<link rel=\"canonical\" href=\"https:\/\/goethe-gymnasium.berlin\/index.php\/2019\/12\/24\/zum-jahresschluss\/\" \/>\n<meta property=\"og:locale\" content=\"de_DE\" \/>\n<meta property=\"og:type\" content=\"article\" \/>\n<meta property=\"og:title\" content=\"Zum Jahresschluss - Goethe-Gymnasium Berlin-Wilmersdorf\" \/>\n<meta property=\"og:description\" content=\"Goethe-Gymnasium Berlin-Wilmersdorf\" \/>\n<meta property=\"og:url\" content=\"https:\/\/goethe-gymnasium.berlin\/index.php\/2019\/12\/24\/zum-jahresschluss\/\" \/>\n<meta property=\"og:site_name\" content=\"Goethe-Gymnasium Berlin-Wilmersdorf\" \/>\n<meta property=\"article:publisher\" content=\"https:\/\/www.facebook.com\/pages\/Goethe-Gymnasium\/109376575754402\" \/>\n<meta property=\"article:published_time\" content=\"2019-12-24T13:07:00+00:00\" \/>\n<meta property=\"article:modified_time\" content=\"2019-12-24T13:17:55+00:00\" \/>\n<meta property=\"og:image\" content=\"https:\/\/goethe-gymnasium.berlin\/wp-content\/uploads\/2019\/12\/weihnachten2014-2m.jpg\" \/>\n\t<meta property=\"og:image:width\" content=\"1296\" \/>\n\t<meta property=\"og:image:height\" content=\"1936\" \/>\n\t<meta property=\"og:image:type\" content=\"image\/jpeg\" \/>\n<meta name=\"author\" content=\"BWeber\" \/>\n<meta name=\"twitter:card\" content=\"summary_large_image\" \/>\n<meta name=\"twitter:label1\" content=\"Verfasst von\" \/>\n\t<meta name=\"twitter:data1\" content=\"BWeber\" \/>\n<script type=\"application\/ld+json\" class=\"yoast-schema-graph\">{\"@context\":\"https:\\\/\\\/schema.org\",\"@graph\":[{\"@type\":\"Article\",\"@id\":\"https:\\\/\\\/goethe-gymnasium.berlin\\\/index.php\\\/2019\\\/12\\\/24\\\/zum-jahresschluss\\\/#article\",\"isPartOf\":{\"@id\":\"https:\\\/\\\/goethe-gymnasium.berlin\\\/index.php\\\/2019\\\/12\\\/24\\\/zum-jahresschluss\\\/\"},\"author\":{\"name\":\"BWeber\",\"@id\":\"https:\\\/\\\/goethe-gymnasium.berlin\\\/#\\\/schema\\\/person\\\/657649ee416ae4c87decf9eca214731b\"},\"headline\":\"Zum Jahresschluss\",\"datePublished\":\"2019-12-24T13:07:00+00:00\",\"dateModified\":\"2019-12-24T13:17:55+00:00\",\"mainEntityOfPage\":{\"@id\":\"https:\\\/\\\/goethe-gymnasium.berlin\\\/index.php\\\/2019\\\/12\\\/24\\\/zum-jahresschluss\\\/\"},\"wordCount\":60,\"publisher\":{\"@id\":\"https:\\\/\\\/goethe-gymnasium.berlin\\\/#organization\"},\"image\":{\"@id\":\"https:\\\/\\\/goethe-gymnasium.berlin\\\/index.php\\\/2019\\\/12\\\/24\\\/zum-jahresschluss\\\/#primaryimage\"},\"thumbnailUrl\":\"https:\\\/\\\/goethe-gymnasium.berlin\\\/wp-content\\\/uploads\\\/2019\\\/12\\\/weihnachten2014-2m.jpg\",\"keywords\":[\"Jahresschluss\",\"Jahresschlussbrief 2019\"],\"articleSection\":[\"Schulleben\"],\"inLanguage\":\"de\"},{\"@type\":\"WebPage\",\"@id\":\"https:\\\/\\\/goethe-gymnasium.berlin\\\/index.php\\\/2019\\\/12\\\/24\\\/zum-jahresschluss\\\/\",\"url\":\"https:\\\/\\\/goethe-gymnasium.berlin\\\/index.php\\\/2019\\\/12\\\/24\\\/zum-jahresschluss\\\/\",\"name\":\"Zum Jahresschluss - Goethe-Gymnasium Berlin-Wilmersdorf\",\"isPartOf\":{\"@id\":\"https:\\\/\\\/goethe-gymnasium.berlin\\\/#website\"},\"primaryImageOfPage\":{\"@id\":\"https:\\\/\\\/goethe-gymnasium.berlin\\\/index.php\\\/2019\\\/12\\\/24\\\/zum-jahresschluss\\\/#primaryimage\"},\"image\":{\"@id\":\"https:\\\/\\\/goethe-gymnasium.berlin\\\/index.php\\\/2019\\\/12\\\/24\\\/zum-jahresschluss\\\/#primaryimage\"},\"thumbnailUrl\":\"https:\\\/\\\/goethe-gymnasium.berlin\\\/wp-content\\\/uploads\\\/2019\\\/12\\\/weihnachten2014-2m.jpg\",\"datePublished\":\"2019-12-24T13:07:00+00:00\",\"dateModified\":\"2019-12-24T13:17:55+00:00\",\"description\":\"Goethe-Gymnasium Berlin-Wilmersdorf\",\"breadcrumb\":{\"@id\":\"https:\\\/\\\/goethe-gymnasium.berlin\\\/index.php\\\/2019\\\/12\\\/24\\\/zum-jahresschluss\\\/#breadcrumb\"},\"inLanguage\":\"de\",\"potentialAction\":[{\"@type\":\"ReadAction\",\"target\":[\"https:\\\/\\\/goethe-gymnasium.berlin\\\/index.php\\\/2019\\\/12\\\/24\\\/zum-jahresschluss\\\/\"]}]},{\"@type\":\"ImageObject\",\"inLanguage\":\"de\",\"@id\":\"https:\\\/\\\/goethe-gymnasium.berlin\\\/index.php\\\/2019\\\/12\\\/24\\\/zum-jahresschluss\\\/#primaryimage\",\"url\":\"https:\\\/\\\/goethe-gymnasium.berlin\\\/wp-content\\\/uploads\\\/2019\\\/12\\\/weihnachten2014-2m.jpg\",\"contentUrl\":\"https:\\\/\\\/goethe-gymnasium.berlin\\\/wp-content\\\/uploads\\\/2019\\\/12\\\/weihnachten2014-2m.jpg\",\"width\":1296,\"height\":1936},{\"@type\":\"BreadcrumbList\",\"@id\":\"https:\\\/\\\/goethe-gymnasium.berlin\\\/index.php\\\/2019\\\/12\\\/24\\\/zum-jahresschluss\\\/#breadcrumb\",\"itemListElement\":[{\"@type\":\"ListItem\",\"position\":1,\"name\":\"Startseite\",\"item\":\"https:\\\/\\\/goethe-gymnasium.berlin\\\/\"},{\"@type\":\"ListItem\",\"position\":2,\"name\":\"Zum Jahresschluss\"}]},{\"@type\":\"WebSite\",\"@id\":\"https:\\\/\\\/goethe-gymnasium.berlin\\\/#website\",\"url\":\"https:\\\/\\\/goethe-gymnasium.berlin\\\/\",\"name\":\"Goethe-Gymnasium Berlin-Wilmersdorf\",\"description\":\"\",\"publisher\":{\"@id\":\"https:\\\/\\\/goethe-gymnasium.berlin\\\/#organization\"},\"potentialAction\":[{\"@type\":\"SearchAction\",\"target\":{\"@type\":\"EntryPoint\",\"urlTemplate\":\"https:\\\/\\\/goethe-gymnasium.berlin\\\/?s={search_term_string}\"},\"query-input\":{\"@type\":\"PropertyValueSpecification\",\"valueRequired\":true,\"valueName\":\"search_term_string\"}}],\"inLanguage\":\"de\"},{\"@type\":\"Organization\",\"@id\":\"https:\\\/\\\/goethe-gymnasium.berlin\\\/#organization\",\"name\":\"Goethe-Gymnasium Berlin-Wilmersdorf\",\"url\":\"https:\\\/\\\/goethe-gymnasium.berlin\\\/\",\"logo\":{\"@type\":\"ImageObject\",\"inLanguage\":\"de\",\"@id\":\"https:\\\/\\\/goethe-gymnasium.berlin\\\/#\\\/schema\\\/logo\\\/image\\\/\",\"url\":\"https:\\\/\\\/goethe-gymnasium.berlin\\\/wp-content\\\/uploads\\\/2018\\\/04\\\/goethe-logo_hoch.png\",\"contentUrl\":\"https:\\\/\\\/goethe-gymnasium.berlin\\\/wp-content\\\/uploads\\\/2018\\\/04\\\/goethe-logo_hoch.png\",\"width\":755,\"height\":514,\"caption\":\"Goethe-Gymnasium Berlin-Wilmersdorf\"},\"image\":{\"@id\":\"https:\\\/\\\/goethe-gymnasium.berlin\\\/#\\\/schema\\\/logo\\\/image\\\/\"},\"sameAs\":[\"https:\\\/\\\/www.facebook.com\\\/pages\\\/Goethe-Gymnasium\\\/109376575754402\",\"https:\\\/\\\/www.youtube.com\\\/channel\\\/UCMKuMVF9h_YkS3zmEp7SnzQ\"]},{\"@type\":\"Person\",\"@id\":\"https:\\\/\\\/goethe-gymnasium.berlin\\\/#\\\/schema\\\/person\\\/657649ee416ae4c87decf9eca214731b\",\"name\":\"BWeber\",\"image\":{\"@type\":\"ImageObject\",\"inLanguage\":\"de\",\"@id\":\"https:\\\/\\\/secure.gravatar.com\\\/avatar\\\/02bebd62837a35b7591c929f78cee097518003bae0426a33e45c214fc8bd37fb?s=96&d=mm&r=g\",\"url\":\"https:\\\/\\\/secure.gravatar.com\\\/avatar\\\/02bebd62837a35b7591c929f78cee097518003bae0426a33e45c214fc8bd37fb?s=96&d=mm&r=g\",\"contentUrl\":\"https:\\\/\\\/secure.gravatar.com\\\/avatar\\\/02bebd62837a35b7591c929f78cee097518003bae0426a33e45c214fc8bd37fb?s=96&d=mm&r=g\",\"caption\":\"BWeber\"},\"url\":\"https:\\\/\\\/goethe-gymnasium.berlin\\\/index.php\\\/author\\\/bweber\\\/\"}]}<\/script>\n<!-- \/ Yoast SEO plugin. -->","yoast_head_json":{"title":"Zum Jahresschluss - Goethe-Gymnasium Berlin-Wilmersdorf","description":"Goethe-Gymnasium Berlin-Wilmersdorf","robots":{"index":"index","follow":"follow","max-snippet":"max-snippet:-1","max-image-preview":"max-image-preview:large","max-video-preview":"max-video-preview:-1"},"canonical":"https:\/\/goethe-gymnasium.berlin\/index.php\/2019\/12\/24\/zum-jahresschluss\/","og_locale":"de_DE","og_type":"article","og_title":"Zum Jahresschluss - Goethe-Gymnasium Berlin-Wilmersdorf","og_description":"Goethe-Gymnasium Berlin-Wilmersdorf","og_url":"https:\/\/goethe-gymnasium.berlin\/index.php\/2019\/12\/24\/zum-jahresschluss\/","og_site_name":"Goethe-Gymnasium Berlin-Wilmersdorf","article_publisher":"https:\/\/www.facebook.com\/pages\/Goethe-Gymnasium\/109376575754402","article_published_time":"2019-12-24T13:07:00+00:00","article_modified_time":"2019-12-24T13:17:55+00:00","og_image":[{"width":1296,"height":1936,"url":"https:\/\/goethe-gymnasium.berlin\/wp-content\/uploads\/2019\/12\/weihnachten2014-2m.jpg","type":"image\/jpeg"}],"author":"BWeber","twitter_card":"summary_large_image","twitter_misc":{"Verfasst von":"BWeber"},"schema":{"@context":"https:\/\/schema.org","@graph":[{"@type":"Article","@id":"https:\/\/goethe-gymnasium.berlin\/index.php\/2019\/12\/24\/zum-jahresschluss\/#article","isPartOf":{"@id":"https:\/\/goethe-gymnasium.berlin\/index.php\/2019\/12\/24\/zum-jahresschluss\/"},"author":{"name":"BWeber","@id":"https:\/\/goethe-gymnasium.berlin\/#\/schema\/person\/657649ee416ae4c87decf9eca214731b"},"headline":"Zum Jahresschluss","datePublished":"2019-12-24T13:07:00+00:00","dateModified":"2019-12-24T13:17:55+00:00","mainEntityOfPage":{"@id":"https:\/\/goethe-gymnasium.berlin\/index.php\/2019\/12\/24\/zum-jahresschluss\/"},"wordCount":60,"publisher":{"@id":"https:\/\/goethe-gymnasium.berlin\/#organization"},"image":{"@id":"https:\/\/goethe-gymnasium.berlin\/index.php\/2019\/12\/24\/zum-jahresschluss\/#primaryimage"},"thumbnailUrl":"https:\/\/goethe-gymnasium.berlin\/wp-content\/uploads\/2019\/12\/weihnachten2014-2m.jpg","keywords":["Jahresschluss","Jahresschlussbrief 2019"],"articleSection":["Schulleben"],"inLanguage":"de"},{"@type":"WebPage","@id":"https:\/\/goethe-gymnasium.berlin\/index.php\/2019\/12\/24\/zum-jahresschluss\/","url":"https:\/\/goethe-gymnasium.berlin\/index.php\/2019\/12\/24\/zum-jahresschluss\/","name":"Zum Jahresschluss - Goethe-Gymnasium Berlin-Wilmersdorf","isPartOf":{"@id":"https:\/\/goethe-gymnasium.berlin\/#website"},"primaryImageOfPage":{"@id":"https:\/\/goethe-gymnasium.berlin\/index.php\/2019\/12\/24\/zum-jahresschluss\/#primaryimage"},"image":{"@id":"https:\/\/goethe-gymnasium.berlin\/index.php\/2019\/12\/24\/zum-jahresschluss\/#primaryimage"},"thumbnailUrl":"https:\/\/goethe-gymnasium.berlin\/wp-content\/uploads\/2019\/12\/weihnachten2014-2m.jpg","datePublished":"2019-12-24T13:07:00+00:00","dateModified":"2019-12-24T13:17:55+00:00","description":"Goethe-Gymnasium Berlin-Wilmersdorf","breadcrumb":{"@id":"https:\/\/goethe-gymnasium.berlin\/index.php\/2019\/12\/24\/zum-jahresschluss\/#breadcrumb"},"inLanguage":"de","potentialAction":[{"@type":"ReadAction","target":["https:\/\/goethe-gymnasium.berlin\/index.php\/2019\/12\/24\/zum-jahresschluss\/"]}]},{"@type":"ImageObject","inLanguage":"de","@id":"https:\/\/goethe-gymnasium.berlin\/index.php\/2019\/12\/24\/zum-jahresschluss\/#primaryimage","url":"https:\/\/goethe-gymnasium.berlin\/wp-content\/uploads\/2019\/12\/weihnachten2014-2m.jpg","contentUrl":"https:\/\/goethe-gymnasium.berlin\/wp-content\/uploads\/2019\/12\/weihnachten2014-2m.jpg","width":1296,"height":1936},{"@type":"BreadcrumbList","@id":"https:\/\/goethe-gymnasium.berlin\/index.php\/2019\/12\/24\/zum-jahresschluss\/#breadcrumb","itemListElement":[{"@type":"ListItem","position":1,"name":"Startseite","item":"https:\/\/goethe-gymnasium.berlin\/"},{"@type":"ListItem","position":2,"name":"Zum Jahresschluss"}]},{"@type":"WebSite","@id":"https:\/\/goethe-gymnasium.berlin\/#website","url":"https:\/\/goethe-gymnasium.berlin\/","name":"Goethe-Gymnasium Berlin-Wilmersdorf","description":"","publisher":{"@id":"https:\/\/goethe-gymnasium.berlin\/#organization"},"potentialAction":[{"@type":"SearchAction","target":{"@type":"EntryPoint","urlTemplate":"https:\/\/goethe-gymnasium.berlin\/?s={search_term_string}"},"query-input":{"@type":"PropertyValueSpecification","valueRequired":true,"valueName":"search_term_string"}}],"inLanguage":"de"},{"@type":"Organization","@id":"https:\/\/goethe-gymnasium.berlin\/#organization","name":"Goethe-Gymnasium Berlin-Wilmersdorf","url":"https:\/\/goethe-gymnasium.berlin\/","logo":{"@type":"ImageObject","inLanguage":"de","@id":"https:\/\/goethe-gymnasium.berlin\/#\/schema\/logo\/image\/","url":"https:\/\/goethe-gymnasium.berlin\/wp-content\/uploads\/2018\/04\/goethe-logo_hoch.png","contentUrl":"https:\/\/goethe-gymnasium.berlin\/wp-content\/uploads\/2018\/04\/goethe-logo_hoch.png","width":755,"height":514,"caption":"Goethe-Gymnasium Berlin-Wilmersdorf"},"image":{"@id":"https:\/\/goethe-gymnasium.berlin\/#\/schema\/logo\/image\/"},"sameAs":["https:\/\/www.facebook.com\/pages\/Goethe-Gymnasium\/109376575754402","https:\/\/www.youtube.com\/channel\/UCMKuMVF9h_YkS3zmEp7SnzQ"]},{"@type":"Person","@id":"https:\/\/goethe-gymnasium.berlin\/#\/schema\/person\/657649ee416ae4c87decf9eca214731b","name":"BWeber","image":{"@type":"ImageObject","inLanguage":"de","@id":"https:\/\/secure.gravatar.com\/avatar\/02bebd62837a35b7591c929f78cee097518003bae0426a33e45c214fc8bd37fb?s=96&d=mm&r=g","url":"https:\/\/secure.gravatar.com\/avatar\/02bebd62837a35b7591c929f78cee097518003bae0426a33e45c214fc8bd37fb?s=96&d=mm&r=g","contentUrl":"https:\/\/secure.gravatar.com\/avatar\/02bebd62837a35b7591c929f78cee097518003bae0426a33e45c214fc8bd37fb?s=96&d=mm&r=g","caption":"BWeber"},"url":"https:\/\/goethe-gymnasium.berlin\/index.php\/author\/bweber\/"}]}},"_links":{"self":[{"href":"https:\/\/goethe-gymnasium.berlin\/index.php\/wp-json\/wp\/v2\/posts\/5008","targetHints":{"allow":["GET"]}}],"collection":[{"href":"https:\/\/goethe-gymnasium.berlin\/index.php\/wp-json\/wp\/v2\/posts"}],"about":[{"href":"https:\/\/goethe-gymnasium.berlin\/index.php\/wp-json\/wp\/v2\/types\/post"}],"author":[{"embeddable":true,"href":"https:\/\/goethe-gymnasium.berlin\/index.php\/wp-json\/wp\/v2\/users\/4"}],"replies":[{"embeddable":true,"href":"https:\/\/goethe-gymnasium.berlin\/index.php\/wp-json\/wp\/v2\/comments?post=5008"}],"version-history":[{"count":3,"href":"https:\/\/goethe-gymnasium.berlin\/index.php\/wp-json\/wp\/v2\/posts\/5008\/revisions"}],"predecessor-version":[{"id":5013,"href":"https:\/\/goethe-gymnasium.berlin\/index.php\/wp-json\/wp\/v2\/posts\/5008\/revisions\/5013"}],"wp:featuredmedia":[{"embeddable":true,"href":"https:\/\/goethe-gymnasium.berlin\/index.php\/wp-json\/wp\/v2\/media\/5009"}],"wp:attachment":[{"href":"https:\/\/goethe-gymnasium.berlin\/index.php\/wp-json\/wp\/v2\/media?parent=5008"}],"wp:term":[{"taxonomy":"category","embeddable":true,"href":"https:\/\/goethe-gymnasium.berlin\/index.php\/wp-json\/wp\/v2\/categories?post=5008"},{"taxonomy":"post_tag","embeddable":true,"href":"https:\/\/goethe-gymnasium.berlin\/index.php\/wp-json\/wp\/v2\/tags?post=5008"}],"curies":[{"name":"wp","href":"https:\/\/api.w.org\/{rel}","templated":true}]}}