{"id":4238,"date":"2019-08-04T17:22:29","date_gmt":"2019-08-04T15:22:29","guid":{"rendered":"http:\/\/goethe-gymnasium.berlin\/?p=4238"},"modified":"2019-08-04T17:23:47","modified_gmt":"2019-08-04T15:23:47","slug":"wie-sokrates-nach-reckahn-kam","status":"publish","type":"post","link":"https:\/\/goethe-gymnasium.berlin\/index.php\/2019\/08\/04\/wie-sokrates-nach-reckahn-kam\/","title":{"rendered":"Wie Sokrates nach Reckahn kam"},"content":{"rendered":"\n<p>Das Schloss und die <a rel=\"noreferrer noopener\" aria-label=\"Museen von Reckahn (\u00f6ffnet in neuem Tab)\" href=\"https:\/\/reckahner-museen.byseum.de\/de\/home\" target=\"_blank\">Museen von Reckahn<\/a>, einem beschaulichen D\u00f6rfchen in Brandenburg, waren Schaupl\u00e4tze eines Kollegiumsausflugs in der Vorbereitungswoche f\u00fcr das neue Schuljahr.<\/p>\n\n\n\n<figure class=\"wp-block-image\"><a href=\"http:\/\/goethe-gymnasium.berlin\/wp-content\/uploads\/2019\/08\/reckahn06m.jpg\"><img loading=\"lazy\" decoding=\"async\" width=\"1367\" height=\"1024\" src=\"http:\/\/goethe-gymnasium.berlin\/wp-content\/uploads\/2019\/08\/reckahn06m-1367x1024.jpg\" alt=\"\" class=\"wp-image-4242\" srcset=\"https:\/\/goethe-gymnasium.berlin\/wp-content\/uploads\/2019\/08\/reckahn06m-1367x1024.jpg 1367w, https:\/\/goethe-gymnasium.berlin\/wp-content\/uploads\/2019\/08\/reckahn06m-300x225.jpg 300w, https:\/\/goethe-gymnasium.berlin\/wp-content\/uploads\/2019\/08\/reckahn06m-768x575.jpg 768w, https:\/\/goethe-gymnasium.berlin\/wp-content\/uploads\/2019\/08\/reckahn06m.jpg 1915w\" sizes=\"auto, (max-width: 1367px) 100vw, 1367px\" \/><\/a><figcaption><em>Goethe-Kollegium in Reckahn<\/em><\/figcaption><\/figure>\n\n\n\n<p>Unter dem Motto &#8222;p\u00e4dagogische Beziehungen&#8220; wurden das Kollegium des Goethe-Gymnasiums \u00fcber die reformerischen Bestrebungen des adligen Gutsherrenpaares von Rochow gegen Ende des 18. Jahrhunderts aufgekl\u00e4rt.<\/p>\n\n\n\n<div class=\"wp-block-media-text alignwide has-media-on-the-right is-stacked-on-mobile\"><figure class=\"wp-block-media-text__media\"><img loading=\"lazy\" decoding=\"async\" width=\"768\" height=\"1024\" src=\"http:\/\/goethe-gymnasium.berlin\/wp-content\/uploads\/2019\/08\/reckahn02m-768x1024.jpg\" alt=\"\" class=\"wp-image-4246\" srcset=\"https:\/\/goethe-gymnasium.berlin\/wp-content\/uploads\/2019\/08\/reckahn02m-768x1024.jpg 768w, https:\/\/goethe-gymnasium.berlin\/wp-content\/uploads\/2019\/08\/reckahn02m-225x300.jpg 225w, https:\/\/goethe-gymnasium.berlin\/wp-content\/uploads\/2019\/08\/reckahn02m.jpg 1488w\" sizes=\"auto, (max-width: 768px) 100vw, 768px\" \/><\/figure><div class=\"wp-block-media-text__content\">\n<p>Dabei stellten wir einmal mehr die Nachhaltigkeit der Antike fest: Denn  an der Schule, die das Ehepaar von Wochow gr\u00fcndete, um allen Kindern  ihrer Gutsherrschaft st\u00e4nde\u00fcbergreifend eine Grundbildung zukommen zu  lassen, unterrichtete der Schulmeister Heinrich Bruns. Dieser pflegte  wegweisend f\u00fcr die damalige Zeit mit seinen Sch\u00fclerinnen und Sch\u00fclern  das sokratische Gespr\u00e4ch, um sie im Sinne der Aufkl\u00e4rung und des  Philosophen Immanuel Kant in die Lage zu versetzen, sich ihres eigenen  Verstandes zu bedienen (<em>&#8222;Sapere aude!&#8220;<\/em>). <\/p>\n<\/div><\/div>\n\n\n\n<p><\/p>\n\n\n\n<ul class=\"wp-block-gallery columns-2 is-cropped wp-block-gallery-2 is-layout-flex wp-block-gallery-is-layout-flex\"><li class=\"blocks-gallery-item\"><figure><a href=\"http:\/\/goethe-gymnasium.berlin\/wp-content\/uploads\/2019\/08\/reckahn03m-1365x1024.jpg\"><img loading=\"lazy\" decoding=\"async\" width=\"1365\" height=\"1024\" src=\"http:\/\/goethe-gymnasium.berlin\/wp-content\/uploads\/2019\/08\/reckahn03m-1365x1024.jpg\" alt=\"\" data-id=\"4245\" data-link=\"http:\/\/goethe-gymnasium.berlin\/reckahn03m\/\" class=\"wp-image-4245\" srcset=\"https:\/\/goethe-gymnasium.berlin\/wp-content\/uploads\/2019\/08\/reckahn03m-1365x1024.jpg 1365w, https:\/\/goethe-gymnasium.berlin\/wp-content\/uploads\/2019\/08\/reckahn03m-300x225.jpg 300w, https:\/\/goethe-gymnasium.berlin\/wp-content\/uploads\/2019\/08\/reckahn03m-768x576.jpg 768w, https:\/\/goethe-gymnasium.berlin\/wp-content\/uploads\/2019\/08\/reckahn03m.jpg 1929w\" sizes=\"auto, (max-width: 1365px) 100vw, 1365px\" \/><\/a><figcaption>Wieder auf der Schulbank &#8230;<\/figcaption><\/figure><\/li><li class=\"blocks-gallery-item\"><figure><a href=\"http:\/\/goethe-gymnasium.berlin\/wp-content\/uploads\/2019\/08\/reckahn04m-768x1024.jpg\"><img loading=\"lazy\" decoding=\"async\" width=\"768\" height=\"1024\" src=\"http:\/\/goethe-gymnasium.berlin\/wp-content\/uploads\/2019\/08\/reckahn04m-768x1024.jpg\" alt=\"\" data-id=\"4244\" data-link=\"http:\/\/goethe-gymnasium.berlin\/reckahn04m\/\" class=\"wp-image-4244\" srcset=\"https:\/\/goethe-gymnasium.berlin\/wp-content\/uploads\/2019\/08\/reckahn04m-768x1024.jpg 768w, https:\/\/goethe-gymnasium.berlin\/wp-content\/uploads\/2019\/08\/reckahn04m-225x300.jpg 225w, https:\/\/goethe-gymnasium.berlin\/wp-content\/uploads\/2019\/08\/reckahn04m.jpg 1488w\" sizes=\"auto, (max-width: 768px) 100vw, 768px\" \/><\/a><figcaption>&#8230; aber gern auch am Lehrerpult<\/figcaption><\/figure><\/li><li class=\"blocks-gallery-item\"><figure><a href=\"http:\/\/goethe-gymnasium.berlin\/wp-content\/uploads\/2019\/08\/reckahn05m-1365x1024.jpg\"><img loading=\"lazy\" decoding=\"async\" width=\"1365\" height=\"1024\" src=\"http:\/\/goethe-gymnasium.berlin\/wp-content\/uploads\/2019\/08\/reckahn05m-1365x1024.jpg\" alt=\"\" data-id=\"4243\" data-link=\"http:\/\/goethe-gymnasium.berlin\/reckahn05m\/\" class=\"wp-image-4243\" srcset=\"https:\/\/goethe-gymnasium.berlin\/wp-content\/uploads\/2019\/08\/reckahn05m-1365x1024.jpg 1365w, https:\/\/goethe-gymnasium.berlin\/wp-content\/uploads\/2019\/08\/reckahn05m-300x225.jpg 300w, https:\/\/goethe-gymnasium.berlin\/wp-content\/uploads\/2019\/08\/reckahn05m-768x576.jpg 768w, https:\/\/goethe-gymnasium.berlin\/wp-content\/uploads\/2019\/08\/reckahn05m.jpg 1984w\" sizes=\"auto, (max-width: 1365px) 100vw, 1365px\" \/><\/a><figcaption>P\u00e4dagogische Diskussion<\/figcaption><\/figure><\/li><\/ul>\n\n\n\n<p>Untermauert wurden diese historischen Bez\u00fcge durch einen Vortrag der Professorin Annedore Prengel \u00fcber die Ethik p\u00e4dagogischer Beziehungen zwischen Lehrer*innen und Sch\u00fcler*innen im Spannungsfeld zwischen Anerkennung und Verletzung (vgl. die <a href=\"http:\/\/goethe-gymnasium.berlin\/wp-content\/uploads\/2019\/08\/reckahn_reflexionen.pdf\" target=\"_blank\" rel=\"noreferrer noopener\" aria-label=\"Reckahner Reflexionen (\u00f6ffnet in neuem Tab)\">Reckahner Reflexionen<\/a>).<\/p>\n\n\n\n<p>So ger\u00fcstet durch zahlreiche Informationen und anregende Gespr\u00e4che freut sich das Kollegium nun auf das neue Schuljahr und die Begegnungen mit alten und neuen Sch\u00fcler*innen.<\/p>\n\n\n\n<p style=\"text-align:right\"><em>Text: Frau Krousky und Frau Dr. Weber (Schuljahr 2019\/20)<br>Fotos: Frau Dr. Weber (Schuljahr 2019\/20)<\/em><\/p>\n","protected":false},"excerpt":{"rendered":"<p>Das Schloss und die Museen von Reckahn, einem beschaulichen D\u00f6rfchen in Brandenburg, waren Schaupl\u00e4tze eines Kollegiumsausflugs in der Vorbereitungswoche f\u00fcr das neue Schuljahr. <a class=\"more-link\" href=\"https:\/\/goethe-gymnasium.berlin\/index.php\/2019\/08\/04\/wie-sokrates-nach-reckahn-kam\/\">Weiterlesen &#8230;<\/a><\/p>\n","protected":false},"author":4,"featured_media":4247,"comment_status":"closed","ping_status":"closed","sticky":false,"template":"","format":"standard","meta":{"footnotes":""},"categories":[5,4],"tags":[209,210],"class_list":["post-4238","post","type-post","status-publish","format-standard","has-post-thumbnail","hentry","category-berichte","category-schulleben","tag-kollegiumsausflug","tag-paedagogik"],"yoast_head":"<!-- This site is optimized with the Yoast SEO plugin v27.4 - https:\/\/yoast.com\/product\/yoast-seo-wordpress\/ -->\n<title>Wie Sokrates nach Reckahn kam - Goethe-Gymnasium Berlin-Wilmersdorf<\/title>\n<meta name=\"description\" content=\"Goethe-Gymnasium Berlin-Wilmersdorf\" \/>\n<meta name=\"robots\" content=\"index, follow, max-snippet:-1, max-image-preview:large, max-video-preview:-1\" \/>\n<link rel=\"canonical\" href=\"https:\/\/goethe-gymnasium.berlin\/index.php\/2019\/08\/04\/wie-sokrates-nach-reckahn-kam\/\" \/>\n<meta property=\"og:locale\" content=\"de_DE\" \/>\n<meta property=\"og:type\" content=\"article\" \/>\n<meta property=\"og:title\" content=\"Wie Sokrates nach Reckahn kam - Goethe-Gymnasium Berlin-Wilmersdorf\" \/>\n<meta property=\"og:description\" content=\"Goethe-Gymnasium Berlin-Wilmersdorf\" \/>\n<meta property=\"og:url\" content=\"https:\/\/goethe-gymnasium.berlin\/index.php\/2019\/08\/04\/wie-sokrates-nach-reckahn-kam\/\" \/>\n<meta property=\"og:site_name\" content=\"Goethe-Gymnasium Berlin-Wilmersdorf\" \/>\n<meta property=\"article:publisher\" content=\"https:\/\/www.facebook.com\/pages\/Goethe-Gymnasium\/109376575754402\" \/>\n<meta property=\"article:published_time\" content=\"2019-08-04T15:22:29+00:00\" \/>\n<meta property=\"article:modified_time\" content=\"2019-08-04T15:23:47+00:00\" \/>\n<meta property=\"og:image\" content=\"https:\/\/goethe-gymnasium.berlin\/wp-content\/uploads\/2019\/08\/reckahn01m.png\" \/>\n\t<meta property=\"og:image:width\" content=\"1119\" \/>\n\t<meta property=\"og:image:height\" content=\"791\" \/>\n\t<meta property=\"og:image:type\" content=\"image\/png\" \/>\n<meta name=\"author\" content=\"BWeber\" \/>\n<meta name=\"twitter:card\" content=\"summary_large_image\" \/>\n<meta name=\"twitter:label1\" content=\"Verfasst von\" \/>\n\t<meta name=\"twitter:data1\" content=\"BWeber\" \/>\n\t<meta name=\"twitter:label2\" content=\"Gesch\u00e4tzte Lesezeit\" \/>\n\t<meta name=\"twitter:data2\" content=\"1\u00a0Minute\" \/>\n<script type=\"application\/ld+json\" class=\"yoast-schema-graph\">{\"@context\":\"https:\\\/\\\/schema.org\",\"@graph\":[{\"@type\":\"Article\",\"@id\":\"https:\\\/\\\/goethe-gymnasium.berlin\\\/index.php\\\/2019\\\/08\\\/04\\\/wie-sokrates-nach-reckahn-kam\\\/#article\",\"isPartOf\":{\"@id\":\"https:\\\/\\\/goethe-gymnasium.berlin\\\/index.php\\\/2019\\\/08\\\/04\\\/wie-sokrates-nach-reckahn-kam\\\/\"},\"author\":{\"name\":\"BWeber\",\"@id\":\"https:\\\/\\\/goethe-gymnasium.berlin\\\/#\\\/schema\\\/person\\\/657649ee416ae4c87decf9eca214731b\"},\"headline\":\"Wie Sokrates nach Reckahn kam\",\"datePublished\":\"2019-08-04T15:22:29+00:00\",\"dateModified\":\"2019-08-04T15:23:47+00:00\",\"mainEntityOfPage\":{\"@id\":\"https:\\\/\\\/goethe-gymnasium.berlin\\\/index.php\\\/2019\\\/08\\\/04\\\/wie-sokrates-nach-reckahn-kam\\\/\"},\"wordCount\":233,\"publisher\":{\"@id\":\"https:\\\/\\\/goethe-gymnasium.berlin\\\/#organization\"},\"image\":{\"@id\":\"https:\\\/\\\/goethe-gymnasium.berlin\\\/index.php\\\/2019\\\/08\\\/04\\\/wie-sokrates-nach-reckahn-kam\\\/#primaryimage\"},\"thumbnailUrl\":\"https:\\\/\\\/goethe-gymnasium.berlin\\\/wp-content\\\/uploads\\\/2019\\\/08\\\/reckahn01m.png\",\"keywords\":[\"Kollegiumsausflug\",\"P\u00e4dagogik\"],\"articleSection\":[\"Berichte\",\"Schulleben\"],\"inLanguage\":\"de\"},{\"@type\":\"WebPage\",\"@id\":\"https:\\\/\\\/goethe-gymnasium.berlin\\\/index.php\\\/2019\\\/08\\\/04\\\/wie-sokrates-nach-reckahn-kam\\\/\",\"url\":\"https:\\\/\\\/goethe-gymnasium.berlin\\\/index.php\\\/2019\\\/08\\\/04\\\/wie-sokrates-nach-reckahn-kam\\\/\",\"name\":\"Wie Sokrates nach Reckahn kam - Goethe-Gymnasium Berlin-Wilmersdorf\",\"isPartOf\":{\"@id\":\"https:\\\/\\\/goethe-gymnasium.berlin\\\/#website\"},\"primaryImageOfPage\":{\"@id\":\"https:\\\/\\\/goethe-gymnasium.berlin\\\/index.php\\\/2019\\\/08\\\/04\\\/wie-sokrates-nach-reckahn-kam\\\/#primaryimage\"},\"image\":{\"@id\":\"https:\\\/\\\/goethe-gymnasium.berlin\\\/index.php\\\/2019\\\/08\\\/04\\\/wie-sokrates-nach-reckahn-kam\\\/#primaryimage\"},\"thumbnailUrl\":\"https:\\\/\\\/goethe-gymnasium.berlin\\\/wp-content\\\/uploads\\\/2019\\\/08\\\/reckahn01m.png\",\"datePublished\":\"2019-08-04T15:22:29+00:00\",\"dateModified\":\"2019-08-04T15:23:47+00:00\",\"description\":\"Goethe-Gymnasium Berlin-Wilmersdorf\",\"breadcrumb\":{\"@id\":\"https:\\\/\\\/goethe-gymnasium.berlin\\\/index.php\\\/2019\\\/08\\\/04\\\/wie-sokrates-nach-reckahn-kam\\\/#breadcrumb\"},\"inLanguage\":\"de\",\"potentialAction\":[{\"@type\":\"ReadAction\",\"target\":[\"https:\\\/\\\/goethe-gymnasium.berlin\\\/index.php\\\/2019\\\/08\\\/04\\\/wie-sokrates-nach-reckahn-kam\\\/\"]}]},{\"@type\":\"ImageObject\",\"inLanguage\":\"de\",\"@id\":\"https:\\\/\\\/goethe-gymnasium.berlin\\\/index.php\\\/2019\\\/08\\\/04\\\/wie-sokrates-nach-reckahn-kam\\\/#primaryimage\",\"url\":\"https:\\\/\\\/goethe-gymnasium.berlin\\\/wp-content\\\/uploads\\\/2019\\\/08\\\/reckahn01m.png\",\"contentUrl\":\"https:\\\/\\\/goethe-gymnasium.berlin\\\/wp-content\\\/uploads\\\/2019\\\/08\\\/reckahn01m.png\",\"width\":1119,\"height\":791,\"caption\":\"Reckahner Reflexionen\"},{\"@type\":\"BreadcrumbList\",\"@id\":\"https:\\\/\\\/goethe-gymnasium.berlin\\\/index.php\\\/2019\\\/08\\\/04\\\/wie-sokrates-nach-reckahn-kam\\\/#breadcrumb\",\"itemListElement\":[{\"@type\":\"ListItem\",\"position\":1,\"name\":\"Startseite\",\"item\":\"https:\\\/\\\/goethe-gymnasium.berlin\\\/\"},{\"@type\":\"ListItem\",\"position\":2,\"name\":\"Wie Sokrates nach Reckahn kam\"}]},{\"@type\":\"WebSite\",\"@id\":\"https:\\\/\\\/goethe-gymnasium.berlin\\\/#website\",\"url\":\"https:\\\/\\\/goethe-gymnasium.berlin\\\/\",\"name\":\"Goethe-Gymnasium Berlin-Wilmersdorf\",\"description\":\"\",\"publisher\":{\"@id\":\"https:\\\/\\\/goethe-gymnasium.berlin\\\/#organization\"},\"potentialAction\":[{\"@type\":\"SearchAction\",\"target\":{\"@type\":\"EntryPoint\",\"urlTemplate\":\"https:\\\/\\\/goethe-gymnasium.berlin\\\/?s={search_term_string}\"},\"query-input\":{\"@type\":\"PropertyValueSpecification\",\"valueRequired\":true,\"valueName\":\"search_term_string\"}}],\"inLanguage\":\"de\"},{\"@type\":\"Organization\",\"@id\":\"https:\\\/\\\/goethe-gymnasium.berlin\\\/#organization\",\"name\":\"Goethe-Gymnasium Berlin-Wilmersdorf\",\"url\":\"https:\\\/\\\/goethe-gymnasium.berlin\\\/\",\"logo\":{\"@type\":\"ImageObject\",\"inLanguage\":\"de\",\"@id\":\"https:\\\/\\\/goethe-gymnasium.berlin\\\/#\\\/schema\\\/logo\\\/image\\\/\",\"url\":\"https:\\\/\\\/goethe-gymnasium.berlin\\\/wp-content\\\/uploads\\\/2018\\\/04\\\/goethe-logo_hoch.png\",\"contentUrl\":\"https:\\\/\\\/goethe-gymnasium.berlin\\\/wp-content\\\/uploads\\\/2018\\\/04\\\/goethe-logo_hoch.png\",\"width\":755,\"height\":514,\"caption\":\"Goethe-Gymnasium Berlin-Wilmersdorf\"},\"image\":{\"@id\":\"https:\\\/\\\/goethe-gymnasium.berlin\\\/#\\\/schema\\\/logo\\\/image\\\/\"},\"sameAs\":[\"https:\\\/\\\/www.facebook.com\\\/pages\\\/Goethe-Gymnasium\\\/109376575754402\",\"https:\\\/\\\/www.youtube.com\\\/channel\\\/UCMKuMVF9h_YkS3zmEp7SnzQ\"]},{\"@type\":\"Person\",\"@id\":\"https:\\\/\\\/goethe-gymnasium.berlin\\\/#\\\/schema\\\/person\\\/657649ee416ae4c87decf9eca214731b\",\"name\":\"BWeber\",\"image\":{\"@type\":\"ImageObject\",\"inLanguage\":\"de\",\"@id\":\"https:\\\/\\\/secure.gravatar.com\\\/avatar\\\/02bebd62837a35b7591c929f78cee097518003bae0426a33e45c214fc8bd37fb?s=96&d=mm&r=g\",\"url\":\"https:\\\/\\\/secure.gravatar.com\\\/avatar\\\/02bebd62837a35b7591c929f78cee097518003bae0426a33e45c214fc8bd37fb?s=96&d=mm&r=g\",\"contentUrl\":\"https:\\\/\\\/secure.gravatar.com\\\/avatar\\\/02bebd62837a35b7591c929f78cee097518003bae0426a33e45c214fc8bd37fb?s=96&d=mm&r=g\",\"caption\":\"BWeber\"},\"url\":\"https:\\\/\\\/goethe-gymnasium.berlin\\\/index.php\\\/author\\\/bweber\\\/\"}]}<\/script>\n<!-- \/ Yoast SEO plugin. -->","yoast_head_json":{"title":"Wie Sokrates nach Reckahn kam - Goethe-Gymnasium Berlin-Wilmersdorf","description":"Goethe-Gymnasium Berlin-Wilmersdorf","robots":{"index":"index","follow":"follow","max-snippet":"max-snippet:-1","max-image-preview":"max-image-preview:large","max-video-preview":"max-video-preview:-1"},"canonical":"https:\/\/goethe-gymnasium.berlin\/index.php\/2019\/08\/04\/wie-sokrates-nach-reckahn-kam\/","og_locale":"de_DE","og_type":"article","og_title":"Wie Sokrates nach Reckahn kam - Goethe-Gymnasium Berlin-Wilmersdorf","og_description":"Goethe-Gymnasium Berlin-Wilmersdorf","og_url":"https:\/\/goethe-gymnasium.berlin\/index.php\/2019\/08\/04\/wie-sokrates-nach-reckahn-kam\/","og_site_name":"Goethe-Gymnasium Berlin-Wilmersdorf","article_publisher":"https:\/\/www.facebook.com\/pages\/Goethe-Gymnasium\/109376575754402","article_published_time":"2019-08-04T15:22:29+00:00","article_modified_time":"2019-08-04T15:23:47+00:00","og_image":[{"width":1119,"height":791,"url":"https:\/\/goethe-gymnasium.berlin\/wp-content\/uploads\/2019\/08\/reckahn01m.png","type":"image\/png"}],"author":"BWeber","twitter_card":"summary_large_image","twitter_misc":{"Verfasst von":"BWeber","Gesch\u00e4tzte Lesezeit":"1\u00a0Minute"},"schema":{"@context":"https:\/\/schema.org","@graph":[{"@type":"Article","@id":"https:\/\/goethe-gymnasium.berlin\/index.php\/2019\/08\/04\/wie-sokrates-nach-reckahn-kam\/#article","isPartOf":{"@id":"https:\/\/goethe-gymnasium.berlin\/index.php\/2019\/08\/04\/wie-sokrates-nach-reckahn-kam\/"},"author":{"name":"BWeber","@id":"https:\/\/goethe-gymnasium.berlin\/#\/schema\/person\/657649ee416ae4c87decf9eca214731b"},"headline":"Wie Sokrates nach Reckahn kam","datePublished":"2019-08-04T15:22:29+00:00","dateModified":"2019-08-04T15:23:47+00:00","mainEntityOfPage":{"@id":"https:\/\/goethe-gymnasium.berlin\/index.php\/2019\/08\/04\/wie-sokrates-nach-reckahn-kam\/"},"wordCount":233,"publisher":{"@id":"https:\/\/goethe-gymnasium.berlin\/#organization"},"image":{"@id":"https:\/\/goethe-gymnasium.berlin\/index.php\/2019\/08\/04\/wie-sokrates-nach-reckahn-kam\/#primaryimage"},"thumbnailUrl":"https:\/\/goethe-gymnasium.berlin\/wp-content\/uploads\/2019\/08\/reckahn01m.png","keywords":["Kollegiumsausflug","P\u00e4dagogik"],"articleSection":["Berichte","Schulleben"],"inLanguage":"de"},{"@type":"WebPage","@id":"https:\/\/goethe-gymnasium.berlin\/index.php\/2019\/08\/04\/wie-sokrates-nach-reckahn-kam\/","url":"https:\/\/goethe-gymnasium.berlin\/index.php\/2019\/08\/04\/wie-sokrates-nach-reckahn-kam\/","name":"Wie Sokrates nach Reckahn kam - Goethe-Gymnasium Berlin-Wilmersdorf","isPartOf":{"@id":"https:\/\/goethe-gymnasium.berlin\/#website"},"primaryImageOfPage":{"@id":"https:\/\/goethe-gymnasium.berlin\/index.php\/2019\/08\/04\/wie-sokrates-nach-reckahn-kam\/#primaryimage"},"image":{"@id":"https:\/\/goethe-gymnasium.berlin\/index.php\/2019\/08\/04\/wie-sokrates-nach-reckahn-kam\/#primaryimage"},"thumbnailUrl":"https:\/\/goethe-gymnasium.berlin\/wp-content\/uploads\/2019\/08\/reckahn01m.png","datePublished":"2019-08-04T15:22:29+00:00","dateModified":"2019-08-04T15:23:47+00:00","description":"Goethe-Gymnasium Berlin-Wilmersdorf","breadcrumb":{"@id":"https:\/\/goethe-gymnasium.berlin\/index.php\/2019\/08\/04\/wie-sokrates-nach-reckahn-kam\/#breadcrumb"},"inLanguage":"de","potentialAction":[{"@type":"ReadAction","target":["https:\/\/goethe-gymnasium.berlin\/index.php\/2019\/08\/04\/wie-sokrates-nach-reckahn-kam\/"]}]},{"@type":"ImageObject","inLanguage":"de","@id":"https:\/\/goethe-gymnasium.berlin\/index.php\/2019\/08\/04\/wie-sokrates-nach-reckahn-kam\/#primaryimage","url":"https:\/\/goethe-gymnasium.berlin\/wp-content\/uploads\/2019\/08\/reckahn01m.png","contentUrl":"https:\/\/goethe-gymnasium.berlin\/wp-content\/uploads\/2019\/08\/reckahn01m.png","width":1119,"height":791,"caption":"Reckahner Reflexionen"},{"@type":"BreadcrumbList","@id":"https:\/\/goethe-gymnasium.berlin\/index.php\/2019\/08\/04\/wie-sokrates-nach-reckahn-kam\/#breadcrumb","itemListElement":[{"@type":"ListItem","position":1,"name":"Startseite","item":"https:\/\/goethe-gymnasium.berlin\/"},{"@type":"ListItem","position":2,"name":"Wie Sokrates nach Reckahn kam"}]},{"@type":"WebSite","@id":"https:\/\/goethe-gymnasium.berlin\/#website","url":"https:\/\/goethe-gymnasium.berlin\/","name":"Goethe-Gymnasium Berlin-Wilmersdorf","description":"","publisher":{"@id":"https:\/\/goethe-gymnasium.berlin\/#organization"},"potentialAction":[{"@type":"SearchAction","target":{"@type":"EntryPoint","urlTemplate":"https:\/\/goethe-gymnasium.berlin\/?s={search_term_string}"},"query-input":{"@type":"PropertyValueSpecification","valueRequired":true,"valueName":"search_term_string"}}],"inLanguage":"de"},{"@type":"Organization","@id":"https:\/\/goethe-gymnasium.berlin\/#organization","name":"Goethe-Gymnasium Berlin-Wilmersdorf","url":"https:\/\/goethe-gymnasium.berlin\/","logo":{"@type":"ImageObject","inLanguage":"de","@id":"https:\/\/goethe-gymnasium.berlin\/#\/schema\/logo\/image\/","url":"https:\/\/goethe-gymnasium.berlin\/wp-content\/uploads\/2018\/04\/goethe-logo_hoch.png","contentUrl":"https:\/\/goethe-gymnasium.berlin\/wp-content\/uploads\/2018\/04\/goethe-logo_hoch.png","width":755,"height":514,"caption":"Goethe-Gymnasium Berlin-Wilmersdorf"},"image":{"@id":"https:\/\/goethe-gymnasium.berlin\/#\/schema\/logo\/image\/"},"sameAs":["https:\/\/www.facebook.com\/pages\/Goethe-Gymnasium\/109376575754402","https:\/\/www.youtube.com\/channel\/UCMKuMVF9h_YkS3zmEp7SnzQ"]},{"@type":"Person","@id":"https:\/\/goethe-gymnasium.berlin\/#\/schema\/person\/657649ee416ae4c87decf9eca214731b","name":"BWeber","image":{"@type":"ImageObject","inLanguage":"de","@id":"https:\/\/secure.gravatar.com\/avatar\/02bebd62837a35b7591c929f78cee097518003bae0426a33e45c214fc8bd37fb?s=96&d=mm&r=g","url":"https:\/\/secure.gravatar.com\/avatar\/02bebd62837a35b7591c929f78cee097518003bae0426a33e45c214fc8bd37fb?s=96&d=mm&r=g","contentUrl":"https:\/\/secure.gravatar.com\/avatar\/02bebd62837a35b7591c929f78cee097518003bae0426a33e45c214fc8bd37fb?s=96&d=mm&r=g","caption":"BWeber"},"url":"https:\/\/goethe-gymnasium.berlin\/index.php\/author\/bweber\/"}]}},"_links":{"self":[{"href":"https:\/\/goethe-gymnasium.berlin\/index.php\/wp-json\/wp\/v2\/posts\/4238","targetHints":{"allow":["GET"]}}],"collection":[{"href":"https:\/\/goethe-gymnasium.berlin\/index.php\/wp-json\/wp\/v2\/posts"}],"about":[{"href":"https:\/\/goethe-gymnasium.berlin\/index.php\/wp-json\/wp\/v2\/types\/post"}],"author":[{"embeddable":true,"href":"https:\/\/goethe-gymnasium.berlin\/index.php\/wp-json\/wp\/v2\/users\/4"}],"replies":[{"embeddable":true,"href":"https:\/\/goethe-gymnasium.berlin\/index.php\/wp-json\/wp\/v2\/comments?post=4238"}],"version-history":[{"count":4,"href":"https:\/\/goethe-gymnasium.berlin\/index.php\/wp-json\/wp\/v2\/posts\/4238\/revisions"}],"predecessor-version":[{"id":4249,"href":"https:\/\/goethe-gymnasium.berlin\/index.php\/wp-json\/wp\/v2\/posts\/4238\/revisions\/4249"}],"wp:featuredmedia":[{"embeddable":true,"href":"https:\/\/goethe-gymnasium.berlin\/index.php\/wp-json\/wp\/v2\/media\/4247"}],"wp:attachment":[{"href":"https:\/\/goethe-gymnasium.berlin\/index.php\/wp-json\/wp\/v2\/media?parent=4238"}],"wp:term":[{"taxonomy":"category","embeddable":true,"href":"https:\/\/goethe-gymnasium.berlin\/index.php\/wp-json\/wp\/v2\/categories?post=4238"},{"taxonomy":"post_tag","embeddable":true,"href":"https:\/\/goethe-gymnasium.berlin\/index.php\/wp-json\/wp\/v2\/tags?post=4238"}],"curies":[{"name":"wp","href":"https:\/\/api.w.org\/{rel}","templated":true}]}}