{"id":3540,"date":"2017-07-17T21:56:27","date_gmt":"2017-07-17T19:56:27","guid":{"rendered":"http:\/\/goethe-gymnasium.berlin\/?p=3540"},"modified":"2019-04-27T22:40:06","modified_gmt":"2019-04-27T20:40:06","slug":"der-schuljahresausklang-im-omnibus","status":"publish","type":"post","link":"https:\/\/goethe-gymnasium.berlin\/index.php\/2017\/07\/17\/der-schuljahresausklang-im-omnibus\/","title":{"rendered":"Schuljahresausklang im &#8222;Omnibus&#8220;"},"content":{"rendered":"\n<p>Das Ende eines Schuljahres ist im Omnibus eine besondere Zeit. <\/p>\n\n\n\n<h4 class=\"wp-block-heading\">Ausfl\u00fcge zum Schuljahresende<\/h4>\n\n\n\n<p>Auch in diesem Jahr boten wir wieder Ausfl\u00fcge f\u00fcr Sch\u00fcler*innen der f\u00fcnften und sechsten Klassen an den beiden Tagen der m\u00fcndlichen Abiturpr\u00fcfung an. Mit fast drei\u00dfig Kindern gingen wir am ersten Tag Klettern im <strong>Waldhochseilgarten Jungfernheide<\/strong>. Bei den unterschiedlich schweren Kletterparcours konnte jede*r die eigenen Grenzen erleben und manchmal auch \u00fcber seinen Schatten springen. Es wurde immer in Gruppen von mindestens zwei Personen geklettert und die Sch\u00fcler*innen gaben sich Hilfestellungen, Tipps oder feuerten sich gegenseitig an.<\/p>\n\n\n\n<p>Am zweiten Ausflugstag blieben wir im <strong>Wilmersdorfer Kiez<\/strong> und genossen einen rundum sch\u00f6nen Tag im Volkspark. Die Kinder konnten Fu\u00dfball oder Wikingerschach spielen, auf dem &#8222;RIAS&#8220;-Spielplatz toben, schaukeln sowie Wasserlandschaften bauen oder einfach auf den Decken die Zeit f\u00fcr ein Picknick, zum Kartenspielen oder f\u00fcr nette Gespr\u00e4che nutzen.<\/p>\n\n\n\n<p>Es waren f\u00fcr alle Beteiligten zwei fr\u00f6hliche, erlebnisreiche Tage unter freiem Himmel.<\/p>\n\n\n\n<h4 class=\"wp-block-heading\">Highlight Projektwoche<\/h4>\n\n\n\n<p>Ein weiteres Highlight war die diesj\u00e4hrige <strong>Projektwoche zum Thema &#8222;2000 Jahre Ovid \u2013 Metamorphosen eines Dichters&#8220;<\/strong> im Juli. Erstmals beteiligte sich der Omnibus mit einem eigenen Projekt an der Projektwoche. Unter dem Titel &#8222;Gem\u00e4ldegalerie \u2013 vom Betrachter zum K\u00fcnstler&#8220; betrachteten wir mit 15 Sch\u00fcler und Sch\u00fclerinnen einige Geschichten aus Ovids &#8222;Metamorphosen&#8220;. Zum einen lernten wir die Werke einiger bedeutsamer K\u00fcnstler in der Gem\u00e4ldegalerie kennen, zum anderen malten die Sch\u00fcler*innen individuell ein Werk zu drei vorher ausgew\u00e4hlten Erz\u00e4hlungen, wobei die Werke aus der Gem\u00e4ldegalerie als Vorlagen dienten. Auf diese Weise erhielten wir alle einen guten Zugang zu Ovids Werk und zur k\u00fcnstlerischen Auseinandersetzung mit den Erz\u00e4hlungen.<\/p>\n\n\n\n<p>Die eigenen Kunstwerke wurden dann von den Sch\u00fclerinnen und Sch\u00fclern den Eltern, Lehrer*innen, Klassenkameraden und G\u00e4sten auf dem Schulfest am 15. Juli 2017 pr\u00e4sentiert. Die drei intensiven Arbeitstage und das Sommerfest haben uns viel Spa\u00df gemacht und vor allem der gro\u00dfe Wissensdurst und die guten Latein- und Geschichtskenntnisse haben uns p\u00e4dagogische Fachkr\u00e4fte beeindruckt.<\/p>\n\n\n\n<p>Das Team des Omnibus bedankt sich f\u00fcr ein tolles und ereignisreiches Schuljahr 2016\/17, die tatkr\u00e4ftige Unterst\u00fctzung, die vielen netten Gespr\u00e4che und tolle Zusammenarbeit.<\/p>\n\n\n\n<p>Wir w\u00fcnschen nun allen sch\u00f6ne und erholsame Sommerferien! Liebe Gr\u00fc\u00dfe aus dem &#8222;Omnibus&#8220; am Goethe-Gymnasium<\/p>\n\n\n\n<p style=\"text-align:right\"><em>Text: Herr Zenk (Schuljahr 2016\/17)<\/em><\/p>\n","protected":false},"excerpt":{"rendered":"<p>Das Ende eines Schuljahres ist im Omnibus eine besondere Zeit. <a class=\"more-link\" href=\"https:\/\/goethe-gymnasium.berlin\/index.php\/2017\/07\/17\/der-schuljahresausklang-im-omnibus\/\">Weiterlesen &#8230;<\/a><\/p>\n","protected":false},"author":4,"featured_media":1680,"comment_status":"closed","ping_status":"closed","sticky":false,"template":"","format":"standard","meta":{"footnotes":""},"categories":[166],"tags":[106],"class_list":["post-3540","post","type-post","status-publish","format-standard","has-post-thumbnail","hentry","category-ganztag","tag-omnibus"],"yoast_head":"<!-- This site is optimized with the Yoast SEO plugin v27.4 - https:\/\/yoast.com\/product\/yoast-seo-wordpress\/ -->\n<title>Schuljahresausklang im &quot;Omnibus&quot; - Goethe-Gymnasium Berlin-Wilmersdorf<\/title>\n<meta name=\"description\" content=\"Goethe-Gymnasium Berlin-Wilmersdorf\" \/>\n<meta name=\"robots\" content=\"index, follow, max-snippet:-1, max-image-preview:large, max-video-preview:-1\" \/>\n<link rel=\"canonical\" href=\"https:\/\/goethe-gymnasium.berlin\/index.php\/2017\/07\/17\/der-schuljahresausklang-im-omnibus\/\" \/>\n<meta property=\"og:locale\" content=\"de_DE\" \/>\n<meta property=\"og:type\" content=\"article\" \/>\n<meta property=\"og:title\" content=\"Schuljahresausklang im &quot;Omnibus&quot; - Goethe-Gymnasium Berlin-Wilmersdorf\" \/>\n<meta property=\"og:description\" content=\"Goethe-Gymnasium Berlin-Wilmersdorf\" \/>\n<meta property=\"og:url\" content=\"https:\/\/goethe-gymnasium.berlin\/index.php\/2017\/07\/17\/der-schuljahresausklang-im-omnibus\/\" \/>\n<meta property=\"og:site_name\" content=\"Goethe-Gymnasium Berlin-Wilmersdorf\" \/>\n<meta property=\"article:publisher\" content=\"https:\/\/www.facebook.com\/pages\/Goethe-Gymnasium\/109376575754402\" \/>\n<meta property=\"article:published_time\" content=\"2017-07-17T19:56:27+00:00\" \/>\n<meta property=\"article:modified_time\" content=\"2019-04-27T20:40:06+00:00\" \/>\n<meta property=\"og:image\" content=\"https:\/\/goethe-gymnasium.berlin\/wp-content\/uploads\/2018\/09\/Logo-Omnibus-website-gr\u00f6\u00dfe.jpg\" \/>\n\t<meta property=\"og:image:width\" content=\"350\" \/>\n\t<meta property=\"og:image:height\" content=\"197\" \/>\n\t<meta property=\"og:image:type\" content=\"image\/jpeg\" \/>\n<meta name=\"author\" content=\"BWeber\" \/>\n<meta name=\"twitter:card\" content=\"summary_large_image\" \/>\n<meta name=\"twitter:label1\" content=\"Verfasst von\" \/>\n\t<meta name=\"twitter:data1\" content=\"BWeber\" \/>\n\t<meta name=\"twitter:label2\" content=\"Gesch\u00e4tzte Lesezeit\" \/>\n\t<meta name=\"twitter:data2\" content=\"2\u00a0Minuten\" \/>\n<script type=\"application\/ld+json\" class=\"yoast-schema-graph\">{\"@context\":\"https:\\\/\\\/schema.org\",\"@graph\":[{\"@type\":\"Article\",\"@id\":\"https:\\\/\\\/goethe-gymnasium.berlin\\\/index.php\\\/2017\\\/07\\\/17\\\/der-schuljahresausklang-im-omnibus\\\/#article\",\"isPartOf\":{\"@id\":\"https:\\\/\\\/goethe-gymnasium.berlin\\\/index.php\\\/2017\\\/07\\\/17\\\/der-schuljahresausklang-im-omnibus\\\/\"},\"author\":{\"name\":\"BWeber\",\"@id\":\"https:\\\/\\\/goethe-gymnasium.berlin\\\/#\\\/schema\\\/person\\\/657649ee416ae4c87decf9eca214731b\"},\"headline\":\"Schuljahresausklang im &#8222;Omnibus&#8220;\",\"datePublished\":\"2017-07-17T19:56:27+00:00\",\"dateModified\":\"2019-04-27T20:40:06+00:00\",\"mainEntityOfPage\":{\"@id\":\"https:\\\/\\\/goethe-gymnasium.berlin\\\/index.php\\\/2017\\\/07\\\/17\\\/der-schuljahresausklang-im-omnibus\\\/\"},\"wordCount\":396,\"publisher\":{\"@id\":\"https:\\\/\\\/goethe-gymnasium.berlin\\\/#organization\"},\"image\":{\"@id\":\"https:\\\/\\\/goethe-gymnasium.berlin\\\/index.php\\\/2017\\\/07\\\/17\\\/der-schuljahresausklang-im-omnibus\\\/#primaryimage\"},\"thumbnailUrl\":\"https:\\\/\\\/goethe-gymnasium.berlin\\\/wp-content\\\/uploads\\\/2018\\\/09\\\/Logo-Omnibus-website-gr\u00f6\u00dfe.jpg\",\"keywords\":[\"Omnibus\"],\"articleSection\":[\"Ganztag\"],\"inLanguage\":\"de\"},{\"@type\":\"WebPage\",\"@id\":\"https:\\\/\\\/goethe-gymnasium.berlin\\\/index.php\\\/2017\\\/07\\\/17\\\/der-schuljahresausklang-im-omnibus\\\/\",\"url\":\"https:\\\/\\\/goethe-gymnasium.berlin\\\/index.php\\\/2017\\\/07\\\/17\\\/der-schuljahresausklang-im-omnibus\\\/\",\"name\":\"Schuljahresausklang im \\\"Omnibus\\\" - Goethe-Gymnasium Berlin-Wilmersdorf\",\"isPartOf\":{\"@id\":\"https:\\\/\\\/goethe-gymnasium.berlin\\\/#website\"},\"primaryImageOfPage\":{\"@id\":\"https:\\\/\\\/goethe-gymnasium.berlin\\\/index.php\\\/2017\\\/07\\\/17\\\/der-schuljahresausklang-im-omnibus\\\/#primaryimage\"},\"image\":{\"@id\":\"https:\\\/\\\/goethe-gymnasium.berlin\\\/index.php\\\/2017\\\/07\\\/17\\\/der-schuljahresausklang-im-omnibus\\\/#primaryimage\"},\"thumbnailUrl\":\"https:\\\/\\\/goethe-gymnasium.berlin\\\/wp-content\\\/uploads\\\/2018\\\/09\\\/Logo-Omnibus-website-gr\u00f6\u00dfe.jpg\",\"datePublished\":\"2017-07-17T19:56:27+00:00\",\"dateModified\":\"2019-04-27T20:40:06+00:00\",\"description\":\"Goethe-Gymnasium Berlin-Wilmersdorf\",\"breadcrumb\":{\"@id\":\"https:\\\/\\\/goethe-gymnasium.berlin\\\/index.php\\\/2017\\\/07\\\/17\\\/der-schuljahresausklang-im-omnibus\\\/#breadcrumb\"},\"inLanguage\":\"de\",\"potentialAction\":[{\"@type\":\"ReadAction\",\"target\":[\"https:\\\/\\\/goethe-gymnasium.berlin\\\/index.php\\\/2017\\\/07\\\/17\\\/der-schuljahresausklang-im-omnibus\\\/\"]}]},{\"@type\":\"ImageObject\",\"inLanguage\":\"de\",\"@id\":\"https:\\\/\\\/goethe-gymnasium.berlin\\\/index.php\\\/2017\\\/07\\\/17\\\/der-schuljahresausklang-im-omnibus\\\/#primaryimage\",\"url\":\"https:\\\/\\\/goethe-gymnasium.berlin\\\/wp-content\\\/uploads\\\/2018\\\/09\\\/Logo-Omnibus-website-gr\u00f6\u00dfe.jpg\",\"contentUrl\":\"https:\\\/\\\/goethe-gymnasium.berlin\\\/wp-content\\\/uploads\\\/2018\\\/09\\\/Logo-Omnibus-website-gr\u00f6\u00dfe.jpg\",\"width\":350,\"height\":197},{\"@type\":\"BreadcrumbList\",\"@id\":\"https:\\\/\\\/goethe-gymnasium.berlin\\\/index.php\\\/2017\\\/07\\\/17\\\/der-schuljahresausklang-im-omnibus\\\/#breadcrumb\",\"itemListElement\":[{\"@type\":\"ListItem\",\"position\":1,\"name\":\"Startseite\",\"item\":\"https:\\\/\\\/goethe-gymnasium.berlin\\\/\"},{\"@type\":\"ListItem\",\"position\":2,\"name\":\"Schuljahresausklang im &#8222;Omnibus&#8220;\"}]},{\"@type\":\"WebSite\",\"@id\":\"https:\\\/\\\/goethe-gymnasium.berlin\\\/#website\",\"url\":\"https:\\\/\\\/goethe-gymnasium.berlin\\\/\",\"name\":\"Goethe-Gymnasium Berlin-Wilmersdorf\",\"description\":\"\",\"publisher\":{\"@id\":\"https:\\\/\\\/goethe-gymnasium.berlin\\\/#organization\"},\"potentialAction\":[{\"@type\":\"SearchAction\",\"target\":{\"@type\":\"EntryPoint\",\"urlTemplate\":\"https:\\\/\\\/goethe-gymnasium.berlin\\\/?s={search_term_string}\"},\"query-input\":{\"@type\":\"PropertyValueSpecification\",\"valueRequired\":true,\"valueName\":\"search_term_string\"}}],\"inLanguage\":\"de\"},{\"@type\":\"Organization\",\"@id\":\"https:\\\/\\\/goethe-gymnasium.berlin\\\/#organization\",\"name\":\"Goethe-Gymnasium Berlin-Wilmersdorf\",\"url\":\"https:\\\/\\\/goethe-gymnasium.berlin\\\/\",\"logo\":{\"@type\":\"ImageObject\",\"inLanguage\":\"de\",\"@id\":\"https:\\\/\\\/goethe-gymnasium.berlin\\\/#\\\/schema\\\/logo\\\/image\\\/\",\"url\":\"https:\\\/\\\/goethe-gymnasium.berlin\\\/wp-content\\\/uploads\\\/2018\\\/04\\\/goethe-logo_hoch.png\",\"contentUrl\":\"https:\\\/\\\/goethe-gymnasium.berlin\\\/wp-content\\\/uploads\\\/2018\\\/04\\\/goethe-logo_hoch.png\",\"width\":755,\"height\":514,\"caption\":\"Goethe-Gymnasium Berlin-Wilmersdorf\"},\"image\":{\"@id\":\"https:\\\/\\\/goethe-gymnasium.berlin\\\/#\\\/schema\\\/logo\\\/image\\\/\"},\"sameAs\":[\"https:\\\/\\\/www.facebook.com\\\/pages\\\/Goethe-Gymnasium\\\/109376575754402\",\"https:\\\/\\\/www.youtube.com\\\/channel\\\/UCMKuMVF9h_YkS3zmEp7SnzQ\"]},{\"@type\":\"Person\",\"@id\":\"https:\\\/\\\/goethe-gymnasium.berlin\\\/#\\\/schema\\\/person\\\/657649ee416ae4c87decf9eca214731b\",\"name\":\"BWeber\",\"image\":{\"@type\":\"ImageObject\",\"inLanguage\":\"de\",\"@id\":\"https:\\\/\\\/secure.gravatar.com\\\/avatar\\\/02bebd62837a35b7591c929f78cee097518003bae0426a33e45c214fc8bd37fb?s=96&d=mm&r=g\",\"url\":\"https:\\\/\\\/secure.gravatar.com\\\/avatar\\\/02bebd62837a35b7591c929f78cee097518003bae0426a33e45c214fc8bd37fb?s=96&d=mm&r=g\",\"contentUrl\":\"https:\\\/\\\/secure.gravatar.com\\\/avatar\\\/02bebd62837a35b7591c929f78cee097518003bae0426a33e45c214fc8bd37fb?s=96&d=mm&r=g\",\"caption\":\"BWeber\"},\"url\":\"https:\\\/\\\/goethe-gymnasium.berlin\\\/index.php\\\/author\\\/bweber\\\/\"}]}<\/script>\n<!-- \/ Yoast SEO plugin. -->","yoast_head_json":{"title":"Schuljahresausklang im \"Omnibus\" - Goethe-Gymnasium Berlin-Wilmersdorf","description":"Goethe-Gymnasium Berlin-Wilmersdorf","robots":{"index":"index","follow":"follow","max-snippet":"max-snippet:-1","max-image-preview":"max-image-preview:large","max-video-preview":"max-video-preview:-1"},"canonical":"https:\/\/goethe-gymnasium.berlin\/index.php\/2017\/07\/17\/der-schuljahresausklang-im-omnibus\/","og_locale":"de_DE","og_type":"article","og_title":"Schuljahresausklang im \"Omnibus\" - Goethe-Gymnasium Berlin-Wilmersdorf","og_description":"Goethe-Gymnasium Berlin-Wilmersdorf","og_url":"https:\/\/goethe-gymnasium.berlin\/index.php\/2017\/07\/17\/der-schuljahresausklang-im-omnibus\/","og_site_name":"Goethe-Gymnasium Berlin-Wilmersdorf","article_publisher":"https:\/\/www.facebook.com\/pages\/Goethe-Gymnasium\/109376575754402","article_published_time":"2017-07-17T19:56:27+00:00","article_modified_time":"2019-04-27T20:40:06+00:00","og_image":[{"width":350,"height":197,"url":"https:\/\/goethe-gymnasium.berlin\/wp-content\/uploads\/2018\/09\/Logo-Omnibus-website-gr\u00f6\u00dfe.jpg","type":"image\/jpeg"}],"author":"BWeber","twitter_card":"summary_large_image","twitter_misc":{"Verfasst von":"BWeber","Gesch\u00e4tzte Lesezeit":"2\u00a0Minuten"},"schema":{"@context":"https:\/\/schema.org","@graph":[{"@type":"Article","@id":"https:\/\/goethe-gymnasium.berlin\/index.php\/2017\/07\/17\/der-schuljahresausklang-im-omnibus\/#article","isPartOf":{"@id":"https:\/\/goethe-gymnasium.berlin\/index.php\/2017\/07\/17\/der-schuljahresausklang-im-omnibus\/"},"author":{"name":"BWeber","@id":"https:\/\/goethe-gymnasium.berlin\/#\/schema\/person\/657649ee416ae4c87decf9eca214731b"},"headline":"Schuljahresausklang im &#8222;Omnibus&#8220;","datePublished":"2017-07-17T19:56:27+00:00","dateModified":"2019-04-27T20:40:06+00:00","mainEntityOfPage":{"@id":"https:\/\/goethe-gymnasium.berlin\/index.php\/2017\/07\/17\/der-schuljahresausklang-im-omnibus\/"},"wordCount":396,"publisher":{"@id":"https:\/\/goethe-gymnasium.berlin\/#organization"},"image":{"@id":"https:\/\/goethe-gymnasium.berlin\/index.php\/2017\/07\/17\/der-schuljahresausklang-im-omnibus\/#primaryimage"},"thumbnailUrl":"https:\/\/goethe-gymnasium.berlin\/wp-content\/uploads\/2018\/09\/Logo-Omnibus-website-gr\u00f6\u00dfe.jpg","keywords":["Omnibus"],"articleSection":["Ganztag"],"inLanguage":"de"},{"@type":"WebPage","@id":"https:\/\/goethe-gymnasium.berlin\/index.php\/2017\/07\/17\/der-schuljahresausklang-im-omnibus\/","url":"https:\/\/goethe-gymnasium.berlin\/index.php\/2017\/07\/17\/der-schuljahresausklang-im-omnibus\/","name":"Schuljahresausklang im \"Omnibus\" - Goethe-Gymnasium Berlin-Wilmersdorf","isPartOf":{"@id":"https:\/\/goethe-gymnasium.berlin\/#website"},"primaryImageOfPage":{"@id":"https:\/\/goethe-gymnasium.berlin\/index.php\/2017\/07\/17\/der-schuljahresausklang-im-omnibus\/#primaryimage"},"image":{"@id":"https:\/\/goethe-gymnasium.berlin\/index.php\/2017\/07\/17\/der-schuljahresausklang-im-omnibus\/#primaryimage"},"thumbnailUrl":"https:\/\/goethe-gymnasium.berlin\/wp-content\/uploads\/2018\/09\/Logo-Omnibus-website-gr\u00f6\u00dfe.jpg","datePublished":"2017-07-17T19:56:27+00:00","dateModified":"2019-04-27T20:40:06+00:00","description":"Goethe-Gymnasium Berlin-Wilmersdorf","breadcrumb":{"@id":"https:\/\/goethe-gymnasium.berlin\/index.php\/2017\/07\/17\/der-schuljahresausklang-im-omnibus\/#breadcrumb"},"inLanguage":"de","potentialAction":[{"@type":"ReadAction","target":["https:\/\/goethe-gymnasium.berlin\/index.php\/2017\/07\/17\/der-schuljahresausklang-im-omnibus\/"]}]},{"@type":"ImageObject","inLanguage":"de","@id":"https:\/\/goethe-gymnasium.berlin\/index.php\/2017\/07\/17\/der-schuljahresausklang-im-omnibus\/#primaryimage","url":"https:\/\/goethe-gymnasium.berlin\/wp-content\/uploads\/2018\/09\/Logo-Omnibus-website-gr\u00f6\u00dfe.jpg","contentUrl":"https:\/\/goethe-gymnasium.berlin\/wp-content\/uploads\/2018\/09\/Logo-Omnibus-website-gr\u00f6\u00dfe.jpg","width":350,"height":197},{"@type":"BreadcrumbList","@id":"https:\/\/goethe-gymnasium.berlin\/index.php\/2017\/07\/17\/der-schuljahresausklang-im-omnibus\/#breadcrumb","itemListElement":[{"@type":"ListItem","position":1,"name":"Startseite","item":"https:\/\/goethe-gymnasium.berlin\/"},{"@type":"ListItem","position":2,"name":"Schuljahresausklang im &#8222;Omnibus&#8220;"}]},{"@type":"WebSite","@id":"https:\/\/goethe-gymnasium.berlin\/#website","url":"https:\/\/goethe-gymnasium.berlin\/","name":"Goethe-Gymnasium Berlin-Wilmersdorf","description":"","publisher":{"@id":"https:\/\/goethe-gymnasium.berlin\/#organization"},"potentialAction":[{"@type":"SearchAction","target":{"@type":"EntryPoint","urlTemplate":"https:\/\/goethe-gymnasium.berlin\/?s={search_term_string}"},"query-input":{"@type":"PropertyValueSpecification","valueRequired":true,"valueName":"search_term_string"}}],"inLanguage":"de"},{"@type":"Organization","@id":"https:\/\/goethe-gymnasium.berlin\/#organization","name":"Goethe-Gymnasium Berlin-Wilmersdorf","url":"https:\/\/goethe-gymnasium.berlin\/","logo":{"@type":"ImageObject","inLanguage":"de","@id":"https:\/\/goethe-gymnasium.berlin\/#\/schema\/logo\/image\/","url":"https:\/\/goethe-gymnasium.berlin\/wp-content\/uploads\/2018\/04\/goethe-logo_hoch.png","contentUrl":"https:\/\/goethe-gymnasium.berlin\/wp-content\/uploads\/2018\/04\/goethe-logo_hoch.png","width":755,"height":514,"caption":"Goethe-Gymnasium Berlin-Wilmersdorf"},"image":{"@id":"https:\/\/goethe-gymnasium.berlin\/#\/schema\/logo\/image\/"},"sameAs":["https:\/\/www.facebook.com\/pages\/Goethe-Gymnasium\/109376575754402","https:\/\/www.youtube.com\/channel\/UCMKuMVF9h_YkS3zmEp7SnzQ"]},{"@type":"Person","@id":"https:\/\/goethe-gymnasium.berlin\/#\/schema\/person\/657649ee416ae4c87decf9eca214731b","name":"BWeber","image":{"@type":"ImageObject","inLanguage":"de","@id":"https:\/\/secure.gravatar.com\/avatar\/02bebd62837a35b7591c929f78cee097518003bae0426a33e45c214fc8bd37fb?s=96&d=mm&r=g","url":"https:\/\/secure.gravatar.com\/avatar\/02bebd62837a35b7591c929f78cee097518003bae0426a33e45c214fc8bd37fb?s=96&d=mm&r=g","contentUrl":"https:\/\/secure.gravatar.com\/avatar\/02bebd62837a35b7591c929f78cee097518003bae0426a33e45c214fc8bd37fb?s=96&d=mm&r=g","caption":"BWeber"},"url":"https:\/\/goethe-gymnasium.berlin\/index.php\/author\/bweber\/"}]}},"_links":{"self":[{"href":"https:\/\/goethe-gymnasium.berlin\/index.php\/wp-json\/wp\/v2\/posts\/3540","targetHints":{"allow":["GET"]}}],"collection":[{"href":"https:\/\/goethe-gymnasium.berlin\/index.php\/wp-json\/wp\/v2\/posts"}],"about":[{"href":"https:\/\/goethe-gymnasium.berlin\/index.php\/wp-json\/wp\/v2\/types\/post"}],"author":[{"embeddable":true,"href":"https:\/\/goethe-gymnasium.berlin\/index.php\/wp-json\/wp\/v2\/users\/4"}],"replies":[{"embeddable":true,"href":"https:\/\/goethe-gymnasium.berlin\/index.php\/wp-json\/wp\/v2\/comments?post=3540"}],"version-history":[{"count":2,"href":"https:\/\/goethe-gymnasium.berlin\/index.php\/wp-json\/wp\/v2\/posts\/3540\/revisions"}],"predecessor-version":[{"id":3543,"href":"https:\/\/goethe-gymnasium.berlin\/index.php\/wp-json\/wp\/v2\/posts\/3540\/revisions\/3543"}],"wp:featuredmedia":[{"embeddable":true,"href":"https:\/\/goethe-gymnasium.berlin\/index.php\/wp-json\/wp\/v2\/media\/1680"}],"wp:attachment":[{"href":"https:\/\/goethe-gymnasium.berlin\/index.php\/wp-json\/wp\/v2\/media?parent=3540"}],"wp:term":[{"taxonomy":"category","embeddable":true,"href":"https:\/\/goethe-gymnasium.berlin\/index.php\/wp-json\/wp\/v2\/categories?post=3540"},{"taxonomy":"post_tag","embeddable":true,"href":"https:\/\/goethe-gymnasium.berlin\/index.php\/wp-json\/wp\/v2\/tags?post=3540"}],"curies":[{"name":"wp","href":"https:\/\/api.w.org\/{rel}","templated":true}]}}