{"id":2654,"date":"2018-12-12T11:03:54","date_gmt":"2018-12-12T10:03:54","guid":{"rendered":"http:\/\/goethe-gymnasium.berlin\/?p=2654"},"modified":"2019-01-03T11:57:21","modified_gmt":"2019-01-03T10:57:21","slug":"weihnachtliches-im-schulhaus","status":"publish","type":"post","link":"https:\/\/goethe-gymnasium.berlin\/index.php\/2018\/12\/12\/weihnachtliches-im-schulhaus\/","title":{"rendered":"Weihnachtliches im Schulhaus"},"content":{"rendered":"<p>Im Goethe-Gymnasium wird es weihnachtlich.<\/p>\n<div id=\"attachment_2763\" style=\"width: 235px\" class=\"wp-caption alignleft\"><a href=\"http:\/\/goethe-gymnasium.berlin\/wp-content\/uploads\/2019\/01\/weihnachtsbacken2018-02.jpg\"><img loading=\"lazy\" decoding=\"async\" aria-describedby=\"caption-attachment-2763\" class=\"size-medium wp-image-2763\" src=\"http:\/\/goethe-gymnasium.berlin\/wp-content\/uploads\/2019\/01\/weihnachtsbacken2018-02-225x300.jpg\" alt=\"Adventskekst\u00fcte der 5c\" width=\"225\" height=\"300\" srcset=\"https:\/\/goethe-gymnasium.berlin\/wp-content\/uploads\/2019\/01\/weihnachtsbacken2018-02-225x300.jpg 225w, https:\/\/goethe-gymnasium.berlin\/wp-content\/uploads\/2019\/01\/weihnachtsbacken2018-02-768x1024.jpg 768w, https:\/\/goethe-gymnasium.berlin\/wp-content\/uploads\/2019\/01\/weihnachtsbacken2018-02.jpg 1512w\" sizes=\"auto, (max-width: 225px) 100vw, 225px\" \/><\/a><p id=\"caption-attachment-2763\" class=\"wp-caption-text\">Adventskekst\u00fcte der 5c<\/p><\/div>\n<p>Am 07. Dezember 2018 trafen sich Sch\u00fclerinnen, Sch\u00fcler und Eltern der 5c, um in der Mensa bei weihnachtlichen Kl\u00e4ngen gemeinsam Kekse zu backen. Bei bester Stimmung wurde Teig geknetet, Mehl verteilt, ausgestochen, geformt, gebacken und verziert. Berge k\u00f6stlicher Kekse in allen Formen und Farben &#8211; darunter auch ein Goethe-Keks &#8211; wurden gleich probiert. Es blieb aber auch noch gen\u00fcgend Weihnachtsgeb\u00e4ck \u00fcbrig, um in kleinen T\u00fctchen verpackt zu werden und die Adventszeit zu vers\u00fc\u00dfen.<\/p>\n<div id=\"attachment_2762\" style=\"width: 310px\" class=\"wp-caption alignright\"><a href=\"http:\/\/goethe-gymnasium.berlin\/wp-content\/uploads\/2019\/01\/weihnachtsbacken2018-01.jpg\"><img loading=\"lazy\" decoding=\"async\" aria-describedby=\"caption-attachment-2762\" class=\"wp-image-2762 size-medium\" src=\"http:\/\/goethe-gymnasium.berlin\/wp-content\/uploads\/2019\/01\/weihnachtsbacken2018-01-300x268.jpg\" alt=\"Goethe-Kekse\" width=\"300\" height=\"268\" srcset=\"https:\/\/goethe-gymnasium.berlin\/wp-content\/uploads\/2019\/01\/weihnachtsbacken2018-01-300x268.jpg 300w, https:\/\/goethe-gymnasium.berlin\/wp-content\/uploads\/2019\/01\/weihnachtsbacken2018-01-768x687.jpg 768w, https:\/\/goethe-gymnasium.berlin\/wp-content\/uploads\/2019\/01\/weihnachtsbacken2018-01-1145x1024.jpg 1145w\" sizes=\"auto, (max-width: 300px) 100vw, 300px\" \/><\/a><p id=\"caption-attachment-2762\" class=\"wp-caption-text\">Goethe-Kekse<\/p><\/div>\n<p>Dank der Unterst\u00fctzung des F\u00f6rdervereins und den Dekorationsk\u00fcnsten von Frau Albrecht und dem Ehepaar Lendner erfreut ein sch\u00f6ner Weihnachtsbaum im Foyer alle Eintretenden. <em>Herzlichen Dank an alle Beteiligten!<\/em><\/p>\n<p>Die weihnachtlichen Plakate im Schulhaus wurden von Sch\u00fclerinnen und Sch\u00fclern der Klasse 8a im Kunstunterricht gestaltet (<em>auch hier ein herzliches Dankesch\u00f6n!<\/em>) und weisen auf das <strong>Weihnachtskonzert am Mittwoch, d. 19. Dezember 2018<\/strong>, um 19.00 Uhr in der Aula hin. Klassen, Chor und Orchester stimmen musikalisch auf Weihnachten ein. Der Eintritt ist frei.<\/p>\n<style type=\"text\/css\">\n#foogallery-gallery-2665 .fg-image { width: 150px; }\n#foogallery-gallery-2665 { --fg-gutter: 10px; }<\/style>\n\t\t\t<div class=\"foogallery foogallery-container foogallery-default foogallery-lightbox-foobox fg-center fg-default fg-ready fg-dark fg-shadow-outline fg-loading-default fg-loaded-fade-in fg-caption-hover fg-hover-fade fg-hover-zoom3\" id=\"foogallery-gallery-2665\" data-foogallery=\"{&quot;item&quot;:{&quot;showCaptionTitle&quot;:true,&quot;showCaptionDescription&quot;:true},&quot;lazy&quot;:true}\" style=\"--fg-title-line-clamp: 0; --fg-description-line-clamp: 0;\" >\n\t<div class=\"fg-item fg-type-image fg-idle\"><figure class=\"fg-item-inner\"><a href=\"https:\/\/goethe-gymnasium.berlin\/wp-content\/uploads\/2018\/12\/weihnachtskonzert2018-01.jpg\" data-attachment-id=\"2664\" data-type=\"image\" class=\"fg-thumb\"><span class=\"fg-image-wrap\"><img decoding=\"async\" alt=\"Weihnachtskonzert 2018a\" width=\"150\" height=\"150\" class=\"skip-lazy fg-image\" data-src-fg=\"https:\/\/goethe-gymnasium.berlin\/wp-content\/uploads\/cache\/2018\/12\/weihnachtskonzert2018-01\/2106524734.jpg\" src=\"data:image\/svg+xml,%3Csvg%20xmlns%3D%22http%3A%2F%2Fwww.w3.org%2F2000%2Fsvg%22%20width%3D%22150%22%20height%3D%22150%22%20viewBox%3D%220%200%20150%20150%22%3E%3C%2Fsvg%3E\" loading=\"eager\"><\/span><span class=\"fg-image-overlay\"><\/span><\/a><\/figure><div class=\"fg-loader\"><\/div><\/div><div class=\"fg-item fg-type-image fg-idle\"><figure class=\"fg-item-inner\"><a href=\"https:\/\/goethe-gymnasium.berlin\/wp-content\/uploads\/2018\/12\/weihnachtskonzert2018-02.jpg\" data-attachment-id=\"2663\" data-type=\"image\" class=\"fg-thumb\"><span class=\"fg-image-wrap\"><img decoding=\"async\" alt=\"Weihnachtskonzert2018b\" width=\"150\" height=\"150\" class=\"skip-lazy fg-image\" data-src-fg=\"https:\/\/goethe-gymnasium.berlin\/wp-content\/uploads\/cache\/2018\/12\/weihnachtskonzert2018-02\/1570377248.jpg\" src=\"data:image\/svg+xml,%3Csvg%20xmlns%3D%22http%3A%2F%2Fwww.w3.org%2F2000%2Fsvg%22%20width%3D%22150%22%20height%3D%22150%22%20viewBox%3D%220%200%20150%20150%22%3E%3C%2Fsvg%3E\" loading=\"eager\"><\/span><span class=\"fg-image-overlay\"><\/span><\/a><\/figure><div class=\"fg-loader\"><\/div><\/div><div class=\"fg-item fg-type-image fg-idle\"><figure class=\"fg-item-inner\"><a href=\"https:\/\/goethe-gymnasium.berlin\/wp-content\/uploads\/2018\/12\/weihnachtskonzert2018-03.jpg\" data-attachment-id=\"2662\" data-type=\"image\" class=\"fg-thumb\"><span class=\"fg-image-wrap\"><img decoding=\"async\" alt=\"Weihnachtskonzert2018c\" width=\"150\" height=\"150\" class=\"skip-lazy fg-image\" data-src-fg=\"https:\/\/goethe-gymnasium.berlin\/wp-content\/uploads\/cache\/2018\/12\/weihnachtskonzert2018-03\/1734261100.jpg\" src=\"data:image\/svg+xml,%3Csvg%20xmlns%3D%22http%3A%2F%2Fwww.w3.org%2F2000%2Fsvg%22%20width%3D%22150%22%20height%3D%22150%22%20viewBox%3D%220%200%20150%20150%22%3E%3C%2Fsvg%3E\" loading=\"eager\"><\/span><span class=\"fg-image-overlay\"><\/span><\/a><\/figure><div class=\"fg-loader\"><\/div><\/div><div class=\"fg-item fg-type-image fg-idle\"><figure class=\"fg-item-inner\"><a href=\"https:\/\/goethe-gymnasium.berlin\/wp-content\/uploads\/2018\/12\/weihnachtskonzert2018-04.jpg\" data-attachment-id=\"2661\" data-type=\"image\" class=\"fg-thumb\"><span class=\"fg-image-wrap\"><img decoding=\"async\" alt=\"Weihnachtskonzert2018d\" width=\"150\" height=\"150\" class=\"skip-lazy fg-image\" data-src-fg=\"https:\/\/goethe-gymnasium.berlin\/wp-content\/uploads\/cache\/2018\/12\/weihnachtskonzert2018-04\/2891542082.jpg\" src=\"data:image\/svg+xml,%3Csvg%20xmlns%3D%22http%3A%2F%2Fwww.w3.org%2F2000%2Fsvg%22%20width%3D%22150%22%20height%3D%22150%22%20viewBox%3D%220%200%20150%20150%22%3E%3C%2Fsvg%3E\" loading=\"eager\"><\/span><span class=\"fg-image-overlay\"><\/span><\/a><\/figure><div class=\"fg-loader\"><\/div><\/div><\/div>\n\n<p>&nbsp;<\/p>\n<p>Den Schlusspunkt des Jahres bildet die <strong>weihnachtliche Andacht<\/strong>, zu der interessierte Sch\u00fcler*innen und Kolleg*innen herzlich eingeladen sind. Sie findet am <strong>Freitag, d. 21. Dezember 2018<\/strong>, in der ersten Stunde in der Aula statt.<\/p>\n","protected":false},"excerpt":{"rendered":"<p>Im Goethe-Gymnasium wird es weihnachtlich. <a class=\"more-link\" href=\"https:\/\/goethe-gymnasium.berlin\/index.php\/2018\/12\/12\/weihnachtliches-im-schulhaus\/\">Weiterlesen &#8230;<\/a><\/p>\n","protected":false},"author":4,"featured_media":2657,"comment_status":"closed","ping_status":"closed","sticky":false,"template":"","format":"standard","meta":{"footnotes":""},"categories":[4,12],"tags":[110,111,109],"class_list":["post-2654","post","type-post","status-publish","format-standard","has-post-thumbnail","hentry","category-schulleben","category-veranstaltungen","tag-chor","tag-orchester","tag-weihnachtskonzert"],"yoast_head":"<!-- This site is optimized with the Yoast SEO plugin v27.5 - https:\/\/yoast.com\/product\/yoast-seo-wordpress\/ -->\n<title>Weihnachtliches im Schulhaus - Goethe-Gymnasium Berlin-Wilmersdorf<\/title>\n<meta name=\"description\" content=\"Goethe-Gymnasium Berlin-Wilmersdorf\" \/>\n<meta name=\"robots\" content=\"index, follow, max-snippet:-1, max-image-preview:large, max-video-preview:-1\" \/>\n<link rel=\"canonical\" href=\"https:\/\/goethe-gymnasium.berlin\/index.php\/2018\/12\/12\/weihnachtliches-im-schulhaus\/\" \/>\n<meta property=\"og:locale\" content=\"de_DE\" \/>\n<meta property=\"og:type\" content=\"article\" \/>\n<meta property=\"og:title\" content=\"Weihnachtliches im Schulhaus - Goethe-Gymnasium Berlin-Wilmersdorf\" \/>\n<meta property=\"og:description\" content=\"Goethe-Gymnasium Berlin-Wilmersdorf\" \/>\n<meta property=\"og:url\" content=\"https:\/\/goethe-gymnasium.berlin\/index.php\/2018\/12\/12\/weihnachtliches-im-schulhaus\/\" \/>\n<meta property=\"og:site_name\" content=\"Goethe-Gymnasium Berlin-Wilmersdorf\" \/>\n<meta property=\"article:publisher\" content=\"https:\/\/www.facebook.com\/pages\/Goethe-Gymnasium\/109376575754402\" \/>\n<meta property=\"article:published_time\" content=\"2018-12-12T10:03:54+00:00\" \/>\n<meta property=\"article:modified_time\" content=\"2019-01-03T10:57:21+00:00\" \/>\n<meta property=\"og:image\" content=\"https:\/\/goethe-gymnasium.berlin\/wp-content\/uploads\/2018\/12\/weihnachtsbaum2018.jpg\" \/>\n\t<meta property=\"og:image:width\" content=\"1454\" \/>\n\t<meta property=\"og:image:height\" content=\"1939\" \/>\n\t<meta property=\"og:image:type\" content=\"image\/jpeg\" \/>\n<meta name=\"author\" content=\"BWeber\" \/>\n<meta name=\"twitter:card\" content=\"summary_large_image\" \/>\n<meta name=\"twitter:label1\" content=\"Verfasst von\" \/>\n\t<meta name=\"twitter:data1\" content=\"BWeber\" \/>\n\t<meta name=\"twitter:label2\" content=\"Gesch\u00e4tzte Lesezeit\" \/>\n\t<meta name=\"twitter:data2\" content=\"1\u00a0Minute\" \/>\n<script type=\"application\/ld+json\" class=\"yoast-schema-graph\">{\"@context\":\"https:\\\/\\\/schema.org\",\"@graph\":[{\"@type\":\"Article\",\"@id\":\"https:\\\/\\\/goethe-gymnasium.berlin\\\/index.php\\\/2018\\\/12\\\/12\\\/weihnachtliches-im-schulhaus\\\/#article\",\"isPartOf\":{\"@id\":\"https:\\\/\\\/goethe-gymnasium.berlin\\\/index.php\\\/2018\\\/12\\\/12\\\/weihnachtliches-im-schulhaus\\\/\"},\"author\":{\"name\":\"BWeber\",\"@id\":\"https:\\\/\\\/goethe-gymnasium.berlin\\\/#\\\/schema\\\/person\\\/657649ee416ae4c87decf9eca214731b\"},\"headline\":\"Weihnachtliches im Schulhaus\",\"datePublished\":\"2018-12-12T10:03:54+00:00\",\"dateModified\":\"2019-01-03T10:57:21+00:00\",\"mainEntityOfPage\":{\"@id\":\"https:\\\/\\\/goethe-gymnasium.berlin\\\/index.php\\\/2018\\\/12\\\/12\\\/weihnachtliches-im-schulhaus\\\/\"},\"wordCount\":227,\"publisher\":{\"@id\":\"https:\\\/\\\/goethe-gymnasium.berlin\\\/#organization\"},\"image\":{\"@id\":\"https:\\\/\\\/goethe-gymnasium.berlin\\\/index.php\\\/2018\\\/12\\\/12\\\/weihnachtliches-im-schulhaus\\\/#primaryimage\"},\"thumbnailUrl\":\"https:\\\/\\\/goethe-gymnasium.berlin\\\/wp-content\\\/uploads\\\/2018\\\/12\\\/weihnachtsbaum2018.jpg\",\"keywords\":[\"Chor\",\"Orchester\",\"Weihnachtskonzert\"],\"articleSection\":[\"Schulleben\",\"Veranstaltungen\"],\"inLanguage\":\"de\"},{\"@type\":\"WebPage\",\"@id\":\"https:\\\/\\\/goethe-gymnasium.berlin\\\/index.php\\\/2018\\\/12\\\/12\\\/weihnachtliches-im-schulhaus\\\/\",\"url\":\"https:\\\/\\\/goethe-gymnasium.berlin\\\/index.php\\\/2018\\\/12\\\/12\\\/weihnachtliches-im-schulhaus\\\/\",\"name\":\"Weihnachtliches im Schulhaus - Goethe-Gymnasium Berlin-Wilmersdorf\",\"isPartOf\":{\"@id\":\"https:\\\/\\\/goethe-gymnasium.berlin\\\/#website\"},\"primaryImageOfPage\":{\"@id\":\"https:\\\/\\\/goethe-gymnasium.berlin\\\/index.php\\\/2018\\\/12\\\/12\\\/weihnachtliches-im-schulhaus\\\/#primaryimage\"},\"image\":{\"@id\":\"https:\\\/\\\/goethe-gymnasium.berlin\\\/index.php\\\/2018\\\/12\\\/12\\\/weihnachtliches-im-schulhaus\\\/#primaryimage\"},\"thumbnailUrl\":\"https:\\\/\\\/goethe-gymnasium.berlin\\\/wp-content\\\/uploads\\\/2018\\\/12\\\/weihnachtsbaum2018.jpg\",\"datePublished\":\"2018-12-12T10:03:54+00:00\",\"dateModified\":\"2019-01-03T10:57:21+00:00\",\"description\":\"Goethe-Gymnasium Berlin-Wilmersdorf\",\"breadcrumb\":{\"@id\":\"https:\\\/\\\/goethe-gymnasium.berlin\\\/index.php\\\/2018\\\/12\\\/12\\\/weihnachtliches-im-schulhaus\\\/#breadcrumb\"},\"inLanguage\":\"de\",\"potentialAction\":[{\"@type\":\"ReadAction\",\"target\":[\"https:\\\/\\\/goethe-gymnasium.berlin\\\/index.php\\\/2018\\\/12\\\/12\\\/weihnachtliches-im-schulhaus\\\/\"]}]},{\"@type\":\"ImageObject\",\"inLanguage\":\"de\",\"@id\":\"https:\\\/\\\/goethe-gymnasium.berlin\\\/index.php\\\/2018\\\/12\\\/12\\\/weihnachtliches-im-schulhaus\\\/#primaryimage\",\"url\":\"https:\\\/\\\/goethe-gymnasium.berlin\\\/wp-content\\\/uploads\\\/2018\\\/12\\\/weihnachtsbaum2018.jpg\",\"contentUrl\":\"https:\\\/\\\/goethe-gymnasium.berlin\\\/wp-content\\\/uploads\\\/2018\\\/12\\\/weihnachtsbaum2018.jpg\",\"width\":1454,\"height\":1939,\"caption\":\"Weihnachtsbaum im Foyer\"},{\"@type\":\"BreadcrumbList\",\"@id\":\"https:\\\/\\\/goethe-gymnasium.berlin\\\/index.php\\\/2018\\\/12\\\/12\\\/weihnachtliches-im-schulhaus\\\/#breadcrumb\",\"itemListElement\":[{\"@type\":\"ListItem\",\"position\":1,\"name\":\"Startseite\",\"item\":\"https:\\\/\\\/goethe-gymnasium.berlin\\\/\"},{\"@type\":\"ListItem\",\"position\":2,\"name\":\"Weihnachtliches im Schulhaus\"}]},{\"@type\":\"WebSite\",\"@id\":\"https:\\\/\\\/goethe-gymnasium.berlin\\\/#website\",\"url\":\"https:\\\/\\\/goethe-gymnasium.berlin\\\/\",\"name\":\"Goethe-Gymnasium Berlin-Wilmersdorf\",\"description\":\"\",\"publisher\":{\"@id\":\"https:\\\/\\\/goethe-gymnasium.berlin\\\/#organization\"},\"potentialAction\":[{\"@type\":\"SearchAction\",\"target\":{\"@type\":\"EntryPoint\",\"urlTemplate\":\"https:\\\/\\\/goethe-gymnasium.berlin\\\/?s={search_term_string}\"},\"query-input\":{\"@type\":\"PropertyValueSpecification\",\"valueRequired\":true,\"valueName\":\"search_term_string\"}}],\"inLanguage\":\"de\"},{\"@type\":\"Organization\",\"@id\":\"https:\\\/\\\/goethe-gymnasium.berlin\\\/#organization\",\"name\":\"Goethe-Gymnasium Berlin-Wilmersdorf\",\"url\":\"https:\\\/\\\/goethe-gymnasium.berlin\\\/\",\"logo\":{\"@type\":\"ImageObject\",\"inLanguage\":\"de\",\"@id\":\"https:\\\/\\\/goethe-gymnasium.berlin\\\/#\\\/schema\\\/logo\\\/image\\\/\",\"url\":\"https:\\\/\\\/goethe-gymnasium.berlin\\\/wp-content\\\/uploads\\\/2018\\\/04\\\/goethe-logo_hoch.png\",\"contentUrl\":\"https:\\\/\\\/goethe-gymnasium.berlin\\\/wp-content\\\/uploads\\\/2018\\\/04\\\/goethe-logo_hoch.png\",\"width\":755,\"height\":514,\"caption\":\"Goethe-Gymnasium Berlin-Wilmersdorf\"},\"image\":{\"@id\":\"https:\\\/\\\/goethe-gymnasium.berlin\\\/#\\\/schema\\\/logo\\\/image\\\/\"},\"sameAs\":[\"https:\\\/\\\/www.facebook.com\\\/pages\\\/Goethe-Gymnasium\\\/109376575754402\",\"https:\\\/\\\/www.youtube.com\\\/channel\\\/UCMKuMVF9h_YkS3zmEp7SnzQ\"]},{\"@type\":\"Person\",\"@id\":\"https:\\\/\\\/goethe-gymnasium.berlin\\\/#\\\/schema\\\/person\\\/657649ee416ae4c87decf9eca214731b\",\"name\":\"BWeber\",\"image\":{\"@type\":\"ImageObject\",\"inLanguage\":\"de\",\"@id\":\"https:\\\/\\\/secure.gravatar.com\\\/avatar\\\/02bebd62837a35b7591c929f78cee097518003bae0426a33e45c214fc8bd37fb?s=96&d=mm&r=g\",\"url\":\"https:\\\/\\\/secure.gravatar.com\\\/avatar\\\/02bebd62837a35b7591c929f78cee097518003bae0426a33e45c214fc8bd37fb?s=96&d=mm&r=g\",\"contentUrl\":\"https:\\\/\\\/secure.gravatar.com\\\/avatar\\\/02bebd62837a35b7591c929f78cee097518003bae0426a33e45c214fc8bd37fb?s=96&d=mm&r=g\",\"caption\":\"BWeber\"},\"url\":\"https:\\\/\\\/goethe-gymnasium.berlin\\\/index.php\\\/author\\\/bweber\\\/\"}]}<\/script>\n<!-- \/ Yoast SEO plugin. -->","yoast_head_json":{"title":"Weihnachtliches im Schulhaus - Goethe-Gymnasium Berlin-Wilmersdorf","description":"Goethe-Gymnasium Berlin-Wilmersdorf","robots":{"index":"index","follow":"follow","max-snippet":"max-snippet:-1","max-image-preview":"max-image-preview:large","max-video-preview":"max-video-preview:-1"},"canonical":"https:\/\/goethe-gymnasium.berlin\/index.php\/2018\/12\/12\/weihnachtliches-im-schulhaus\/","og_locale":"de_DE","og_type":"article","og_title":"Weihnachtliches im Schulhaus - Goethe-Gymnasium Berlin-Wilmersdorf","og_description":"Goethe-Gymnasium Berlin-Wilmersdorf","og_url":"https:\/\/goethe-gymnasium.berlin\/index.php\/2018\/12\/12\/weihnachtliches-im-schulhaus\/","og_site_name":"Goethe-Gymnasium Berlin-Wilmersdorf","article_publisher":"https:\/\/www.facebook.com\/pages\/Goethe-Gymnasium\/109376575754402","article_published_time":"2018-12-12T10:03:54+00:00","article_modified_time":"2019-01-03T10:57:21+00:00","og_image":[{"width":1454,"height":1939,"url":"https:\/\/goethe-gymnasium.berlin\/wp-content\/uploads\/2018\/12\/weihnachtsbaum2018.jpg","type":"image\/jpeg"}],"author":"BWeber","twitter_card":"summary_large_image","twitter_misc":{"Verfasst von":"BWeber","Gesch\u00e4tzte Lesezeit":"1\u00a0Minute"},"schema":{"@context":"https:\/\/schema.org","@graph":[{"@type":"Article","@id":"https:\/\/goethe-gymnasium.berlin\/index.php\/2018\/12\/12\/weihnachtliches-im-schulhaus\/#article","isPartOf":{"@id":"https:\/\/goethe-gymnasium.berlin\/index.php\/2018\/12\/12\/weihnachtliches-im-schulhaus\/"},"author":{"name":"BWeber","@id":"https:\/\/goethe-gymnasium.berlin\/#\/schema\/person\/657649ee416ae4c87decf9eca214731b"},"headline":"Weihnachtliches im Schulhaus","datePublished":"2018-12-12T10:03:54+00:00","dateModified":"2019-01-03T10:57:21+00:00","mainEntityOfPage":{"@id":"https:\/\/goethe-gymnasium.berlin\/index.php\/2018\/12\/12\/weihnachtliches-im-schulhaus\/"},"wordCount":227,"publisher":{"@id":"https:\/\/goethe-gymnasium.berlin\/#organization"},"image":{"@id":"https:\/\/goethe-gymnasium.berlin\/index.php\/2018\/12\/12\/weihnachtliches-im-schulhaus\/#primaryimage"},"thumbnailUrl":"https:\/\/goethe-gymnasium.berlin\/wp-content\/uploads\/2018\/12\/weihnachtsbaum2018.jpg","keywords":["Chor","Orchester","Weihnachtskonzert"],"articleSection":["Schulleben","Veranstaltungen"],"inLanguage":"de"},{"@type":"WebPage","@id":"https:\/\/goethe-gymnasium.berlin\/index.php\/2018\/12\/12\/weihnachtliches-im-schulhaus\/","url":"https:\/\/goethe-gymnasium.berlin\/index.php\/2018\/12\/12\/weihnachtliches-im-schulhaus\/","name":"Weihnachtliches im Schulhaus - Goethe-Gymnasium Berlin-Wilmersdorf","isPartOf":{"@id":"https:\/\/goethe-gymnasium.berlin\/#website"},"primaryImageOfPage":{"@id":"https:\/\/goethe-gymnasium.berlin\/index.php\/2018\/12\/12\/weihnachtliches-im-schulhaus\/#primaryimage"},"image":{"@id":"https:\/\/goethe-gymnasium.berlin\/index.php\/2018\/12\/12\/weihnachtliches-im-schulhaus\/#primaryimage"},"thumbnailUrl":"https:\/\/goethe-gymnasium.berlin\/wp-content\/uploads\/2018\/12\/weihnachtsbaum2018.jpg","datePublished":"2018-12-12T10:03:54+00:00","dateModified":"2019-01-03T10:57:21+00:00","description":"Goethe-Gymnasium Berlin-Wilmersdorf","breadcrumb":{"@id":"https:\/\/goethe-gymnasium.berlin\/index.php\/2018\/12\/12\/weihnachtliches-im-schulhaus\/#breadcrumb"},"inLanguage":"de","potentialAction":[{"@type":"ReadAction","target":["https:\/\/goethe-gymnasium.berlin\/index.php\/2018\/12\/12\/weihnachtliches-im-schulhaus\/"]}]},{"@type":"ImageObject","inLanguage":"de","@id":"https:\/\/goethe-gymnasium.berlin\/index.php\/2018\/12\/12\/weihnachtliches-im-schulhaus\/#primaryimage","url":"https:\/\/goethe-gymnasium.berlin\/wp-content\/uploads\/2018\/12\/weihnachtsbaum2018.jpg","contentUrl":"https:\/\/goethe-gymnasium.berlin\/wp-content\/uploads\/2018\/12\/weihnachtsbaum2018.jpg","width":1454,"height":1939,"caption":"Weihnachtsbaum im Foyer"},{"@type":"BreadcrumbList","@id":"https:\/\/goethe-gymnasium.berlin\/index.php\/2018\/12\/12\/weihnachtliches-im-schulhaus\/#breadcrumb","itemListElement":[{"@type":"ListItem","position":1,"name":"Startseite","item":"https:\/\/goethe-gymnasium.berlin\/"},{"@type":"ListItem","position":2,"name":"Weihnachtliches im Schulhaus"}]},{"@type":"WebSite","@id":"https:\/\/goethe-gymnasium.berlin\/#website","url":"https:\/\/goethe-gymnasium.berlin\/","name":"Goethe-Gymnasium Berlin-Wilmersdorf","description":"","publisher":{"@id":"https:\/\/goethe-gymnasium.berlin\/#organization"},"potentialAction":[{"@type":"SearchAction","target":{"@type":"EntryPoint","urlTemplate":"https:\/\/goethe-gymnasium.berlin\/?s={search_term_string}"},"query-input":{"@type":"PropertyValueSpecification","valueRequired":true,"valueName":"search_term_string"}}],"inLanguage":"de"},{"@type":"Organization","@id":"https:\/\/goethe-gymnasium.berlin\/#organization","name":"Goethe-Gymnasium Berlin-Wilmersdorf","url":"https:\/\/goethe-gymnasium.berlin\/","logo":{"@type":"ImageObject","inLanguage":"de","@id":"https:\/\/goethe-gymnasium.berlin\/#\/schema\/logo\/image\/","url":"https:\/\/goethe-gymnasium.berlin\/wp-content\/uploads\/2018\/04\/goethe-logo_hoch.png","contentUrl":"https:\/\/goethe-gymnasium.berlin\/wp-content\/uploads\/2018\/04\/goethe-logo_hoch.png","width":755,"height":514,"caption":"Goethe-Gymnasium Berlin-Wilmersdorf"},"image":{"@id":"https:\/\/goethe-gymnasium.berlin\/#\/schema\/logo\/image\/"},"sameAs":["https:\/\/www.facebook.com\/pages\/Goethe-Gymnasium\/109376575754402","https:\/\/www.youtube.com\/channel\/UCMKuMVF9h_YkS3zmEp7SnzQ"]},{"@type":"Person","@id":"https:\/\/goethe-gymnasium.berlin\/#\/schema\/person\/657649ee416ae4c87decf9eca214731b","name":"BWeber","image":{"@type":"ImageObject","inLanguage":"de","@id":"https:\/\/secure.gravatar.com\/avatar\/02bebd62837a35b7591c929f78cee097518003bae0426a33e45c214fc8bd37fb?s=96&d=mm&r=g","url":"https:\/\/secure.gravatar.com\/avatar\/02bebd62837a35b7591c929f78cee097518003bae0426a33e45c214fc8bd37fb?s=96&d=mm&r=g","contentUrl":"https:\/\/secure.gravatar.com\/avatar\/02bebd62837a35b7591c929f78cee097518003bae0426a33e45c214fc8bd37fb?s=96&d=mm&r=g","caption":"BWeber"},"url":"https:\/\/goethe-gymnasium.berlin\/index.php\/author\/bweber\/"}]}},"_links":{"self":[{"href":"https:\/\/goethe-gymnasium.berlin\/index.php\/wp-json\/wp\/v2\/posts\/2654","targetHints":{"allow":["GET"]}}],"collection":[{"href":"https:\/\/goethe-gymnasium.berlin\/index.php\/wp-json\/wp\/v2\/posts"}],"about":[{"href":"https:\/\/goethe-gymnasium.berlin\/index.php\/wp-json\/wp\/v2\/types\/post"}],"author":[{"embeddable":true,"href":"https:\/\/goethe-gymnasium.berlin\/index.php\/wp-json\/wp\/v2\/users\/4"}],"replies":[{"embeddable":true,"href":"https:\/\/goethe-gymnasium.berlin\/index.php\/wp-json\/wp\/v2\/comments?post=2654"}],"version-history":[{"count":10,"href":"https:\/\/goethe-gymnasium.berlin\/index.php\/wp-json\/wp\/v2\/posts\/2654\/revisions"}],"predecessor-version":[{"id":2766,"href":"https:\/\/goethe-gymnasium.berlin\/index.php\/wp-json\/wp\/v2\/posts\/2654\/revisions\/2766"}],"wp:featuredmedia":[{"embeddable":true,"href":"https:\/\/goethe-gymnasium.berlin\/index.php\/wp-json\/wp\/v2\/media\/2657"}],"wp:attachment":[{"href":"https:\/\/goethe-gymnasium.berlin\/index.php\/wp-json\/wp\/v2\/media?parent=2654"}],"wp:term":[{"taxonomy":"category","embeddable":true,"href":"https:\/\/goethe-gymnasium.berlin\/index.php\/wp-json\/wp\/v2\/categories?post=2654"},{"taxonomy":"post_tag","embeddable":true,"href":"https:\/\/goethe-gymnasium.berlin\/index.php\/wp-json\/wp\/v2\/tags?post=2654"}],"curies":[{"name":"wp","href":"https:\/\/api.w.org\/{rel}","templated":true}]}}