{"id":2552,"date":"2018-12-01T11:07:31","date_gmt":"2018-12-01T10:07:31","guid":{"rendered":"http:\/\/goethe-gymnasium.berlin\/?p=2552"},"modified":"2019-04-27T10:44:53","modified_gmt":"2019-04-27T08:44:53","slug":"mediatorenausbildung01","status":"publish","type":"post","link":"https:\/\/goethe-gymnasium.berlin\/index.php\/2018\/12\/01\/mediatorenausbildung01\/","title":{"rendered":"Mediatorenausbildung, Teil 1"},"content":{"rendered":"<p><em>Auch dieses Jahr wurden wieder Sch\u00fcler*innen der 8. Klassen des Goethe Gymnasiums zu <a href=\"http:\/\/goethe-gymnasium.berlin\/index.php\/schuelerschaft\/schuelermediation\/\">Sch\u00fclermediator*innen<\/a> ausgebildet. Juno und Yusra, zwei zuk\u00fcnftige Mediatorinnen, berichten von ihrer Erfahrung zum ersten Teil der Ausbildung:<\/em><\/p>\n<p>Am Donnerstag, den 15. November 2018 sind wir alle \u2013 16 Sch\u00fclerinnen und Sch\u00fcler der achten Klassen \u2013 am\u00a0 Gro\u00dfen Wannsee angekommen, um am ersten Ausbildungsblock der Mediatorenausbildung teilzunehmen\u00a0 und waren gespannt, was auf uns zukommen w\u00fcrde.<\/p>\n<p>Nach dem gegenseitigen Kennenlernen haben wir verschiedene Rollenspiele zum Thema Kommunikation durchgef\u00fchrt. Dann haben wir uns gefragt: Was ist eigentlich ein Konflikt? Wir haben gelernt, Konfliktsituationen einzusch\u00e4tzen und uns bewusst gemacht, dass es unterschiedliche Blickwinkel auf Konflikte gibt. Anschlie\u00dfend haben wir die einzelnen Phasen der Mediation besprochen und die erste und zweite Phase in Rollenspielen einge\u00fcbt.<\/p>\n<p>W\u00e4hrend der beiden Ausbildungstage hatten wir zwischendurch aber auch immer wieder Pausen, die wir individuell nutzen konnten. Einige spielten Kicker, andere Tischtennis, wieder andere unterhielten sich.<\/p>\n<p>Am Freitagabend gaben wir unser Feedback und stellten fest, dass uns der erste Ausbildungsteil sehr gut gefallen hat.<\/p>\n<p>Wir waren unserem Ziel, Mediator*innen zu werden ein ganzes St\u00fcck n\u00e4her gekommen und sind gespannt auf den <a href=\"http:\/\/goethe-gymnasium.berlin\/index.php\/2019\/03\/26\/mediatorenausbildung02\/\" target=\"_blank\" rel=\"noopener noreferrer\">zweiten Teil der Ausbildung im Januar<\/a>.<\/p>\n<p style=\"text-align: right;\">\u00a0\u00a0\u00a0\u00a0\u00a0\u00a0\u00a0\u00a0\u00a0\u00a0\u00a0\u00a0\u00a0\u00a0\u00a0\u00a0\u00a0\u00a0\u00a0\u00a0\u00a0\u00a0\u00a0\u00a0\u00a0\u00a0\u00a0\u00a0\u00a0\u00a0\u00a0\u00a0\u00a0\u00a0\u00a0\u00a0\u00a0\u00a0\u00a0\u00a0\u00a0 \u00a0\u00a0\u00a0\u00a0\u00a0\u00a0\u00a0\u00a0\u00a0\u00a0\u00a0\u00a0\u00a0\u00a0\u00a0\u00a0\u00a0\u00a0\u00a0\u00a0\u00a0\u00a0 <em>Text : Yusra Zaffar, Klasse 8b, und Juno Zeike, Klasse 8a (Schuljahr 2018\/19)<\/em><\/p>\n","protected":false},"excerpt":{"rendered":"<p>Auch dieses Jahr wurden wieder Sch\u00fcler*innen der 8. Klassen zu Sch\u00fclermediatoren ausgebildet. <a class=\"more-link\" href=\"https:\/\/goethe-gymnasium.berlin\/index.php\/2018\/12\/01\/mediatorenausbildung01\/\">Weiterlesen &#8230;<\/a><\/p>\n","protected":false},"author":5,"featured_media":2551,"comment_status":"closed","ping_status":"closed","sticky":false,"template":"","format":"standard","meta":{"footnotes":""},"categories":[5,35,4],"tags":[97,159,98],"class_list":["post-2552","post","type-post","status-publish","format-standard","has-post-thumbnail","hentry","category-berichte","category-schuelerschaft","category-schulleben","tag-mediation","tag-mediatorenausbildung","tag-schuelermediation"],"yoast_head":"<!-- This site is optimized with the Yoast SEO plugin v27.4 - https:\/\/yoast.com\/product\/yoast-seo-wordpress\/ -->\n<title>Mediatorenausbildung, Teil 1 - Goethe-Gymnasium Berlin-Wilmersdorf<\/title>\n<meta name=\"description\" content=\"Goethe-Gymnasium Berlin-Wilmersdorf\" \/>\n<meta name=\"robots\" content=\"index, follow, max-snippet:-1, max-image-preview:large, max-video-preview:-1\" \/>\n<link rel=\"canonical\" href=\"https:\/\/goethe-gymnasium.berlin\/index.php\/2018\/12\/01\/mediatorenausbildung01\/\" \/>\n<meta property=\"og:locale\" content=\"de_DE\" \/>\n<meta property=\"og:type\" content=\"article\" \/>\n<meta property=\"og:title\" content=\"Mediatorenausbildung, Teil 1 - Goethe-Gymnasium Berlin-Wilmersdorf\" \/>\n<meta property=\"og:description\" content=\"Goethe-Gymnasium Berlin-Wilmersdorf\" \/>\n<meta property=\"og:url\" content=\"https:\/\/goethe-gymnasium.berlin\/index.php\/2018\/12\/01\/mediatorenausbildung01\/\" \/>\n<meta property=\"og:site_name\" content=\"Goethe-Gymnasium Berlin-Wilmersdorf\" \/>\n<meta property=\"article:publisher\" content=\"https:\/\/www.facebook.com\/pages\/Goethe-Gymnasium\/109376575754402\" \/>\n<meta property=\"article:published_time\" content=\"2018-12-01T10:07:31+00:00\" \/>\n<meta property=\"article:modified_time\" content=\"2019-04-27T08:44:53+00:00\" \/>\n<meta property=\"og:image\" content=\"https:\/\/goethe-gymnasium.berlin\/wp-content\/uploads\/2018\/11\/mediation2-2018.jpg\" \/>\n\t<meta property=\"og:image:width\" content=\"1632\" \/>\n\t<meta property=\"og:image:height\" content=\"1224\" \/>\n\t<meta property=\"og:image:type\" content=\"image\/jpeg\" \/>\n<meta name=\"author\" content=\"N. Trenz\" \/>\n<meta name=\"twitter:card\" content=\"summary_large_image\" \/>\n<meta name=\"twitter:label1\" content=\"Verfasst von\" \/>\n\t<meta name=\"twitter:data1\" content=\"N. Trenz\" \/>\n\t<meta name=\"twitter:label2\" content=\"Gesch\u00e4tzte Lesezeit\" \/>\n\t<meta name=\"twitter:data2\" content=\"1\u00a0Minute\" \/>\n<script type=\"application\/ld+json\" class=\"yoast-schema-graph\">{\"@context\":\"https:\\\/\\\/schema.org\",\"@graph\":[{\"@type\":\"Article\",\"@id\":\"https:\\\/\\\/goethe-gymnasium.berlin\\\/index.php\\\/2018\\\/12\\\/01\\\/mediatorenausbildung01\\\/#article\",\"isPartOf\":{\"@id\":\"https:\\\/\\\/goethe-gymnasium.berlin\\\/index.php\\\/2018\\\/12\\\/01\\\/mediatorenausbildung01\\\/\"},\"author\":{\"name\":\"N. Trenz\",\"@id\":\"https:\\\/\\\/goethe-gymnasium.berlin\\\/#\\\/schema\\\/person\\\/df803123785b2c7cc30d59f14e741a9f\"},\"headline\":\"Mediatorenausbildung, Teil 1\",\"datePublished\":\"2018-12-01T10:07:31+00:00\",\"dateModified\":\"2019-04-27T08:44:53+00:00\",\"mainEntityOfPage\":{\"@id\":\"https:\\\/\\\/goethe-gymnasium.berlin\\\/index.php\\\/2018\\\/12\\\/01\\\/mediatorenausbildung01\\\/\"},\"wordCount\":214,\"publisher\":{\"@id\":\"https:\\\/\\\/goethe-gymnasium.berlin\\\/#organization\"},\"image\":{\"@id\":\"https:\\\/\\\/goethe-gymnasium.berlin\\\/index.php\\\/2018\\\/12\\\/01\\\/mediatorenausbildung01\\\/#primaryimage\"},\"thumbnailUrl\":\"https:\\\/\\\/goethe-gymnasium.berlin\\\/wp-content\\\/uploads\\\/2018\\\/11\\\/mediation2-2018.jpg\",\"keywords\":[\"Mediation\",\"Mediatorenausbildung\",\"Sch\u00fclermediation\"],\"articleSection\":[\"Berichte\",\"Sch\u00fclerschaft\",\"Schulleben\"],\"inLanguage\":\"de\"},{\"@type\":\"WebPage\",\"@id\":\"https:\\\/\\\/goethe-gymnasium.berlin\\\/index.php\\\/2018\\\/12\\\/01\\\/mediatorenausbildung01\\\/\",\"url\":\"https:\\\/\\\/goethe-gymnasium.berlin\\\/index.php\\\/2018\\\/12\\\/01\\\/mediatorenausbildung01\\\/\",\"name\":\"Mediatorenausbildung, Teil 1 - Goethe-Gymnasium Berlin-Wilmersdorf\",\"isPartOf\":{\"@id\":\"https:\\\/\\\/goethe-gymnasium.berlin\\\/#website\"},\"primaryImageOfPage\":{\"@id\":\"https:\\\/\\\/goethe-gymnasium.berlin\\\/index.php\\\/2018\\\/12\\\/01\\\/mediatorenausbildung01\\\/#primaryimage\"},\"image\":{\"@id\":\"https:\\\/\\\/goethe-gymnasium.berlin\\\/index.php\\\/2018\\\/12\\\/01\\\/mediatorenausbildung01\\\/#primaryimage\"},\"thumbnailUrl\":\"https:\\\/\\\/goethe-gymnasium.berlin\\\/wp-content\\\/uploads\\\/2018\\\/11\\\/mediation2-2018.jpg\",\"datePublished\":\"2018-12-01T10:07:31+00:00\",\"dateModified\":\"2019-04-27T08:44:53+00:00\",\"description\":\"Goethe-Gymnasium Berlin-Wilmersdorf\",\"breadcrumb\":{\"@id\":\"https:\\\/\\\/goethe-gymnasium.berlin\\\/index.php\\\/2018\\\/12\\\/01\\\/mediatorenausbildung01\\\/#breadcrumb\"},\"inLanguage\":\"de\",\"potentialAction\":[{\"@type\":\"ReadAction\",\"target\":[\"https:\\\/\\\/goethe-gymnasium.berlin\\\/index.php\\\/2018\\\/12\\\/01\\\/mediatorenausbildung01\\\/\"]}]},{\"@type\":\"ImageObject\",\"inLanguage\":\"de\",\"@id\":\"https:\\\/\\\/goethe-gymnasium.berlin\\\/index.php\\\/2018\\\/12\\\/01\\\/mediatorenausbildung01\\\/#primaryimage\",\"url\":\"https:\\\/\\\/goethe-gymnasium.berlin\\\/wp-content\\\/uploads\\\/2018\\\/11\\\/mediation2-2018.jpg\",\"contentUrl\":\"https:\\\/\\\/goethe-gymnasium.berlin\\\/wp-content\\\/uploads\\\/2018\\\/11\\\/mediation2-2018.jpg\",\"width\":1632,\"height\":1224,\"caption\":\"Ausbildung zur Mediation 2018\"},{\"@type\":\"BreadcrumbList\",\"@id\":\"https:\\\/\\\/goethe-gymnasium.berlin\\\/index.php\\\/2018\\\/12\\\/01\\\/mediatorenausbildung01\\\/#breadcrumb\",\"itemListElement\":[{\"@type\":\"ListItem\",\"position\":1,\"name\":\"Startseite\",\"item\":\"https:\\\/\\\/goethe-gymnasium.berlin\\\/\"},{\"@type\":\"ListItem\",\"position\":2,\"name\":\"Mediatorenausbildung, Teil 1\"}]},{\"@type\":\"WebSite\",\"@id\":\"https:\\\/\\\/goethe-gymnasium.berlin\\\/#website\",\"url\":\"https:\\\/\\\/goethe-gymnasium.berlin\\\/\",\"name\":\"Goethe-Gymnasium Berlin-Wilmersdorf\",\"description\":\"\",\"publisher\":{\"@id\":\"https:\\\/\\\/goethe-gymnasium.berlin\\\/#organization\"},\"potentialAction\":[{\"@type\":\"SearchAction\",\"target\":{\"@type\":\"EntryPoint\",\"urlTemplate\":\"https:\\\/\\\/goethe-gymnasium.berlin\\\/?s={search_term_string}\"},\"query-input\":{\"@type\":\"PropertyValueSpecification\",\"valueRequired\":true,\"valueName\":\"search_term_string\"}}],\"inLanguage\":\"de\"},{\"@type\":\"Organization\",\"@id\":\"https:\\\/\\\/goethe-gymnasium.berlin\\\/#organization\",\"name\":\"Goethe-Gymnasium Berlin-Wilmersdorf\",\"url\":\"https:\\\/\\\/goethe-gymnasium.berlin\\\/\",\"logo\":{\"@type\":\"ImageObject\",\"inLanguage\":\"de\",\"@id\":\"https:\\\/\\\/goethe-gymnasium.berlin\\\/#\\\/schema\\\/logo\\\/image\\\/\",\"url\":\"https:\\\/\\\/goethe-gymnasium.berlin\\\/wp-content\\\/uploads\\\/2018\\\/04\\\/goethe-logo_hoch.png\",\"contentUrl\":\"https:\\\/\\\/goethe-gymnasium.berlin\\\/wp-content\\\/uploads\\\/2018\\\/04\\\/goethe-logo_hoch.png\",\"width\":755,\"height\":514,\"caption\":\"Goethe-Gymnasium Berlin-Wilmersdorf\"},\"image\":{\"@id\":\"https:\\\/\\\/goethe-gymnasium.berlin\\\/#\\\/schema\\\/logo\\\/image\\\/\"},\"sameAs\":[\"https:\\\/\\\/www.facebook.com\\\/pages\\\/Goethe-Gymnasium\\\/109376575754402\",\"https:\\\/\\\/www.youtube.com\\\/channel\\\/UCMKuMVF9h_YkS3zmEp7SnzQ\"]},{\"@type\":\"Person\",\"@id\":\"https:\\\/\\\/goethe-gymnasium.berlin\\\/#\\\/schema\\\/person\\\/df803123785b2c7cc30d59f14e741a9f\",\"name\":\"N. Trenz\",\"image\":{\"@type\":\"ImageObject\",\"inLanguage\":\"de\",\"@id\":\"https:\\\/\\\/secure.gravatar.com\\\/avatar\\\/5a68db105b29afe8513d9e7d129aa5f8b4aa8086a6cc76d2c350a51362b9276a?s=96&d=mm&r=g\",\"url\":\"https:\\\/\\\/secure.gravatar.com\\\/avatar\\\/5a68db105b29afe8513d9e7d129aa5f8b4aa8086a6cc76d2c350a51362b9276a?s=96&d=mm&r=g\",\"contentUrl\":\"https:\\\/\\\/secure.gravatar.com\\\/avatar\\\/5a68db105b29afe8513d9e7d129aa5f8b4aa8086a6cc76d2c350a51362b9276a?s=96&d=mm&r=g\",\"caption\":\"N. Trenz\"},\"sameAs\":[\"http:\\\/\\\/www.goethe-gymnasium.berlin\"],\"url\":\"https:\\\/\\\/goethe-gymnasium.berlin\\\/index.php\\\/author\\\/ntrenz\\\/\"}]}<\/script>\n<!-- \/ Yoast SEO plugin. -->","yoast_head_json":{"title":"Mediatorenausbildung, Teil 1 - Goethe-Gymnasium Berlin-Wilmersdorf","description":"Goethe-Gymnasium Berlin-Wilmersdorf","robots":{"index":"index","follow":"follow","max-snippet":"max-snippet:-1","max-image-preview":"max-image-preview:large","max-video-preview":"max-video-preview:-1"},"canonical":"https:\/\/goethe-gymnasium.berlin\/index.php\/2018\/12\/01\/mediatorenausbildung01\/","og_locale":"de_DE","og_type":"article","og_title":"Mediatorenausbildung, Teil 1 - Goethe-Gymnasium Berlin-Wilmersdorf","og_description":"Goethe-Gymnasium Berlin-Wilmersdorf","og_url":"https:\/\/goethe-gymnasium.berlin\/index.php\/2018\/12\/01\/mediatorenausbildung01\/","og_site_name":"Goethe-Gymnasium Berlin-Wilmersdorf","article_publisher":"https:\/\/www.facebook.com\/pages\/Goethe-Gymnasium\/109376575754402","article_published_time":"2018-12-01T10:07:31+00:00","article_modified_time":"2019-04-27T08:44:53+00:00","og_image":[{"width":1632,"height":1224,"url":"https:\/\/goethe-gymnasium.berlin\/wp-content\/uploads\/2018\/11\/mediation2-2018.jpg","type":"image\/jpeg"}],"author":"N. Trenz","twitter_card":"summary_large_image","twitter_misc":{"Verfasst von":"N. Trenz","Gesch\u00e4tzte Lesezeit":"1\u00a0Minute"},"schema":{"@context":"https:\/\/schema.org","@graph":[{"@type":"Article","@id":"https:\/\/goethe-gymnasium.berlin\/index.php\/2018\/12\/01\/mediatorenausbildung01\/#article","isPartOf":{"@id":"https:\/\/goethe-gymnasium.berlin\/index.php\/2018\/12\/01\/mediatorenausbildung01\/"},"author":{"name":"N. Trenz","@id":"https:\/\/goethe-gymnasium.berlin\/#\/schema\/person\/df803123785b2c7cc30d59f14e741a9f"},"headline":"Mediatorenausbildung, Teil 1","datePublished":"2018-12-01T10:07:31+00:00","dateModified":"2019-04-27T08:44:53+00:00","mainEntityOfPage":{"@id":"https:\/\/goethe-gymnasium.berlin\/index.php\/2018\/12\/01\/mediatorenausbildung01\/"},"wordCount":214,"publisher":{"@id":"https:\/\/goethe-gymnasium.berlin\/#organization"},"image":{"@id":"https:\/\/goethe-gymnasium.berlin\/index.php\/2018\/12\/01\/mediatorenausbildung01\/#primaryimage"},"thumbnailUrl":"https:\/\/goethe-gymnasium.berlin\/wp-content\/uploads\/2018\/11\/mediation2-2018.jpg","keywords":["Mediation","Mediatorenausbildung","Sch\u00fclermediation"],"articleSection":["Berichte","Sch\u00fclerschaft","Schulleben"],"inLanguage":"de"},{"@type":"WebPage","@id":"https:\/\/goethe-gymnasium.berlin\/index.php\/2018\/12\/01\/mediatorenausbildung01\/","url":"https:\/\/goethe-gymnasium.berlin\/index.php\/2018\/12\/01\/mediatorenausbildung01\/","name":"Mediatorenausbildung, Teil 1 - Goethe-Gymnasium Berlin-Wilmersdorf","isPartOf":{"@id":"https:\/\/goethe-gymnasium.berlin\/#website"},"primaryImageOfPage":{"@id":"https:\/\/goethe-gymnasium.berlin\/index.php\/2018\/12\/01\/mediatorenausbildung01\/#primaryimage"},"image":{"@id":"https:\/\/goethe-gymnasium.berlin\/index.php\/2018\/12\/01\/mediatorenausbildung01\/#primaryimage"},"thumbnailUrl":"https:\/\/goethe-gymnasium.berlin\/wp-content\/uploads\/2018\/11\/mediation2-2018.jpg","datePublished":"2018-12-01T10:07:31+00:00","dateModified":"2019-04-27T08:44:53+00:00","description":"Goethe-Gymnasium Berlin-Wilmersdorf","breadcrumb":{"@id":"https:\/\/goethe-gymnasium.berlin\/index.php\/2018\/12\/01\/mediatorenausbildung01\/#breadcrumb"},"inLanguage":"de","potentialAction":[{"@type":"ReadAction","target":["https:\/\/goethe-gymnasium.berlin\/index.php\/2018\/12\/01\/mediatorenausbildung01\/"]}]},{"@type":"ImageObject","inLanguage":"de","@id":"https:\/\/goethe-gymnasium.berlin\/index.php\/2018\/12\/01\/mediatorenausbildung01\/#primaryimage","url":"https:\/\/goethe-gymnasium.berlin\/wp-content\/uploads\/2018\/11\/mediation2-2018.jpg","contentUrl":"https:\/\/goethe-gymnasium.berlin\/wp-content\/uploads\/2018\/11\/mediation2-2018.jpg","width":1632,"height":1224,"caption":"Ausbildung zur Mediation 2018"},{"@type":"BreadcrumbList","@id":"https:\/\/goethe-gymnasium.berlin\/index.php\/2018\/12\/01\/mediatorenausbildung01\/#breadcrumb","itemListElement":[{"@type":"ListItem","position":1,"name":"Startseite","item":"https:\/\/goethe-gymnasium.berlin\/"},{"@type":"ListItem","position":2,"name":"Mediatorenausbildung, Teil 1"}]},{"@type":"WebSite","@id":"https:\/\/goethe-gymnasium.berlin\/#website","url":"https:\/\/goethe-gymnasium.berlin\/","name":"Goethe-Gymnasium Berlin-Wilmersdorf","description":"","publisher":{"@id":"https:\/\/goethe-gymnasium.berlin\/#organization"},"potentialAction":[{"@type":"SearchAction","target":{"@type":"EntryPoint","urlTemplate":"https:\/\/goethe-gymnasium.berlin\/?s={search_term_string}"},"query-input":{"@type":"PropertyValueSpecification","valueRequired":true,"valueName":"search_term_string"}}],"inLanguage":"de"},{"@type":"Organization","@id":"https:\/\/goethe-gymnasium.berlin\/#organization","name":"Goethe-Gymnasium Berlin-Wilmersdorf","url":"https:\/\/goethe-gymnasium.berlin\/","logo":{"@type":"ImageObject","inLanguage":"de","@id":"https:\/\/goethe-gymnasium.berlin\/#\/schema\/logo\/image\/","url":"https:\/\/goethe-gymnasium.berlin\/wp-content\/uploads\/2018\/04\/goethe-logo_hoch.png","contentUrl":"https:\/\/goethe-gymnasium.berlin\/wp-content\/uploads\/2018\/04\/goethe-logo_hoch.png","width":755,"height":514,"caption":"Goethe-Gymnasium Berlin-Wilmersdorf"},"image":{"@id":"https:\/\/goethe-gymnasium.berlin\/#\/schema\/logo\/image\/"},"sameAs":["https:\/\/www.facebook.com\/pages\/Goethe-Gymnasium\/109376575754402","https:\/\/www.youtube.com\/channel\/UCMKuMVF9h_YkS3zmEp7SnzQ"]},{"@type":"Person","@id":"https:\/\/goethe-gymnasium.berlin\/#\/schema\/person\/df803123785b2c7cc30d59f14e741a9f","name":"N. Trenz","image":{"@type":"ImageObject","inLanguage":"de","@id":"https:\/\/secure.gravatar.com\/avatar\/5a68db105b29afe8513d9e7d129aa5f8b4aa8086a6cc76d2c350a51362b9276a?s=96&d=mm&r=g","url":"https:\/\/secure.gravatar.com\/avatar\/5a68db105b29afe8513d9e7d129aa5f8b4aa8086a6cc76d2c350a51362b9276a?s=96&d=mm&r=g","contentUrl":"https:\/\/secure.gravatar.com\/avatar\/5a68db105b29afe8513d9e7d129aa5f8b4aa8086a6cc76d2c350a51362b9276a?s=96&d=mm&r=g","caption":"N. Trenz"},"sameAs":["http:\/\/www.goethe-gymnasium.berlin"],"url":"https:\/\/goethe-gymnasium.berlin\/index.php\/author\/ntrenz\/"}]}},"_links":{"self":[{"href":"https:\/\/goethe-gymnasium.berlin\/index.php\/wp-json\/wp\/v2\/posts\/2552","targetHints":{"allow":["GET"]}}],"collection":[{"href":"https:\/\/goethe-gymnasium.berlin\/index.php\/wp-json\/wp\/v2\/posts"}],"about":[{"href":"https:\/\/goethe-gymnasium.berlin\/index.php\/wp-json\/wp\/v2\/types\/post"}],"author":[{"embeddable":true,"href":"https:\/\/goethe-gymnasium.berlin\/index.php\/wp-json\/wp\/v2\/users\/5"}],"replies":[{"embeddable":true,"href":"https:\/\/goethe-gymnasium.berlin\/index.php\/wp-json\/wp\/v2\/comments?post=2552"}],"version-history":[{"count":6,"href":"https:\/\/goethe-gymnasium.berlin\/index.php\/wp-json\/wp\/v2\/posts\/2552\/revisions"}],"predecessor-version":[{"id":3481,"href":"https:\/\/goethe-gymnasium.berlin\/index.php\/wp-json\/wp\/v2\/posts\/2552\/revisions\/3481"}],"wp:featuredmedia":[{"embeddable":true,"href":"https:\/\/goethe-gymnasium.berlin\/index.php\/wp-json\/wp\/v2\/media\/2551"}],"wp:attachment":[{"href":"https:\/\/goethe-gymnasium.berlin\/index.php\/wp-json\/wp\/v2\/media?parent=2552"}],"wp:term":[{"taxonomy":"category","embeddable":true,"href":"https:\/\/goethe-gymnasium.berlin\/index.php\/wp-json\/wp\/v2\/categories?post=2552"},{"taxonomy":"post_tag","embeddable":true,"href":"https:\/\/goethe-gymnasium.berlin\/index.php\/wp-json\/wp\/v2\/tags?post=2552"}],"curies":[{"name":"wp","href":"https:\/\/api.w.org\/{rel}","templated":true}]}}