{"id":2297,"date":"2011-06-10T23:09:58","date_gmt":"2011-06-10T21:09:58","guid":{"rendered":"http:\/\/goethe-gymnasium.berlin\/?p=2297"},"modified":"2018-11-15T00:09:53","modified_gmt":"2018-11-14T23:09:53","slug":"italien2011","status":"publish","type":"post","link":"https:\/\/goethe-gymnasium.berlin\/index.php\/2011\/06\/10\/italien2011\/","title":{"rendered":"Mit 80 Sch\u00fcler*innen in Rom"},"content":{"rendered":"<p>Durch den Doppeljahrgang 2011\/12 wurde die diesj\u00e4hrige Studienfahrt nach Rom zu einem Vorhaben der besonderen Art: Achtzig Sch\u00fcler*innen und sieben Lehrkr\u00e4fte des Goethe-Gymnasiums hielten sich vom 2.\/3. bis zum 12.\/13. Mai 2011 in der Ewigen Stadt und ihrer Umgebung auf.<\/p>\n<p>Angriffe tieffliegender Tauben? Schwitzende Sch\u00fcler\/innen und Lehrer\/innen in v\u00f6llig \u00fcberf\u00fcllten Verkehrsmitteln? Platzangst in den Vatikanischen Museen? Verlorene Ausweise? Vergessene Fahrkarten? Allzu fr\u00fches Aufstehen oder zu sp\u00e4tes Schlafengehen &#8211; je nach Perspektive? Kann sich wirklich noch jemand an diese kleinen Unannehmlichkeiten erinnern?<\/p>\n<p>Mit einigem Abstand \u00fcberwiegen ganz andere Eindr\u00fccke: Geheimnisvolle Stille in der Etruskernekropole Cerveteri, aus allen Rohren pl\u00e4tschernde Wasserspiele in der Villa d&#8216; Este, geselliges Wandern am Albaner See, die Begeisterung verschiedener Referent*innen f\u00fcr ihre Themen, der Farbenrausch einer Mohnblumenwiese in Pompeji, der Lichteinfall im Petersdom, das Erlebnis einer Generalaudienz des Papstes auf dem Petersplatz.<\/p>\n<p>Impressionen davon sehen Sie in folgender Bildergalerie:<\/p>\n<nav id=\"foogallery-gallery-2298_paging-top\" class=\"fg-paging-container fg-ph-dots\"><\/nav><style type=\"text\/css\">\n#foogallery-gallery-2298 .fg-image { width: 150px; }\n#foogallery-gallery-2298 { --fg-gutter: 10px; }<\/style>\n\t\t\t<div class=\"foogallery foogallery-container foogallery-default foogallery-lightbox-foobox fg-center fg-default fg-ready fg-dark fg-shadow-outline fg-loading-default fg-loaded-fade-in fg-caption-hover fg-hover-fade fg-hover-zoom3\" id=\"foogallery-gallery-2298\" data-foogallery=\"{&quot;item&quot;:{&quot;showCaptionTitle&quot;:true,&quot;showCaptionDescription&quot;:true},&quot;lazy&quot;:true,&quot;paging&quot;:{&quot;type&quot;:&quot;dots&quot;,&quot;size&quot;:12,&quot;position&quot;:&quot;both&quot;,&quot;scrollToTop&quot;:true,&quot;output&quot;:&quot;&quot;,&quot;theme&quot;:&quot;fg-dark&quot;}}\" style=\"--fg-title-line-clamp: 0; --fg-description-line-clamp: 0;\" >\n\t<div class=\"fg-item fg-type-image fg-idle\"><figure class=\"fg-item-inner\"><a href=\"https:\/\/goethe-gymnasium.berlin\/wp-content\/uploads\/2018\/11\/italien2011-01.jpg\" data-caption-title=\"\u00dcberall Tauben\" data-attachment-id=\"2261\" data-type=\"image\" class=\"fg-thumb\"><span class=\"fg-image-wrap\"><img decoding=\"async\" alt=\"\u00dcberall Tauben\" title=\"\u00dcberall Tauben\" width=\"150\" height=\"150\" class=\"skip-lazy fg-image\" data-src-fg=\"https:\/\/goethe-gymnasium.berlin\/wp-content\/uploads\/cache\/2018\/11\/italien2011-01\/2266102124.jpg\" src=\"data:image\/svg+xml,%3Csvg%20xmlns%3D%22http%3A%2F%2Fwww.w3.org%2F2000%2Fsvg%22%20width%3D%22150%22%20height%3D%22150%22%20viewBox%3D%220%200%20150%20150%22%3E%3C%2Fsvg%3E\" loading=\"eager\"><\/span><span class=\"fg-image-overlay\"><\/span><\/a><figcaption class=\"fg-caption\"><div class=\"fg-caption-inner\"><div class=\"fg-caption-title\">\u00dcberall Tauben<\/div><\/div><\/figcaption><\/figure><div class=\"fg-loader\"><\/div><\/div><div class=\"fg-item fg-type-image fg-idle\"><figure class=\"fg-item-inner\"><a href=\"https:\/\/goethe-gymnasium.berlin\/wp-content\/uploads\/2018\/11\/italien2011-02.jpg\" data-caption-title=\"Wahrzeichen Roms\" data-attachment-id=\"2262\" data-type=\"image\" class=\"fg-thumb\"><span class=\"fg-image-wrap\"><img decoding=\"async\" alt=\"Wahrzeichen Roms\" title=\"Wahrzeichen Roms\" width=\"150\" height=\"150\" class=\"skip-lazy fg-image\" data-src-fg=\"https:\/\/goethe-gymnasium.berlin\/wp-content\/uploads\/cache\/2018\/11\/italien2011-02\/2709930517.jpg\" src=\"data:image\/svg+xml,%3Csvg%20xmlns%3D%22http%3A%2F%2Fwww.w3.org%2F2000%2Fsvg%22%20width%3D%22150%22%20height%3D%22150%22%20viewBox%3D%220%200%20150%20150%22%3E%3C%2Fsvg%3E\" loading=\"eager\"><\/span><span class=\"fg-image-overlay\"><\/span><\/a><figcaption class=\"fg-caption\"><div class=\"fg-caption-inner\"><div class=\"fg-caption-title\">Wahrzeichen Roms<\/div><\/div><\/figcaption><\/figure><div class=\"fg-loader\"><\/div><\/div><div class=\"fg-item fg-type-image fg-idle\"><figure class=\"fg-item-inner\"><a href=\"https:\/\/goethe-gymnasium.berlin\/wp-content\/uploads\/2018\/11\/italien2011-03.jpg\" data-caption-title=\"Markante D\u00e4cher Roms\" data-attachment-id=\"2263\" data-type=\"image\" class=\"fg-thumb\"><span class=\"fg-image-wrap\"><img decoding=\"async\" alt=\"Markante D\u00e4cher Roms\" title=\"Markante D\u00e4cher Roms\" width=\"150\" height=\"150\" class=\"skip-lazy fg-image\" data-src-fg=\"https:\/\/goethe-gymnasium.berlin\/wp-content\/uploads\/cache\/2018\/11\/italien2011-03\/182179581.jpg\" src=\"data:image\/svg+xml,%3Csvg%20xmlns%3D%22http%3A%2F%2Fwww.w3.org%2F2000%2Fsvg%22%20width%3D%22150%22%20height%3D%22150%22%20viewBox%3D%220%200%20150%20150%22%3E%3C%2Fsvg%3E\" loading=\"eager\"><\/span><span class=\"fg-image-overlay\"><\/span><\/a><figcaption class=\"fg-caption\"><div class=\"fg-caption-inner\"><div class=\"fg-caption-title\">Markante D\u00e4cher Roms<\/div><\/div><\/figcaption><\/figure><div class=\"fg-loader\"><\/div><\/div><div class=\"fg-item fg-type-image fg-idle\"><figure class=\"fg-item-inner\"><a href=\"https:\/\/goethe-gymnasium.berlin\/wp-content\/uploads\/2018\/11\/italien2011-04.jpg\" data-caption-title=\"Kolosseum\" data-attachment-id=\"2264\" data-type=\"image\" class=\"fg-thumb\"><span class=\"fg-image-wrap\"><img decoding=\"async\" alt=\"Kolosseum\" title=\"Kolosseum\" width=\"150\" height=\"150\" class=\"skip-lazy fg-image\" data-src-fg=\"https:\/\/goethe-gymnasium.berlin\/wp-content\/uploads\/cache\/2018\/11\/italien2011-04\/3970512103.jpg\" src=\"data:image\/svg+xml,%3Csvg%20xmlns%3D%22http%3A%2F%2Fwww.w3.org%2F2000%2Fsvg%22%20width%3D%22150%22%20height%3D%22150%22%20viewBox%3D%220%200%20150%20150%22%3E%3C%2Fsvg%3E\" loading=\"eager\"><\/span><span class=\"fg-image-overlay\"><\/span><\/a><figcaption class=\"fg-caption\"><div class=\"fg-caption-inner\"><div class=\"fg-caption-title\">Kolosseum<\/div><\/div><\/figcaption><\/figure><div class=\"fg-loader\"><\/div><\/div><div class=\"fg-item fg-type-image fg-idle\"><figure class=\"fg-item-inner\"><a href=\"https:\/\/goethe-gymnasium.berlin\/wp-content\/uploads\/2018\/11\/italien2011-05.jpg\" data-caption-title=\"Latein LK 2011\" data-attachment-id=\"2265\" data-type=\"image\" class=\"fg-thumb\"><span class=\"fg-image-wrap\"><img decoding=\"async\" alt=\"Latein LK 2011\" title=\"Latein LK 2011\" width=\"150\" height=\"150\" class=\"skip-lazy fg-image\" data-src-fg=\"https:\/\/goethe-gymnasium.berlin\/wp-content\/uploads\/cache\/2018\/11\/italien2011-05\/1207214095.jpg\" src=\"data:image\/svg+xml,%3Csvg%20xmlns%3D%22http%3A%2F%2Fwww.w3.org%2F2000%2Fsvg%22%20width%3D%22150%22%20height%3D%22150%22%20viewBox%3D%220%200%20150%20150%22%3E%3C%2Fsvg%3E\" loading=\"eager\"><\/span><span class=\"fg-image-overlay\"><\/span><\/a><figcaption class=\"fg-caption\"><div class=\"fg-caption-inner\"><div class=\"fg-caption-title\">Latein LK 2011<\/div><\/div><\/figcaption><\/figure><div class=\"fg-loader\"><\/div><\/div><div class=\"fg-item fg-type-image fg-idle\"><figure class=\"fg-item-inner\"><a href=\"https:\/\/goethe-gymnasium.berlin\/wp-content\/uploads\/2018\/11\/italien2011-06.jpg\" data-caption-title=\"Abstieg in die Unterwelt ...\" data-attachment-id=\"2266\" data-type=\"image\" class=\"fg-thumb\"><span class=\"fg-image-wrap\"><img decoding=\"async\" alt=\"Abstieg in die Unterwelt ...\" title=\"Abstieg in die Unterwelt ...\" width=\"150\" height=\"150\" class=\"skip-lazy fg-image\" data-src-fg=\"https:\/\/goethe-gymnasium.berlin\/wp-content\/uploads\/cache\/2018\/11\/italien2011-06\/1633885046.jpg\" src=\"data:image\/svg+xml,%3Csvg%20xmlns%3D%22http%3A%2F%2Fwww.w3.org%2F2000%2Fsvg%22%20width%3D%22150%22%20height%3D%22150%22%20viewBox%3D%220%200%20150%20150%22%3E%3C%2Fsvg%3E\" loading=\"eager\"><\/span><span class=\"fg-image-overlay\"><\/span><\/a><figcaption class=\"fg-caption\"><div class=\"fg-caption-inner\"><div class=\"fg-caption-title\">Abstieg in die Unterwelt ...<\/div><\/div><\/figcaption><\/figure><div class=\"fg-loader\"><\/div><\/div><div class=\"fg-item fg-type-image fg-idle\"><figure class=\"fg-item-inner\"><a href=\"https:\/\/goethe-gymnasium.berlin\/wp-content\/uploads\/2018\/11\/italien2011-07.jpg\" data-caption-title=\"... der etruskischen Nekropole Cerveteri\" data-attachment-id=\"2267\" data-type=\"image\" class=\"fg-thumb\"><span class=\"fg-image-wrap\"><img decoding=\"async\" alt=\"... der etruskischen Nekropole Cerveteri\" title=\"... der etruskischen Nekropole Cerveteri\" width=\"150\" height=\"150\" class=\"skip-lazy fg-image\" data-src-fg=\"https:\/\/goethe-gymnasium.berlin\/wp-content\/uploads\/cache\/2018\/11\/italien2011-07\/3393097630.jpg\" src=\"data:image\/svg+xml,%3Csvg%20xmlns%3D%22http%3A%2F%2Fwww.w3.org%2F2000%2Fsvg%22%20width%3D%22150%22%20height%3D%22150%22%20viewBox%3D%220%200%20150%20150%22%3E%3C%2Fsvg%3E\" loading=\"eager\"><\/span><span class=\"fg-image-overlay\"><\/span><\/a><figcaption class=\"fg-caption\"><div class=\"fg-caption-inner\"><div class=\"fg-caption-title\">... der etruskischen Nekropole Cerveteri<\/div><\/div><\/figcaption><\/figure><div class=\"fg-loader\"><\/div><\/div><div class=\"fg-item fg-type-image fg-idle\"><figure class=\"fg-item-inner\"><a href=\"https:\/\/goethe-gymnasium.berlin\/wp-content\/uploads\/2018\/11\/italien2011-08.jpg\" data-caption-title=\"Highlights der Kunst: Augustus ...\" data-attachment-id=\"2268\" data-type=\"image\" class=\"fg-thumb\"><span class=\"fg-image-wrap\"><img decoding=\"async\" alt=\"Highlights der Kunst: Augustus ...\" title=\"Highlights der Kunst: Augustus ...\" width=\"150\" height=\"150\" class=\"skip-lazy fg-image\" data-src-fg=\"https:\/\/goethe-gymnasium.berlin\/wp-content\/uploads\/cache\/2018\/11\/italien2011-08\/1995954435.jpg\" src=\"data:image\/svg+xml,%3Csvg%20xmlns%3D%22http%3A%2F%2Fwww.w3.org%2F2000%2Fsvg%22%20width%3D%22150%22%20height%3D%22150%22%20viewBox%3D%220%200%20150%20150%22%3E%3C%2Fsvg%3E\" loading=\"eager\"><\/span><span class=\"fg-image-overlay\"><\/span><\/a><figcaption class=\"fg-caption\"><div class=\"fg-caption-inner\"><div class=\"fg-caption-title\">Highlights der Kunst: Augustus ...<\/div><\/div><\/figcaption><\/figure><div class=\"fg-loader\"><\/div><\/div><div class=\"fg-item fg-type-image fg-idle\"><figure class=\"fg-item-inner\"><a href=\"https:\/\/goethe-gymnasium.berlin\/wp-content\/uploads\/2018\/11\/italien2011-09.jpg\" data-caption-title=\"... und Laokoon.\" data-attachment-id=\"2269\" data-type=\"image\" class=\"fg-thumb\"><span class=\"fg-image-wrap\"><img decoding=\"async\" alt=\"... und Laokoon.\" title=\"... und Laokoon.\" width=\"150\" height=\"150\" class=\"skip-lazy fg-image\" data-src-fg=\"https:\/\/goethe-gymnasium.berlin\/wp-content\/uploads\/cache\/2018\/11\/italien2011-09\/3718925803.jpg\" src=\"data:image\/svg+xml,%3Csvg%20xmlns%3D%22http%3A%2F%2Fwww.w3.org%2F2000%2Fsvg%22%20width%3D%22150%22%20height%3D%22150%22%20viewBox%3D%220%200%20150%20150%22%3E%3C%2Fsvg%3E\" loading=\"eager\"><\/span><span class=\"fg-image-overlay\"><\/span><\/a><figcaption class=\"fg-caption\"><div class=\"fg-caption-inner\"><div class=\"fg-caption-title\">... und Laokoon.<\/div><\/div><\/figcaption><\/figure><div class=\"fg-loader\"><\/div><\/div><div class=\"fg-item fg-type-image fg-idle\"><figure class=\"fg-item-inner\"><a href=\"https:\/\/goethe-gymnasium.berlin\/wp-content\/uploads\/2018\/11\/italien2011-10.jpg\" data-caption-title=\"Wasserspiele ...\" data-attachment-id=\"2270\" data-type=\"image\" class=\"fg-thumb\"><span class=\"fg-image-wrap\"><img decoding=\"async\" alt=\"Wasserspiele ...\" title=\"Wasserspiele ...\" width=\"150\" height=\"150\" class=\"skip-lazy fg-image\" data-src-fg=\"https:\/\/goethe-gymnasium.berlin\/wp-content\/uploads\/cache\/2018\/11\/italien2011-10\/2184600154.jpg\" src=\"data:image\/svg+xml,%3Csvg%20xmlns%3D%22http%3A%2F%2Fwww.w3.org%2F2000%2Fsvg%22%20width%3D%22150%22%20height%3D%22150%22%20viewBox%3D%220%200%20150%20150%22%3E%3C%2Fsvg%3E\" loading=\"eager\"><\/span><span class=\"fg-image-overlay\"><\/span><\/a><figcaption class=\"fg-caption\"><div class=\"fg-caption-inner\"><div class=\"fg-caption-title\">Wasserspiele ...<\/div><\/div><\/figcaption><\/figure><div class=\"fg-loader\"><\/div><\/div><div class=\"fg-item fg-type-image fg-idle\"><figure class=\"fg-item-inner\"><a href=\"https:\/\/goethe-gymnasium.berlin\/wp-content\/uploads\/2018\/11\/italien2011-11.jpg\" data-caption-title=\"... in der ...\" data-attachment-id=\"2271\" data-type=\"image\" class=\"fg-thumb\"><span class=\"fg-image-wrap\"><img decoding=\"async\" alt=\"... in der ...\" title=\"... in der ...\" width=\"150\" height=\"150\" class=\"skip-lazy fg-image\" data-src-fg=\"https:\/\/goethe-gymnasium.berlin\/wp-content\/uploads\/cache\/2018\/11\/italien2011-11\/694931122.jpg\" src=\"data:image\/svg+xml,%3Csvg%20xmlns%3D%22http%3A%2F%2Fwww.w3.org%2F2000%2Fsvg%22%20width%3D%22150%22%20height%3D%22150%22%20viewBox%3D%220%200%20150%20150%22%3E%3C%2Fsvg%3E\" loading=\"eager\"><\/span><span class=\"fg-image-overlay\"><\/span><\/a><figcaption class=\"fg-caption\"><div class=\"fg-caption-inner\"><div class=\"fg-caption-title\">... in der ...<\/div><\/div><\/figcaption><\/figure><div class=\"fg-loader\"><\/div><\/div><div class=\"fg-item fg-type-image fg-idle\"><figure class=\"fg-item-inner\"><a href=\"https:\/\/goethe-gymnasium.berlin\/wp-content\/uploads\/2018\/11\/italien2011-12.jpg\" data-caption-title=\"... Villa D&#039;Este.\" data-attachment-id=\"2272\" data-type=\"image\" class=\"fg-thumb\"><span class=\"fg-image-wrap\"><img decoding=\"async\" alt=\"... Villa D&#039;Este.\" title=\"... Villa D&#039;Este.\" width=\"150\" height=\"150\" class=\"skip-lazy fg-image\" data-src-fg=\"https:\/\/goethe-gymnasium.berlin\/wp-content\/uploads\/cache\/2018\/11\/italien2011-12\/268203467.jpg\" src=\"data:image\/svg+xml,%3Csvg%20xmlns%3D%22http%3A%2F%2Fwww.w3.org%2F2000%2Fsvg%22%20width%3D%22150%22%20height%3D%22150%22%20viewBox%3D%220%200%20150%20150%22%3E%3C%2Fsvg%3E\" loading=\"eager\"><\/span><span class=\"fg-image-overlay\"><\/span><\/a><figcaption class=\"fg-caption\"><div class=\"fg-caption-inner\"><div class=\"fg-caption-title\">... Villa D'Este.<\/div><\/div><\/figcaption><\/figure><div class=\"fg-loader\"><\/div><\/div><\/div>\n<nav id=\"foogallery-gallery-2298_paging-bottom\" class=\"fg-paging-container fg-ph-dots\"><\/nav><script type=\"text\/javascript\">  window[\"foogallery-gallery-2298_items\"] = [{\"href\":\"https:\/\/goethe-gymnasium.berlin\/wp-content\/uploads\/2018\/11\/italien2011-13.jpg\",\"type\":\"image\",\"src\":\"https:\/\/goethe-gymnasium.berlin\/wp-content\/uploads\/cache\/2018\/11\/italien2011-13\/2762072355.jpg\",\"width\":150,\"height\":150,\"alt\":\"Im Anwesen ...\",\"id\":2273,\"title\":\"Im Anwesen ...\",\"caption\":\"Im Anwesen ...\",\"attr\":{\"anchor\":{\"data-caption-title\":\"Im Anwesen ...\",\"data-attachment-id\":2273,\"class\":\"fg-thumb\"}}}, {\"href\":\"https:\/\/goethe-gymnasium.berlin\/wp-content\/uploads\/2018\/11\/italien2011-14.jpg\",\"type\":\"image\",\"src\":\"https:\/\/goethe-gymnasium.berlin\/wp-content\/uploads\/cache\/2018\/11\/italien2011-14\/1121125177.jpg\",\"width\":150,\"height\":150,\"alt\":\"... des Kaisers Hadrian.\",\"id\":2274,\"title\":\"... des Kaisers Hadrian.\",\"caption\":\"... des Kaisers Hadrian.\",\"attr\":{\"anchor\":{\"data-caption-title\":\"... des Kaisers Hadrian.\",\"data-attachment-id\":2274,\"class\":\"fg-thumb\"}}}, {\"href\":\"https:\/\/goethe-gymnasium.berlin\/wp-content\/uploads\/2018\/11\/italien2011-15.jpg\",\"type\":\"image\",\"src\":\"https:\/\/goethe-gymnasium.berlin\/wp-content\/uploads\/cache\/2018\/11\/italien2011-15\/3918436305.jpg\",\"width\":150,\"height\":150,\"alt\":\"Latein-LKs 2011 in Castel Gandolfo\",\"id\":2275,\"title\":\"Latein-LKs 2011 in Castel Gandolfo\",\"caption\":\"Latein-LKs 2011 in Castel Gandolfo\",\"attr\":{\"anchor\":{\"data-caption-title\":\"Latein-LKs 2011 in Castel Gandolfo\",\"data-attachment-id\":2275,\"class\":\"fg-thumb\"}}}, {\"href\":\"https:\/\/goethe-gymnasium.berlin\/wp-content\/uploads\/2018\/11\/italien2011-16.jpg\",\"type\":\"image\",\"src\":\"https:\/\/goethe-gymnasium.berlin\/wp-content\/uploads\/cache\/2018\/11\/italien2011-16\/3474533544.jpg\",\"width\":150,\"height\":150,\"alt\":\"Rund um den Albaner See ...\",\"id\":2276,\"title\":\"Rund um den Albaner See ...\",\"caption\":\"Rund um den Albaner See ...\",\"attr\":{\"anchor\":{\"data-caption-title\":\"Rund um den Albaner See ...\",\"data-attachment-id\":2276,\"class\":\"fg-thumb\"}}}, {\"href\":\"https:\/\/goethe-gymnasium.berlin\/wp-content\/uploads\/2018\/11\/italien2011-17.jpg\",\"type\":\"image\",\"src\":\"https:\/\/goethe-gymnasium.berlin\/wp-content\/uploads\/cache\/2018\/11\/italien2011-17\/1682225216.jpg\",\"width\":150,\"height\":150,\"alt\":\"... soweit die F\u00fc\u00dfe tragen.\",\"id\":2277,\"title\":\"... soweit die F\u00fc\u00dfe tragen.\",\"caption\":\"... soweit die F\u00fc\u00dfe tragen.\",\"attr\":{\"anchor\":{\"data-caption-title\":\"... soweit die F\u00fc\u00dfe tragen.\",\"data-attachment-id\":2277,\"class\":\"fg-thumb\"}}}, {\"href\":\"https:\/\/goethe-gymnasium.berlin\/wp-content\/uploads\/2018\/11\/italien2011-18.jpg\",\"type\":\"image\",\"src\":\"https:\/\/goethe-gymnasium.berlin\/wp-content\/uploads\/cache\/2018\/11\/italien2011-18\/3633180381.jpg\",\"width\":150,\"height\":150,\"alt\":\"Historisches Stra\u00dfenpflaster auf der Via Appia ...\",\"id\":2278,\"title\":\"Historisches Stra\u00dfenpflaster auf der Via Appia ...\",\"caption\":\"Historisches Stra\u00dfenpflaster auf der Via Appia ...\",\"attr\":{\"anchor\":{\"data-caption-title\":\"Historisches Stra\u00dfenpflaster auf der Via Appia ...\",\"data-attachment-id\":2278,\"class\":\"fg-thumb\"}}}, {\"href\":\"https:\/\/goethe-gymnasium.berlin\/wp-content\/uploads\/2018\/11\/italien2011-19.jpg\",\"type\":\"image\",\"src\":\"https:\/\/goethe-gymnasium.berlin\/wp-content\/uploads\/cache\/2018\/11\/italien2011-19\/1943042613.jpg\",\"width\":150,\"height\":150,\"alt\":\"... und in Pompeji\",\"id\":2279,\"title\":\"... und in Pompeji\",\"caption\":\"... und in Pompeji\",\"attr\":{\"anchor\":{\"data-caption-title\":\"... und in Pompeji\",\"data-attachment-id\":2279,\"class\":\"fg-thumb\"}}}, {\"href\":\"https:\/\/goethe-gymnasium.berlin\/wp-content\/uploads\/2018\/11\/italien2011-20.jpg\",\"type\":\"image\",\"src\":\"https:\/\/goethe-gymnasium.berlin\/wp-content\/uploads\/cache\/2018\/11\/italien2011-20\/3925905377.jpg\",\"width\":150,\"height\":150,\"alt\":\"Pompejianische Bl\u00fctenpracht\",\"id\":2280,\"title\":\"Pompejianische Bl\u00fctenpracht\",\"caption\":\"Pompejianische Bl\u00fctenpracht\",\"attr\":{\"anchor\":{\"data-caption-title\":\"Pompejianische Bl\u00fctenpracht\",\"data-attachment-id\":2280,\"class\":\"fg-thumb\"}}}, {\"href\":\"https:\/\/goethe-gymnasium.berlin\/wp-content\/uploads\/2018\/11\/italien2011-21.jpg\",\"type\":\"image\",\"src\":\"https:\/\/goethe-gymnasium.berlin\/wp-content\/uploads\/cache\/2018\/11\/italien2011-21\/1096620809.jpg\",\"width\":150,\"height\":150,\"alt\":\"Blick auf den Petersplatz\",\"id\":2281,\"title\":\"Blick auf den Petersplatz\",\"caption\":\"Blick auf den Petersplatz\",\"attr\":{\"anchor\":{\"data-caption-title\":\"Blick auf den Petersplatz\",\"data-attachment-id\":2281,\"class\":\"fg-thumb\"}}}, {\"href\":\"https:\/\/goethe-gymnasium.berlin\/wp-content\/uploads\/2018\/11\/italien2011-22.jpg\",\"type\":\"image\",\"src\":\"https:\/\/goethe-gymnasium.berlin\/wp-content\/uploads\/cache\/2018\/11\/italien2011-22\/1741332592.jpg\",\"width\":150,\"height\":150,\"alt\":\"Lichtstrahlen im Petersdom\",\"id\":2282,\"title\":\"Lichtstrahlen im Petersdom\",\"caption\":\"Lichtstrahlen im Petersdom\",\"attr\":{\"anchor\":{\"data-caption-title\":\"Lichtstrahlen im Petersdom\",\"data-attachment-id\":2282,\"class\":\"fg-thumb\"}}}, {\"href\":\"https:\/\/goethe-gymnasium.berlin\/wp-content\/uploads\/2018\/11\/italien2011-23.jpg\",\"type\":\"image\",\"src\":\"https:\/\/goethe-gymnasium.berlin\/wp-content\/uploads\/cache\/2018\/11\/italien2011-23\/3432461464.jpg\",\"width\":150,\"height\":150,\"alt\":\"Generalaudienz: Warten auf ...\",\"id\":2283,\"title\":\"Generalaudienz: Warten auf ...\",\"caption\":\"Generalaudienz: Warten auf ...\",\"attr\":{\"anchor\":{\"data-caption-title\":\"Generalaudienz: Warten auf ...\",\"data-attachment-id\":2283,\"class\":\"fg-thumb\"}}}, {\"href\":\"https:\/\/goethe-gymnasium.berlin\/wp-content\/uploads\/2018\/11\/italien2011-24.jpg\",\"type\":\"image\",\"src\":\"https:\/\/goethe-gymnasium.berlin\/wp-content\/uploads\/cache\/2018\/11\/italien2011-24\/719705730.jpg\",\"width\":150,\"height\":150,\"alt\":\"... Papst Benedikt.\",\"id\":2284,\"title\":\"... Papst Benedikt.\",\"caption\":\"... Papst Benedikt.\",\"attr\":{\"anchor\":{\"data-caption-title\":\"... Papst Benedikt.\",\"data-attachment-id\":2284,\"class\":\"fg-thumb\"}}}  ];<\/script>\n<p style=\"text-align: right;\"><em>Text und Fotos: Frau Dr. Weber (Schuljahr 2010\/11)<\/em><\/p>\n","protected":false},"excerpt":{"rendered":"<p>Durch den Doppeljahrgang 2011\/12 wurde die diesj\u00e4hrige Studienfahrt nach Rom zu einem Vorhaben der besonderen Art: Achtzig Sch\u00fcler*innen und sieben Lehrkr\u00e4fte des Goethe-Gymnasiums hielten sich vom 2.\/3. bis zum 12.\/13. Mai 2011 in der Ewigen Stadt und ihrer Umgebung auf. <a class=\"more-link\" href=\"https:\/\/goethe-gymnasium.berlin\/index.php\/2011\/06\/10\/italien2011\/\">Weiterlesen &#8230;<\/a><\/p>\n","protected":false},"author":4,"featured_media":2275,"comment_status":"closed","ping_status":"closed","sticky":false,"template":"","format":"standard","meta":{"footnotes":""},"categories":[39,9],"tags":[65,64,80,79],"class_list":["post-2297","post","type-post","status-publish","format-standard","has-post-thumbnail","hentry","category-fahrten","category-latein","tag-fahrten","tag-italien","tag-italien-2011","tag-studienfahrt"],"yoast_head":"<!-- This site is optimized with the Yoast SEO plugin v27.4 - https:\/\/yoast.com\/product\/yoast-seo-wordpress\/ -->\n<title>Mit 80 Sch\u00fcler*innen in Rom - Goethe-Gymnasium Berlin-Wilmersdorf<\/title>\n<meta name=\"description\" content=\"Goethe-Gymnasium Berlin-Wilmersdorf\" \/>\n<meta name=\"robots\" content=\"index, follow, max-snippet:-1, max-image-preview:large, max-video-preview:-1\" \/>\n<link rel=\"canonical\" href=\"https:\/\/goethe-gymnasium.berlin\/index.php\/2011\/06\/10\/italien2011\/\" \/>\n<meta property=\"og:locale\" content=\"de_DE\" \/>\n<meta property=\"og:type\" content=\"article\" \/>\n<meta property=\"og:title\" content=\"Mit 80 Sch\u00fcler*innen in Rom - Goethe-Gymnasium Berlin-Wilmersdorf\" \/>\n<meta property=\"og:description\" content=\"Goethe-Gymnasium Berlin-Wilmersdorf\" \/>\n<meta property=\"og:url\" content=\"https:\/\/goethe-gymnasium.berlin\/index.php\/2011\/06\/10\/italien2011\/\" \/>\n<meta property=\"og:site_name\" content=\"Goethe-Gymnasium Berlin-Wilmersdorf\" \/>\n<meta property=\"article:publisher\" content=\"https:\/\/www.facebook.com\/pages\/Goethe-Gymnasium\/109376575754402\" \/>\n<meta property=\"article:published_time\" content=\"2011-06-10T21:09:58+00:00\" \/>\n<meta property=\"article:modified_time\" content=\"2018-11-14T23:09:53+00:00\" \/>\n<meta property=\"og:image\" content=\"https:\/\/goethe-gymnasium.berlin\/wp-content\/uploads\/2018\/11\/italien2011-15.jpg\" \/>\n\t<meta property=\"og:image:width\" content=\"1936\" \/>\n\t<meta property=\"og:image:height\" content=\"1296\" \/>\n\t<meta property=\"og:image:type\" content=\"image\/jpeg\" \/>\n<meta name=\"author\" content=\"BWeber\" \/>\n<meta name=\"twitter:card\" content=\"summary_large_image\" \/>\n<meta name=\"twitter:label1\" content=\"Verfasst von\" \/>\n\t<meta name=\"twitter:data1\" content=\"BWeber\" \/>\n\t<meta name=\"twitter:label2\" content=\"Gesch\u00e4tzte Lesezeit\" \/>\n\t<meta name=\"twitter:data2\" content=\"1\u00a0Minute\" \/>\n<script type=\"application\/ld+json\" class=\"yoast-schema-graph\">{\"@context\":\"https:\\\/\\\/schema.org\",\"@graph\":[{\"@type\":\"Article\",\"@id\":\"https:\\\/\\\/goethe-gymnasium.berlin\\\/index.php\\\/2011\\\/06\\\/10\\\/italien2011\\\/#article\",\"isPartOf\":{\"@id\":\"https:\\\/\\\/goethe-gymnasium.berlin\\\/index.php\\\/2011\\\/06\\\/10\\\/italien2011\\\/\"},\"author\":{\"name\":\"BWeber\",\"@id\":\"https:\\\/\\\/goethe-gymnasium.berlin\\\/#\\\/schema\\\/person\\\/657649ee416ae4c87decf9eca214731b\"},\"headline\":\"Mit 80 Sch\u00fcler*innen in Rom\",\"datePublished\":\"2011-06-10T21:09:58+00:00\",\"dateModified\":\"2018-11-14T23:09:53+00:00\",\"mainEntityOfPage\":{\"@id\":\"https:\\\/\\\/goethe-gymnasium.berlin\\\/index.php\\\/2011\\\/06\\\/10\\\/italien2011\\\/\"},\"wordCount\":168,\"publisher\":{\"@id\":\"https:\\\/\\\/goethe-gymnasium.berlin\\\/#organization\"},\"image\":{\"@id\":\"https:\\\/\\\/goethe-gymnasium.berlin\\\/index.php\\\/2011\\\/06\\\/10\\\/italien2011\\\/#primaryimage\"},\"thumbnailUrl\":\"https:\\\/\\\/goethe-gymnasium.berlin\\\/wp-content\\\/uploads\\\/2018\\\/11\\\/italien2011-15.jpg\",\"keywords\":[\"Fahrten\",\"Italien\",\"Italien 2011\",\"Studienfahrt\"],\"articleSection\":[\"Fahrten\",\"Latein\"],\"inLanguage\":\"de\"},{\"@type\":\"WebPage\",\"@id\":\"https:\\\/\\\/goethe-gymnasium.berlin\\\/index.php\\\/2011\\\/06\\\/10\\\/italien2011\\\/\",\"url\":\"https:\\\/\\\/goethe-gymnasium.berlin\\\/index.php\\\/2011\\\/06\\\/10\\\/italien2011\\\/\",\"name\":\"Mit 80 Sch\u00fcler*innen in Rom - Goethe-Gymnasium Berlin-Wilmersdorf\",\"isPartOf\":{\"@id\":\"https:\\\/\\\/goethe-gymnasium.berlin\\\/#website\"},\"primaryImageOfPage\":{\"@id\":\"https:\\\/\\\/goethe-gymnasium.berlin\\\/index.php\\\/2011\\\/06\\\/10\\\/italien2011\\\/#primaryimage\"},\"image\":{\"@id\":\"https:\\\/\\\/goethe-gymnasium.berlin\\\/index.php\\\/2011\\\/06\\\/10\\\/italien2011\\\/#primaryimage\"},\"thumbnailUrl\":\"https:\\\/\\\/goethe-gymnasium.berlin\\\/wp-content\\\/uploads\\\/2018\\\/11\\\/italien2011-15.jpg\",\"datePublished\":\"2011-06-10T21:09:58+00:00\",\"dateModified\":\"2018-11-14T23:09:53+00:00\",\"description\":\"Goethe-Gymnasium Berlin-Wilmersdorf\",\"breadcrumb\":{\"@id\":\"https:\\\/\\\/goethe-gymnasium.berlin\\\/index.php\\\/2011\\\/06\\\/10\\\/italien2011\\\/#breadcrumb\"},\"inLanguage\":\"de\",\"potentialAction\":[{\"@type\":\"ReadAction\",\"target\":[\"https:\\\/\\\/goethe-gymnasium.berlin\\\/index.php\\\/2011\\\/06\\\/10\\\/italien2011\\\/\"]}]},{\"@type\":\"ImageObject\",\"inLanguage\":\"de\",\"@id\":\"https:\\\/\\\/goethe-gymnasium.berlin\\\/index.php\\\/2011\\\/06\\\/10\\\/italien2011\\\/#primaryimage\",\"url\":\"https:\\\/\\\/goethe-gymnasium.berlin\\\/wp-content\\\/uploads\\\/2018\\\/11\\\/italien2011-15.jpg\",\"contentUrl\":\"https:\\\/\\\/goethe-gymnasium.berlin\\\/wp-content\\\/uploads\\\/2018\\\/11\\\/italien2011-15.jpg\",\"width\":1936,\"height\":1296,\"caption\":\"Latein-LKs 2011 in Castel Gandolfo\"},{\"@type\":\"BreadcrumbList\",\"@id\":\"https:\\\/\\\/goethe-gymnasium.berlin\\\/index.php\\\/2011\\\/06\\\/10\\\/italien2011\\\/#breadcrumb\",\"itemListElement\":[{\"@type\":\"ListItem\",\"position\":1,\"name\":\"Startseite\",\"item\":\"https:\\\/\\\/goethe-gymnasium.berlin\\\/\"},{\"@type\":\"ListItem\",\"position\":2,\"name\":\"Mit 80 Sch\u00fcler*innen in Rom\"}]},{\"@type\":\"WebSite\",\"@id\":\"https:\\\/\\\/goethe-gymnasium.berlin\\\/#website\",\"url\":\"https:\\\/\\\/goethe-gymnasium.berlin\\\/\",\"name\":\"Goethe-Gymnasium Berlin-Wilmersdorf\",\"description\":\"\",\"publisher\":{\"@id\":\"https:\\\/\\\/goethe-gymnasium.berlin\\\/#organization\"},\"potentialAction\":[{\"@type\":\"SearchAction\",\"target\":{\"@type\":\"EntryPoint\",\"urlTemplate\":\"https:\\\/\\\/goethe-gymnasium.berlin\\\/?s={search_term_string}\"},\"query-input\":{\"@type\":\"PropertyValueSpecification\",\"valueRequired\":true,\"valueName\":\"search_term_string\"}}],\"inLanguage\":\"de\"},{\"@type\":\"Organization\",\"@id\":\"https:\\\/\\\/goethe-gymnasium.berlin\\\/#organization\",\"name\":\"Goethe-Gymnasium Berlin-Wilmersdorf\",\"url\":\"https:\\\/\\\/goethe-gymnasium.berlin\\\/\",\"logo\":{\"@type\":\"ImageObject\",\"inLanguage\":\"de\",\"@id\":\"https:\\\/\\\/goethe-gymnasium.berlin\\\/#\\\/schema\\\/logo\\\/image\\\/\",\"url\":\"https:\\\/\\\/goethe-gymnasium.berlin\\\/wp-content\\\/uploads\\\/2018\\\/04\\\/goethe-logo_hoch.png\",\"contentUrl\":\"https:\\\/\\\/goethe-gymnasium.berlin\\\/wp-content\\\/uploads\\\/2018\\\/04\\\/goethe-logo_hoch.png\",\"width\":755,\"height\":514,\"caption\":\"Goethe-Gymnasium Berlin-Wilmersdorf\"},\"image\":{\"@id\":\"https:\\\/\\\/goethe-gymnasium.berlin\\\/#\\\/schema\\\/logo\\\/image\\\/\"},\"sameAs\":[\"https:\\\/\\\/www.facebook.com\\\/pages\\\/Goethe-Gymnasium\\\/109376575754402\",\"https:\\\/\\\/www.youtube.com\\\/channel\\\/UCMKuMVF9h_YkS3zmEp7SnzQ\"]},{\"@type\":\"Person\",\"@id\":\"https:\\\/\\\/goethe-gymnasium.berlin\\\/#\\\/schema\\\/person\\\/657649ee416ae4c87decf9eca214731b\",\"name\":\"BWeber\",\"image\":{\"@type\":\"ImageObject\",\"inLanguage\":\"de\",\"@id\":\"https:\\\/\\\/secure.gravatar.com\\\/avatar\\\/02bebd62837a35b7591c929f78cee097518003bae0426a33e45c214fc8bd37fb?s=96&d=mm&r=g\",\"url\":\"https:\\\/\\\/secure.gravatar.com\\\/avatar\\\/02bebd62837a35b7591c929f78cee097518003bae0426a33e45c214fc8bd37fb?s=96&d=mm&r=g\",\"contentUrl\":\"https:\\\/\\\/secure.gravatar.com\\\/avatar\\\/02bebd62837a35b7591c929f78cee097518003bae0426a33e45c214fc8bd37fb?s=96&d=mm&r=g\",\"caption\":\"BWeber\"},\"url\":\"https:\\\/\\\/goethe-gymnasium.berlin\\\/index.php\\\/author\\\/bweber\\\/\"}]}<\/script>\n<!-- \/ Yoast SEO plugin. -->","yoast_head_json":{"title":"Mit 80 Sch\u00fcler*innen in Rom - Goethe-Gymnasium Berlin-Wilmersdorf","description":"Goethe-Gymnasium Berlin-Wilmersdorf","robots":{"index":"index","follow":"follow","max-snippet":"max-snippet:-1","max-image-preview":"max-image-preview:large","max-video-preview":"max-video-preview:-1"},"canonical":"https:\/\/goethe-gymnasium.berlin\/index.php\/2011\/06\/10\/italien2011\/","og_locale":"de_DE","og_type":"article","og_title":"Mit 80 Sch\u00fcler*innen in Rom - Goethe-Gymnasium Berlin-Wilmersdorf","og_description":"Goethe-Gymnasium Berlin-Wilmersdorf","og_url":"https:\/\/goethe-gymnasium.berlin\/index.php\/2011\/06\/10\/italien2011\/","og_site_name":"Goethe-Gymnasium Berlin-Wilmersdorf","article_publisher":"https:\/\/www.facebook.com\/pages\/Goethe-Gymnasium\/109376575754402","article_published_time":"2011-06-10T21:09:58+00:00","article_modified_time":"2018-11-14T23:09:53+00:00","og_image":[{"width":1936,"height":1296,"url":"https:\/\/goethe-gymnasium.berlin\/wp-content\/uploads\/2018\/11\/italien2011-15.jpg","type":"image\/jpeg"}],"author":"BWeber","twitter_card":"summary_large_image","twitter_misc":{"Verfasst von":"BWeber","Gesch\u00e4tzte Lesezeit":"1\u00a0Minute"},"schema":{"@context":"https:\/\/schema.org","@graph":[{"@type":"Article","@id":"https:\/\/goethe-gymnasium.berlin\/index.php\/2011\/06\/10\/italien2011\/#article","isPartOf":{"@id":"https:\/\/goethe-gymnasium.berlin\/index.php\/2011\/06\/10\/italien2011\/"},"author":{"name":"BWeber","@id":"https:\/\/goethe-gymnasium.berlin\/#\/schema\/person\/657649ee416ae4c87decf9eca214731b"},"headline":"Mit 80 Sch\u00fcler*innen in Rom","datePublished":"2011-06-10T21:09:58+00:00","dateModified":"2018-11-14T23:09:53+00:00","mainEntityOfPage":{"@id":"https:\/\/goethe-gymnasium.berlin\/index.php\/2011\/06\/10\/italien2011\/"},"wordCount":168,"publisher":{"@id":"https:\/\/goethe-gymnasium.berlin\/#organization"},"image":{"@id":"https:\/\/goethe-gymnasium.berlin\/index.php\/2011\/06\/10\/italien2011\/#primaryimage"},"thumbnailUrl":"https:\/\/goethe-gymnasium.berlin\/wp-content\/uploads\/2018\/11\/italien2011-15.jpg","keywords":["Fahrten","Italien","Italien 2011","Studienfahrt"],"articleSection":["Fahrten","Latein"],"inLanguage":"de"},{"@type":"WebPage","@id":"https:\/\/goethe-gymnasium.berlin\/index.php\/2011\/06\/10\/italien2011\/","url":"https:\/\/goethe-gymnasium.berlin\/index.php\/2011\/06\/10\/italien2011\/","name":"Mit 80 Sch\u00fcler*innen in Rom - Goethe-Gymnasium Berlin-Wilmersdorf","isPartOf":{"@id":"https:\/\/goethe-gymnasium.berlin\/#website"},"primaryImageOfPage":{"@id":"https:\/\/goethe-gymnasium.berlin\/index.php\/2011\/06\/10\/italien2011\/#primaryimage"},"image":{"@id":"https:\/\/goethe-gymnasium.berlin\/index.php\/2011\/06\/10\/italien2011\/#primaryimage"},"thumbnailUrl":"https:\/\/goethe-gymnasium.berlin\/wp-content\/uploads\/2018\/11\/italien2011-15.jpg","datePublished":"2011-06-10T21:09:58+00:00","dateModified":"2018-11-14T23:09:53+00:00","description":"Goethe-Gymnasium Berlin-Wilmersdorf","breadcrumb":{"@id":"https:\/\/goethe-gymnasium.berlin\/index.php\/2011\/06\/10\/italien2011\/#breadcrumb"},"inLanguage":"de","potentialAction":[{"@type":"ReadAction","target":["https:\/\/goethe-gymnasium.berlin\/index.php\/2011\/06\/10\/italien2011\/"]}]},{"@type":"ImageObject","inLanguage":"de","@id":"https:\/\/goethe-gymnasium.berlin\/index.php\/2011\/06\/10\/italien2011\/#primaryimage","url":"https:\/\/goethe-gymnasium.berlin\/wp-content\/uploads\/2018\/11\/italien2011-15.jpg","contentUrl":"https:\/\/goethe-gymnasium.berlin\/wp-content\/uploads\/2018\/11\/italien2011-15.jpg","width":1936,"height":1296,"caption":"Latein-LKs 2011 in Castel Gandolfo"},{"@type":"BreadcrumbList","@id":"https:\/\/goethe-gymnasium.berlin\/index.php\/2011\/06\/10\/italien2011\/#breadcrumb","itemListElement":[{"@type":"ListItem","position":1,"name":"Startseite","item":"https:\/\/goethe-gymnasium.berlin\/"},{"@type":"ListItem","position":2,"name":"Mit 80 Sch\u00fcler*innen in Rom"}]},{"@type":"WebSite","@id":"https:\/\/goethe-gymnasium.berlin\/#website","url":"https:\/\/goethe-gymnasium.berlin\/","name":"Goethe-Gymnasium Berlin-Wilmersdorf","description":"","publisher":{"@id":"https:\/\/goethe-gymnasium.berlin\/#organization"},"potentialAction":[{"@type":"SearchAction","target":{"@type":"EntryPoint","urlTemplate":"https:\/\/goethe-gymnasium.berlin\/?s={search_term_string}"},"query-input":{"@type":"PropertyValueSpecification","valueRequired":true,"valueName":"search_term_string"}}],"inLanguage":"de"},{"@type":"Organization","@id":"https:\/\/goethe-gymnasium.berlin\/#organization","name":"Goethe-Gymnasium Berlin-Wilmersdorf","url":"https:\/\/goethe-gymnasium.berlin\/","logo":{"@type":"ImageObject","inLanguage":"de","@id":"https:\/\/goethe-gymnasium.berlin\/#\/schema\/logo\/image\/","url":"https:\/\/goethe-gymnasium.berlin\/wp-content\/uploads\/2018\/04\/goethe-logo_hoch.png","contentUrl":"https:\/\/goethe-gymnasium.berlin\/wp-content\/uploads\/2018\/04\/goethe-logo_hoch.png","width":755,"height":514,"caption":"Goethe-Gymnasium Berlin-Wilmersdorf"},"image":{"@id":"https:\/\/goethe-gymnasium.berlin\/#\/schema\/logo\/image\/"},"sameAs":["https:\/\/www.facebook.com\/pages\/Goethe-Gymnasium\/109376575754402","https:\/\/www.youtube.com\/channel\/UCMKuMVF9h_YkS3zmEp7SnzQ"]},{"@type":"Person","@id":"https:\/\/goethe-gymnasium.berlin\/#\/schema\/person\/657649ee416ae4c87decf9eca214731b","name":"BWeber","image":{"@type":"ImageObject","inLanguage":"de","@id":"https:\/\/secure.gravatar.com\/avatar\/02bebd62837a35b7591c929f78cee097518003bae0426a33e45c214fc8bd37fb?s=96&d=mm&r=g","url":"https:\/\/secure.gravatar.com\/avatar\/02bebd62837a35b7591c929f78cee097518003bae0426a33e45c214fc8bd37fb?s=96&d=mm&r=g","contentUrl":"https:\/\/secure.gravatar.com\/avatar\/02bebd62837a35b7591c929f78cee097518003bae0426a33e45c214fc8bd37fb?s=96&d=mm&r=g","caption":"BWeber"},"url":"https:\/\/goethe-gymnasium.berlin\/index.php\/author\/bweber\/"}]}},"_links":{"self":[{"href":"https:\/\/goethe-gymnasium.berlin\/index.php\/wp-json\/wp\/v2\/posts\/2297","targetHints":{"allow":["GET"]}}],"collection":[{"href":"https:\/\/goethe-gymnasium.berlin\/index.php\/wp-json\/wp\/v2\/posts"}],"about":[{"href":"https:\/\/goethe-gymnasium.berlin\/index.php\/wp-json\/wp\/v2\/types\/post"}],"author":[{"embeddable":true,"href":"https:\/\/goethe-gymnasium.berlin\/index.php\/wp-json\/wp\/v2\/users\/4"}],"replies":[{"embeddable":true,"href":"https:\/\/goethe-gymnasium.berlin\/index.php\/wp-json\/wp\/v2\/comments?post=2297"}],"version-history":[{"count":3,"href":"https:\/\/goethe-gymnasium.berlin\/index.php\/wp-json\/wp\/v2\/posts\/2297\/revisions"}],"predecessor-version":[{"id":2302,"href":"https:\/\/goethe-gymnasium.berlin\/index.php\/wp-json\/wp\/v2\/posts\/2297\/revisions\/2302"}],"wp:featuredmedia":[{"embeddable":true,"href":"https:\/\/goethe-gymnasium.berlin\/index.php\/wp-json\/wp\/v2\/media\/2275"}],"wp:attachment":[{"href":"https:\/\/goethe-gymnasium.berlin\/index.php\/wp-json\/wp\/v2\/media?parent=2297"}],"wp:term":[{"taxonomy":"category","embeddable":true,"href":"https:\/\/goethe-gymnasium.berlin\/index.php\/wp-json\/wp\/v2\/categories?post=2297"},{"taxonomy":"post_tag","embeddable":true,"href":"https:\/\/goethe-gymnasium.berlin\/index.php\/wp-json\/wp\/v2\/tags?post=2297"}],"curies":[{"name":"wp","href":"https:\/\/api.w.org\/{rel}","templated":true}]}}