{"id":11580,"date":"2024-02-18T19:01:01","date_gmt":"2024-02-18T18:01:01","guid":{"rendered":"https:\/\/goethe-gymnasium.berlin\/?p=11580"},"modified":"2024-02-18T19:19:47","modified_gmt":"2024-02-18T18:19:47","slug":"auf-den-spuren-von-erich-kaestner","status":"publish","type":"post","link":"https:\/\/goethe-gymnasium.berlin\/index.php\/2024\/02\/18\/auf-den-spuren-von-erich-kaestner\/","title":{"rendered":"Auf den Spuren von Erich K\u00e4stner"},"content":{"rendered":"\n<h4 class=\"wp-block-heading\">Das Erich-K\u00e4stner-Projekt des Goethe-Gymnasiums<\/h4>\n\n\n\n<p>Schon seit geraumer Zeit gibt es am Goethe-Gymnasium ein Projekt des Fachbereichs Deutsch unter der Leitung von Frau Kohlenberg, mit dem Ziel, durch eine Gedenktafel an den Charlottenburger Wohnsitz des Schriftstellers <a href=\"https:\/\/de.wikipedia.org\/wiki\/Erich_K%C3%A4stner\" target=\"_blank\" rel=\"noreferrer noopener\">Erich K\u00e4stner<\/a> (&#8222;Emil und die Detektive&#8220;, &#8222;Das fliegende Klassenzimmer&#8220;) zu erinnern und den Autor zu ehren. Bei zahlreichen Schulveranstaltungen wurde f\u00fcr die Gedenktafel gesammelt.<\/p>\n\n\n\n<h4 class=\"wp-block-heading\">K\u00e4stners Wohnhaus in der Roscherstra\u00dfe 16<\/h4>\n\n\n\n<p>Bis heute gibt es keinen offiziellen Hinweis auf Erich K\u00e4stners Wohnsitz in der Charlottenburger Roscherstra\u00dfe 16 in der Zeit vom Herbst 1929 bis 1944, als das Geb\u00e4ude durch einen Bombenangriff zerst\u00f6rt wurde. Hier schrieb er im nahegelegenen Caf\u00e9 Leon des von Erich Mendelsohn erbauten Universum-Komplexes Gedichte und Drehb\u00fccher. Hier spielte er \u2013 sobald es das Wetter erlaubte \u2013 sein geliebtes Tennis auf den neu angelegten Pl\u00e4tzen. Hier vollendete er unter anderem seinen ber\u00fchmten Jugendroman \u201eEmil und die Detektive\u201c und verfasste den \u201eFabian\u201c \u2013 einen Schl\u00fcsselroman \u00fcber die Weimarer Republik. In diese Zeit f\u00e4llt auch die Verbrennung seiner B\u00fccher durch die Nationalsozialisten am 10. Mai 1933 auf dem Berliner Opernplatz.<\/p>\n\n\n\n<h4 class=\"wp-block-heading\">Ausstellungser\u00f6ffnung zum 125. Geburtstag K\u00e4stners<\/h4>\n\n\n\n<p>Nun wird am <strong>23. Februar 2024<\/strong>, dem 125. Geburtstag des Autors ein Anfang gemacht und eine Ausstellung er\u00f6ffnet, an der Sch\u00fclerinnen und Sch\u00fcler des Goethe-Gymnasiums mitgewirkt haben. <\/p>\n\n\n\n<p>Im <a href=\"https:\/\/leute.tagesspiegel.de\/charlottenburg-wilmersdorf\/events\/2024\/02\/16\/313628\/erinnerung-an-erich-kaestner\/\" target=\"_blank\" rel=\"noreferrer noopener\">Tagesspiegel-Newsletter Charlottenburg-Wilmersdorf vom 16.02.2024<\/a> wird in dem Artikel &#8222;Erinnerung an Erich K\u00e4stner&#8220;, den wir hier mit freundlicher Genehmigung des Autors Cay Dobberke zitieren, auf diese Veranstaltung folgenderma\u00dfen hingewiesen:<\/p>\n\n\n\n<blockquote class=\"wp-block-quote has-text-align-left is-layout-flow wp-block-quote-is-layout-flow\">\n<p><em>An der Roscherstra\u00dfe 16 nahe dem Lehniner Platz, wo der ber\u00fchmte Schriftsteller <strong>Erich K\u00e4stner<\/strong> (1899\u20131974) vierzehneinhalb Jahre lang gewohnt hatte, er\u00f6ffnet das Goethe-Gymnasium am <strong>Freitag, 23. Februar, um 11 Uhr<\/strong> eine kleine Stra\u00dfenausstellung. An diesem Tag j\u00e4hrt sich K\u00e4stners Geburtstag zum 125. Mal. Sch\u00fclerinnen und Sch\u00fcler der 5. und 6. Klassen haben Portr\u00e4ts des Autors und Bildergeschichten zum Roman \u201eDas fliegende Klassenzimmer\u201c gezeichnet. Bei der Feier singt der Schulchor<\/em>.<\/p>\n\n\n\n<p><em>Seit Jahren engagiert sich das altsprachliche Gymnasium in Wilmersdorf f\u00fcr eine Gedenktafel am Vorderhaus in der Roscherstra\u00dfe. Ausschlaggebend sei <a href=\"https:\/\/www.tagesspiegel.de\/berlin\/einmal-wirds-jedem-zu-dumm-5544400.html\">ein Tagesspiegel-Artikel<\/a> von <strong>Peter von Becker <\/strong>gewesen, sagt die Leiterin des Fachbereichs Deutsch,<strong> Heike Kohlenberg<\/strong>. Bei Elternabenden, Spendenl\u00e4ufen und Kuchenbasaren wurde Geld gesammelt. Zurzeit ist die Anbringung einer Gedenktafel wegen Bauarbeiten f\u00fcr ein neues Wohnhaus aber nicht m\u00f6glich. Die Ausstellung ist als erster Schritt gedacht und wird vom Bauherren unterst\u00fctzt. <a href=\"https:\/\/www.berlin.de\/ba-charlottenburg-wilmersdorf\/ueber-den-bezirk\/geschichte\/persoenlichkeiten-und-gedenktafeln\/artikel.125637.php\">Eine offizielle, nach von Beckers Artikel inzwischen auch korrigierte Berliner Gedenktafel<\/a> gibt es bisher nur an K\u00e4stners fr\u00fcherem Wohnsitz an der Prager Stra\u00dfe 6-10 in Wilmersdorf.<\/em><\/p>\n<\/blockquote>\n\n\n\n<p>Mitglieder der Schulgemeinschaft, die am Freitag, d. 23. Februar 2024 um 11.00 Uhr Zeit haben, sind herzlich eingeladen, an der Veranstaltung teilzunehmen.<\/p>\n\n\n\n<p class=\"has-text-align-right\"><em>Text: Frau Kohlenberg, FB Deutsch (Schuljahr 2023\/24)<br>Quelle des Zitats: Cay Dobberke,<br> in: Tagesspiegel-Newsletter (Charlottenburg-Wilmersdorf) vom 16.02.2024<br>Bild: Sch\u00fclerillustration zu &#8222;Emil und die Detektive&#8220; (Schuljahr 2023\/24)<\/em><\/p>\n","protected":false},"excerpt":{"rendered":"<p>Seit geraumer Zeit gibt es ein Projekt des Fachbereichs Deutsch unter der Leitung von Frau Kohlenberg, mit dem Ziel, durch eine Gedenktafel an den Charlottenburger Wohnsitz des Schriftstellers Erich K\u00e4stner (&#8222;Emil und die Detektive&#8220;) zu erinnern und den Autor zu ehren. <a class=\"more-link\" href=\"https:\/\/goethe-gymnasium.berlin\/index.php\/2024\/02\/18\/auf-den-spuren-von-erich-kaestner\/\">Weiterlesen &#8230;<\/a><\/p>\n","protected":false},"author":4,"featured_media":11581,"comment_status":"closed","ping_status":"closed","sticky":false,"template":"","format":"standard","meta":{"footnotes":""},"categories":[13,35],"tags":[526,130],"class_list":["post-11580","post","type-post","status-publish","format-standard","has-post-thumbnail","hentry","category-deutsch","category-schuelerschaft","tag-kaestner-projekt","tag-projekte"],"yoast_head":"<!-- This site is optimized with the Yoast SEO plugin v27.5 - https:\/\/yoast.com\/product\/yoast-seo-wordpress\/ -->\n<title>Auf den Spuren von Erich K\u00e4stner - Goethe-Gymnasium Berlin-Wilmersdorf<\/title>\n<meta name=\"description\" content=\"Goethe-Gymnasium Berlin-Wilmersdorf\" \/>\n<meta name=\"robots\" content=\"index, follow, max-snippet:-1, max-image-preview:large, max-video-preview:-1\" \/>\n<link rel=\"canonical\" href=\"https:\/\/goethe-gymnasium.berlin\/index.php\/2024\/02\/18\/auf-den-spuren-von-erich-kaestner\/\" \/>\n<meta property=\"og:locale\" content=\"de_DE\" \/>\n<meta property=\"og:type\" content=\"article\" \/>\n<meta property=\"og:title\" content=\"Auf den Spuren von Erich K\u00e4stner - Goethe-Gymnasium Berlin-Wilmersdorf\" \/>\n<meta property=\"og:description\" content=\"Goethe-Gymnasium Berlin-Wilmersdorf\" \/>\n<meta property=\"og:url\" content=\"https:\/\/goethe-gymnasium.berlin\/index.php\/2024\/02\/18\/auf-den-spuren-von-erich-kaestner\/\" \/>\n<meta property=\"og:site_name\" content=\"Goethe-Gymnasium Berlin-Wilmersdorf\" \/>\n<meta property=\"article:publisher\" content=\"https:\/\/www.facebook.com\/pages\/Goethe-Gymnasium\/109376575754402\" \/>\n<meta property=\"article:published_time\" content=\"2024-02-18T18:01:01+00:00\" \/>\n<meta property=\"article:modified_time\" content=\"2024-02-18T18:19:47+00:00\" \/>\n<meta property=\"og:image\" content=\"https:\/\/goethe-gymnasium.berlin\/wp-content\/uploads\/2024\/02\/Kaestner-Projekt-scaled.jpg\" \/>\n\t<meta property=\"og:image:width\" content=\"2560\" \/>\n\t<meta property=\"og:image:height\" content=\"2484\" \/>\n\t<meta property=\"og:image:type\" content=\"image\/jpeg\" \/>\n<meta name=\"author\" content=\"BWeber\" \/>\n<meta name=\"twitter:card\" content=\"summary_large_image\" \/>\n<meta name=\"twitter:label1\" content=\"Verfasst von\" \/>\n\t<meta name=\"twitter:data1\" content=\"BWeber\" \/>\n\t<meta name=\"twitter:label2\" content=\"Gesch\u00e4tzte Lesezeit\" \/>\n\t<meta name=\"twitter:data2\" content=\"2\u00a0Minuten\" \/>\n<script type=\"application\/ld+json\" class=\"yoast-schema-graph\">{\"@context\":\"https:\\\/\\\/schema.org\",\"@graph\":[{\"@type\":\"Article\",\"@id\":\"https:\\\/\\\/goethe-gymnasium.berlin\\\/index.php\\\/2024\\\/02\\\/18\\\/auf-den-spuren-von-erich-kaestner\\\/#article\",\"isPartOf\":{\"@id\":\"https:\\\/\\\/goethe-gymnasium.berlin\\\/index.php\\\/2024\\\/02\\\/18\\\/auf-den-spuren-von-erich-kaestner\\\/\"},\"author\":{\"name\":\"BWeber\",\"@id\":\"https:\\\/\\\/goethe-gymnasium.berlin\\\/#\\\/schema\\\/person\\\/657649ee416ae4c87decf9eca214731b\"},\"headline\":\"Auf den Spuren von Erich K\u00e4stner\",\"datePublished\":\"2024-02-18T18:01:01+00:00\",\"dateModified\":\"2024-02-18T18:19:47+00:00\",\"mainEntityOfPage\":{\"@id\":\"https:\\\/\\\/goethe-gymnasium.berlin\\\/index.php\\\/2024\\\/02\\\/18\\\/auf-den-spuren-von-erich-kaestner\\\/\"},\"wordCount\":469,\"publisher\":{\"@id\":\"https:\\\/\\\/goethe-gymnasium.berlin\\\/#organization\"},\"image\":{\"@id\":\"https:\\\/\\\/goethe-gymnasium.berlin\\\/index.php\\\/2024\\\/02\\\/18\\\/auf-den-spuren-von-erich-kaestner\\\/#primaryimage\"},\"thumbnailUrl\":\"https:\\\/\\\/goethe-gymnasium.berlin\\\/wp-content\\\/uploads\\\/2024\\\/02\\\/Kaestner-Projekt-scaled.jpg\",\"keywords\":[\"K\u00e4stner-Projekt\",\"Projekte\"],\"articleSection\":[\"Deutsch\",\"Sch\u00fclerschaft\"],\"inLanguage\":\"de\"},{\"@type\":\"WebPage\",\"@id\":\"https:\\\/\\\/goethe-gymnasium.berlin\\\/index.php\\\/2024\\\/02\\\/18\\\/auf-den-spuren-von-erich-kaestner\\\/\",\"url\":\"https:\\\/\\\/goethe-gymnasium.berlin\\\/index.php\\\/2024\\\/02\\\/18\\\/auf-den-spuren-von-erich-kaestner\\\/\",\"name\":\"Auf den Spuren von Erich K\u00e4stner - Goethe-Gymnasium Berlin-Wilmersdorf\",\"isPartOf\":{\"@id\":\"https:\\\/\\\/goethe-gymnasium.berlin\\\/#website\"},\"primaryImageOfPage\":{\"@id\":\"https:\\\/\\\/goethe-gymnasium.berlin\\\/index.php\\\/2024\\\/02\\\/18\\\/auf-den-spuren-von-erich-kaestner\\\/#primaryimage\"},\"image\":{\"@id\":\"https:\\\/\\\/goethe-gymnasium.berlin\\\/index.php\\\/2024\\\/02\\\/18\\\/auf-den-spuren-von-erich-kaestner\\\/#primaryimage\"},\"thumbnailUrl\":\"https:\\\/\\\/goethe-gymnasium.berlin\\\/wp-content\\\/uploads\\\/2024\\\/02\\\/Kaestner-Projekt-scaled.jpg\",\"datePublished\":\"2024-02-18T18:01:01+00:00\",\"dateModified\":\"2024-02-18T18:19:47+00:00\",\"description\":\"Goethe-Gymnasium Berlin-Wilmersdorf\",\"breadcrumb\":{\"@id\":\"https:\\\/\\\/goethe-gymnasium.berlin\\\/index.php\\\/2024\\\/02\\\/18\\\/auf-den-spuren-von-erich-kaestner\\\/#breadcrumb\"},\"inLanguage\":\"de\",\"potentialAction\":[{\"@type\":\"ReadAction\",\"target\":[\"https:\\\/\\\/goethe-gymnasium.berlin\\\/index.php\\\/2024\\\/02\\\/18\\\/auf-den-spuren-von-erich-kaestner\\\/\"]}]},{\"@type\":\"ImageObject\",\"inLanguage\":\"de\",\"@id\":\"https:\\\/\\\/goethe-gymnasium.berlin\\\/index.php\\\/2024\\\/02\\\/18\\\/auf-den-spuren-von-erich-kaestner\\\/#primaryimage\",\"url\":\"https:\\\/\\\/goethe-gymnasium.berlin\\\/wp-content\\\/uploads\\\/2024\\\/02\\\/Kaestner-Projekt-scaled.jpg\",\"contentUrl\":\"https:\\\/\\\/goethe-gymnasium.berlin\\\/wp-content\\\/uploads\\\/2024\\\/02\\\/Kaestner-Projekt-scaled.jpg\",\"width\":2560,\"height\":2484},{\"@type\":\"BreadcrumbList\",\"@id\":\"https:\\\/\\\/goethe-gymnasium.berlin\\\/index.php\\\/2024\\\/02\\\/18\\\/auf-den-spuren-von-erich-kaestner\\\/#breadcrumb\",\"itemListElement\":[{\"@type\":\"ListItem\",\"position\":1,\"name\":\"Startseite\",\"item\":\"https:\\\/\\\/goethe-gymnasium.berlin\\\/\"},{\"@type\":\"ListItem\",\"position\":2,\"name\":\"Auf den Spuren von Erich K\u00e4stner\"}]},{\"@type\":\"WebSite\",\"@id\":\"https:\\\/\\\/goethe-gymnasium.berlin\\\/#website\",\"url\":\"https:\\\/\\\/goethe-gymnasium.berlin\\\/\",\"name\":\"Goethe-Gymnasium Berlin-Wilmersdorf\",\"description\":\"\",\"publisher\":{\"@id\":\"https:\\\/\\\/goethe-gymnasium.berlin\\\/#organization\"},\"potentialAction\":[{\"@type\":\"SearchAction\",\"target\":{\"@type\":\"EntryPoint\",\"urlTemplate\":\"https:\\\/\\\/goethe-gymnasium.berlin\\\/?s={search_term_string}\"},\"query-input\":{\"@type\":\"PropertyValueSpecification\",\"valueRequired\":true,\"valueName\":\"search_term_string\"}}],\"inLanguage\":\"de\"},{\"@type\":\"Organization\",\"@id\":\"https:\\\/\\\/goethe-gymnasium.berlin\\\/#organization\",\"name\":\"Goethe-Gymnasium Berlin-Wilmersdorf\",\"url\":\"https:\\\/\\\/goethe-gymnasium.berlin\\\/\",\"logo\":{\"@type\":\"ImageObject\",\"inLanguage\":\"de\",\"@id\":\"https:\\\/\\\/goethe-gymnasium.berlin\\\/#\\\/schema\\\/logo\\\/image\\\/\",\"url\":\"https:\\\/\\\/goethe-gymnasium.berlin\\\/wp-content\\\/uploads\\\/2018\\\/04\\\/goethe-logo_hoch.png\",\"contentUrl\":\"https:\\\/\\\/goethe-gymnasium.berlin\\\/wp-content\\\/uploads\\\/2018\\\/04\\\/goethe-logo_hoch.png\",\"width\":755,\"height\":514,\"caption\":\"Goethe-Gymnasium Berlin-Wilmersdorf\"},\"image\":{\"@id\":\"https:\\\/\\\/goethe-gymnasium.berlin\\\/#\\\/schema\\\/logo\\\/image\\\/\"},\"sameAs\":[\"https:\\\/\\\/www.facebook.com\\\/pages\\\/Goethe-Gymnasium\\\/109376575754402\",\"https:\\\/\\\/www.youtube.com\\\/channel\\\/UCMKuMVF9h_YkS3zmEp7SnzQ\"]},{\"@type\":\"Person\",\"@id\":\"https:\\\/\\\/goethe-gymnasium.berlin\\\/#\\\/schema\\\/person\\\/657649ee416ae4c87decf9eca214731b\",\"name\":\"BWeber\",\"image\":{\"@type\":\"ImageObject\",\"inLanguage\":\"de\",\"@id\":\"https:\\\/\\\/secure.gravatar.com\\\/avatar\\\/02bebd62837a35b7591c929f78cee097518003bae0426a33e45c214fc8bd37fb?s=96&d=mm&r=g\",\"url\":\"https:\\\/\\\/secure.gravatar.com\\\/avatar\\\/02bebd62837a35b7591c929f78cee097518003bae0426a33e45c214fc8bd37fb?s=96&d=mm&r=g\",\"contentUrl\":\"https:\\\/\\\/secure.gravatar.com\\\/avatar\\\/02bebd62837a35b7591c929f78cee097518003bae0426a33e45c214fc8bd37fb?s=96&d=mm&r=g\",\"caption\":\"BWeber\"},\"url\":\"https:\\\/\\\/goethe-gymnasium.berlin\\\/index.php\\\/author\\\/bweber\\\/\"}]}<\/script>\n<!-- \/ Yoast SEO plugin. -->","yoast_head_json":{"title":"Auf den Spuren von Erich K\u00e4stner - Goethe-Gymnasium Berlin-Wilmersdorf","description":"Goethe-Gymnasium Berlin-Wilmersdorf","robots":{"index":"index","follow":"follow","max-snippet":"max-snippet:-1","max-image-preview":"max-image-preview:large","max-video-preview":"max-video-preview:-1"},"canonical":"https:\/\/goethe-gymnasium.berlin\/index.php\/2024\/02\/18\/auf-den-spuren-von-erich-kaestner\/","og_locale":"de_DE","og_type":"article","og_title":"Auf den Spuren von Erich K\u00e4stner - Goethe-Gymnasium Berlin-Wilmersdorf","og_description":"Goethe-Gymnasium Berlin-Wilmersdorf","og_url":"https:\/\/goethe-gymnasium.berlin\/index.php\/2024\/02\/18\/auf-den-spuren-von-erich-kaestner\/","og_site_name":"Goethe-Gymnasium Berlin-Wilmersdorf","article_publisher":"https:\/\/www.facebook.com\/pages\/Goethe-Gymnasium\/109376575754402","article_published_time":"2024-02-18T18:01:01+00:00","article_modified_time":"2024-02-18T18:19:47+00:00","og_image":[{"width":2560,"height":2484,"url":"https:\/\/goethe-gymnasium.berlin\/wp-content\/uploads\/2024\/02\/Kaestner-Projekt-scaled.jpg","type":"image\/jpeg"}],"author":"BWeber","twitter_card":"summary_large_image","twitter_misc":{"Verfasst von":"BWeber","Gesch\u00e4tzte Lesezeit":"2\u00a0Minuten"},"schema":{"@context":"https:\/\/schema.org","@graph":[{"@type":"Article","@id":"https:\/\/goethe-gymnasium.berlin\/index.php\/2024\/02\/18\/auf-den-spuren-von-erich-kaestner\/#article","isPartOf":{"@id":"https:\/\/goethe-gymnasium.berlin\/index.php\/2024\/02\/18\/auf-den-spuren-von-erich-kaestner\/"},"author":{"name":"BWeber","@id":"https:\/\/goethe-gymnasium.berlin\/#\/schema\/person\/657649ee416ae4c87decf9eca214731b"},"headline":"Auf den Spuren von Erich K\u00e4stner","datePublished":"2024-02-18T18:01:01+00:00","dateModified":"2024-02-18T18:19:47+00:00","mainEntityOfPage":{"@id":"https:\/\/goethe-gymnasium.berlin\/index.php\/2024\/02\/18\/auf-den-spuren-von-erich-kaestner\/"},"wordCount":469,"publisher":{"@id":"https:\/\/goethe-gymnasium.berlin\/#organization"},"image":{"@id":"https:\/\/goethe-gymnasium.berlin\/index.php\/2024\/02\/18\/auf-den-spuren-von-erich-kaestner\/#primaryimage"},"thumbnailUrl":"https:\/\/goethe-gymnasium.berlin\/wp-content\/uploads\/2024\/02\/Kaestner-Projekt-scaled.jpg","keywords":["K\u00e4stner-Projekt","Projekte"],"articleSection":["Deutsch","Sch\u00fclerschaft"],"inLanguage":"de"},{"@type":"WebPage","@id":"https:\/\/goethe-gymnasium.berlin\/index.php\/2024\/02\/18\/auf-den-spuren-von-erich-kaestner\/","url":"https:\/\/goethe-gymnasium.berlin\/index.php\/2024\/02\/18\/auf-den-spuren-von-erich-kaestner\/","name":"Auf den Spuren von Erich K\u00e4stner - Goethe-Gymnasium Berlin-Wilmersdorf","isPartOf":{"@id":"https:\/\/goethe-gymnasium.berlin\/#website"},"primaryImageOfPage":{"@id":"https:\/\/goethe-gymnasium.berlin\/index.php\/2024\/02\/18\/auf-den-spuren-von-erich-kaestner\/#primaryimage"},"image":{"@id":"https:\/\/goethe-gymnasium.berlin\/index.php\/2024\/02\/18\/auf-den-spuren-von-erich-kaestner\/#primaryimage"},"thumbnailUrl":"https:\/\/goethe-gymnasium.berlin\/wp-content\/uploads\/2024\/02\/Kaestner-Projekt-scaled.jpg","datePublished":"2024-02-18T18:01:01+00:00","dateModified":"2024-02-18T18:19:47+00:00","description":"Goethe-Gymnasium Berlin-Wilmersdorf","breadcrumb":{"@id":"https:\/\/goethe-gymnasium.berlin\/index.php\/2024\/02\/18\/auf-den-spuren-von-erich-kaestner\/#breadcrumb"},"inLanguage":"de","potentialAction":[{"@type":"ReadAction","target":["https:\/\/goethe-gymnasium.berlin\/index.php\/2024\/02\/18\/auf-den-spuren-von-erich-kaestner\/"]}]},{"@type":"ImageObject","inLanguage":"de","@id":"https:\/\/goethe-gymnasium.berlin\/index.php\/2024\/02\/18\/auf-den-spuren-von-erich-kaestner\/#primaryimage","url":"https:\/\/goethe-gymnasium.berlin\/wp-content\/uploads\/2024\/02\/Kaestner-Projekt-scaled.jpg","contentUrl":"https:\/\/goethe-gymnasium.berlin\/wp-content\/uploads\/2024\/02\/Kaestner-Projekt-scaled.jpg","width":2560,"height":2484},{"@type":"BreadcrumbList","@id":"https:\/\/goethe-gymnasium.berlin\/index.php\/2024\/02\/18\/auf-den-spuren-von-erich-kaestner\/#breadcrumb","itemListElement":[{"@type":"ListItem","position":1,"name":"Startseite","item":"https:\/\/goethe-gymnasium.berlin\/"},{"@type":"ListItem","position":2,"name":"Auf den Spuren von Erich K\u00e4stner"}]},{"@type":"WebSite","@id":"https:\/\/goethe-gymnasium.berlin\/#website","url":"https:\/\/goethe-gymnasium.berlin\/","name":"Goethe-Gymnasium Berlin-Wilmersdorf","description":"","publisher":{"@id":"https:\/\/goethe-gymnasium.berlin\/#organization"},"potentialAction":[{"@type":"SearchAction","target":{"@type":"EntryPoint","urlTemplate":"https:\/\/goethe-gymnasium.berlin\/?s={search_term_string}"},"query-input":{"@type":"PropertyValueSpecification","valueRequired":true,"valueName":"search_term_string"}}],"inLanguage":"de"},{"@type":"Organization","@id":"https:\/\/goethe-gymnasium.berlin\/#organization","name":"Goethe-Gymnasium Berlin-Wilmersdorf","url":"https:\/\/goethe-gymnasium.berlin\/","logo":{"@type":"ImageObject","inLanguage":"de","@id":"https:\/\/goethe-gymnasium.berlin\/#\/schema\/logo\/image\/","url":"https:\/\/goethe-gymnasium.berlin\/wp-content\/uploads\/2018\/04\/goethe-logo_hoch.png","contentUrl":"https:\/\/goethe-gymnasium.berlin\/wp-content\/uploads\/2018\/04\/goethe-logo_hoch.png","width":755,"height":514,"caption":"Goethe-Gymnasium Berlin-Wilmersdorf"},"image":{"@id":"https:\/\/goethe-gymnasium.berlin\/#\/schema\/logo\/image\/"},"sameAs":["https:\/\/www.facebook.com\/pages\/Goethe-Gymnasium\/109376575754402","https:\/\/www.youtube.com\/channel\/UCMKuMVF9h_YkS3zmEp7SnzQ"]},{"@type":"Person","@id":"https:\/\/goethe-gymnasium.berlin\/#\/schema\/person\/657649ee416ae4c87decf9eca214731b","name":"BWeber","image":{"@type":"ImageObject","inLanguage":"de","@id":"https:\/\/secure.gravatar.com\/avatar\/02bebd62837a35b7591c929f78cee097518003bae0426a33e45c214fc8bd37fb?s=96&d=mm&r=g","url":"https:\/\/secure.gravatar.com\/avatar\/02bebd62837a35b7591c929f78cee097518003bae0426a33e45c214fc8bd37fb?s=96&d=mm&r=g","contentUrl":"https:\/\/secure.gravatar.com\/avatar\/02bebd62837a35b7591c929f78cee097518003bae0426a33e45c214fc8bd37fb?s=96&d=mm&r=g","caption":"BWeber"},"url":"https:\/\/goethe-gymnasium.berlin\/index.php\/author\/bweber\/"}]}},"_links":{"self":[{"href":"https:\/\/goethe-gymnasium.berlin\/index.php\/wp-json\/wp\/v2\/posts\/11580","targetHints":{"allow":["GET"]}}],"collection":[{"href":"https:\/\/goethe-gymnasium.berlin\/index.php\/wp-json\/wp\/v2\/posts"}],"about":[{"href":"https:\/\/goethe-gymnasium.berlin\/index.php\/wp-json\/wp\/v2\/types\/post"}],"author":[{"embeddable":true,"href":"https:\/\/goethe-gymnasium.berlin\/index.php\/wp-json\/wp\/v2\/users\/4"}],"replies":[{"embeddable":true,"href":"https:\/\/goethe-gymnasium.berlin\/index.php\/wp-json\/wp\/v2\/comments?post=11580"}],"version-history":[{"count":6,"href":"https:\/\/goethe-gymnasium.berlin\/index.php\/wp-json\/wp\/v2\/posts\/11580\/revisions"}],"predecessor-version":[{"id":11591,"href":"https:\/\/goethe-gymnasium.berlin\/index.php\/wp-json\/wp\/v2\/posts\/11580\/revisions\/11591"}],"wp:featuredmedia":[{"embeddable":true,"href":"https:\/\/goethe-gymnasium.berlin\/index.php\/wp-json\/wp\/v2\/media\/11581"}],"wp:attachment":[{"href":"https:\/\/goethe-gymnasium.berlin\/index.php\/wp-json\/wp\/v2\/media?parent=11580"}],"wp:term":[{"taxonomy":"category","embeddable":true,"href":"https:\/\/goethe-gymnasium.berlin\/index.php\/wp-json\/wp\/v2\/categories?post=11580"},{"taxonomy":"post_tag","embeddable":true,"href":"https:\/\/goethe-gymnasium.berlin\/index.php\/wp-json\/wp\/v2\/tags?post=11580"}],"curies":[{"name":"wp","href":"https:\/\/api.w.org\/{rel}","templated":true}]}}