{"id":10166,"date":"2022-12-29T21:32:43","date_gmt":"2022-12-29T20:32:43","guid":{"rendered":"https:\/\/goethe-gymnasium.berlin\/?p=10166"},"modified":"2022-12-29T22:38:35","modified_gmt":"2022-12-29T21:38:35","slug":"schlussakkord","status":"publish","type":"post","link":"https:\/\/goethe-gymnasium.berlin\/index.php\/2022\/12\/29\/schlussakkord\/","title":{"rendered":"Schlussakkord"},"content":{"rendered":"\n<h3 class=\"wp-block-heading\">Das Weihnachtskonzert 2022<\/h3>\n\n\n\n<p>Am 17. und 19. Dezember 2022 endete die musikalische Saison 2022 am Goethe-Gymnasium mit einem glanzvollem Schlussakkord.<\/p>\n\n\n\n<p>Zu h\u00f6ren waren zwei festliche Weihnachtkonzerte, mit vielen Mitsingm\u00f6glichkeiten, nachdenklichen Texten und einem insgesamt abwechslungsreichem Programm, welches das Publikum endg\u00fcltig in Weihnachtsstimmung versetzte.<\/p>\n\n\n<div class=\"wp-block-image\">\n<figure class=\"aligncenter size-full is-resized\"><a href=\"https:\/\/goethe-gymnasium.berlin\/wp-content\/uploads\/2022\/12\/Weihnachtskonzert-2022-01.jpg\"><img loading=\"lazy\" decoding=\"async\" src=\"https:\/\/goethe-gymnasium.berlin\/wp-content\/uploads\/2022\/12\/Weihnachtskonzert-2022-01.jpg\" alt=\"\" class=\"wp-image-10171\" width=\"589\" height=\"441\" srcset=\"https:\/\/goethe-gymnasium.berlin\/wp-content\/uploads\/2022\/12\/Weihnachtskonzert-2022-01.jpg 1178w, https:\/\/goethe-gymnasium.berlin\/wp-content\/uploads\/2022\/12\/Weihnachtskonzert-2022-01-300x225.jpg 300w, https:\/\/goethe-gymnasium.berlin\/wp-content\/uploads\/2022\/12\/Weihnachtskonzert-2022-01-768x575.jpg 768w, https:\/\/goethe-gymnasium.berlin\/wp-content\/uploads\/2022\/12\/Weihnachtskonzert-2022-01-125x94.jpg 125w, https:\/\/goethe-gymnasium.berlin\/wp-content\/uploads\/2022\/12\/Weihnachtskonzert-2022-01-200x150.jpg 200w, https:\/\/goethe-gymnasium.berlin\/wp-content\/uploads\/2022\/12\/Weihnachtskonzert-2022-01-80x60.jpg 80w, https:\/\/goethe-gymnasium.berlin\/wp-content\/uploads\/2022\/12\/Weihnachtskonzert-2022-01-1024x768.jpg 1024w\" sizes=\"auto, (max-width: 589px) 100vw, 589px\" \/><\/a><figcaption class=\"wp-element-caption\"><center><em>Chor und Orchester<\/em><\/center><\/figcaption><\/figure>\n<\/div>\n\n\n<p>Erstmals konnten beide Chorklassen mit der Chor-AG und dem Orchester zusammen ein Konzert gestalten und luden alle Zuh\u00f6rer*innen zu festlich-weihnachtlichen und beschwingten Melodien unter dem Motto \u201eWeihnachten unter Sternen\u201c ein.<\/p>\n\n\n\n<figure class=\"wp-block-gallery has-nested-images columns-default is-cropped wp-block-gallery-2 is-layout-flex wp-block-gallery-is-layout-flex\">\n<figure class=\"wp-block-image size-large\"><a href=\"https:\/\/goethe-gymnasium.berlin\/wp-content\/uploads\/2022\/12\/Weihnachtskonzert-2022-02.jpg\"><img loading=\"lazy\" decoding=\"async\" width=\"766\" height=\"1024\" data-id=\"10169\" src=\"https:\/\/goethe-gymnasium.berlin\/wp-content\/uploads\/2022\/12\/Weihnachtskonzert-2022-02-766x1024.jpg\" alt=\"\" class=\"wp-image-10169\" srcset=\"https:\/\/goethe-gymnasium.berlin\/wp-content\/uploads\/2022\/12\/Weihnachtskonzert-2022-02-766x1024.jpg 766w, https:\/\/goethe-gymnasium.berlin\/wp-content\/uploads\/2022\/12\/Weihnachtskonzert-2022-02-225x300.jpg 225w, https:\/\/goethe-gymnasium.berlin\/wp-content\/uploads\/2022\/12\/Weihnachtskonzert-2022-02-768x1026.jpg 768w, https:\/\/goethe-gymnasium.berlin\/wp-content\/uploads\/2022\/12\/Weihnachtskonzert-2022-02-94x125.jpg 94w, https:\/\/goethe-gymnasium.berlin\/wp-content\/uploads\/2022\/12\/Weihnachtskonzert-2022-02-150x200.jpg 150w, https:\/\/goethe-gymnasium.berlin\/wp-content\/uploads\/2022\/12\/Weihnachtskonzert-2022-02-60x80.jpg 60w, https:\/\/goethe-gymnasium.berlin\/wp-content\/uploads\/2022\/12\/Weihnachtskonzert-2022-02-575x768.jpg 575w, https:\/\/goethe-gymnasium.berlin\/wp-content\/uploads\/2022\/12\/Weihnachtskonzert-2022-02.jpg 934w\" sizes=\"auto, (max-width: 766px) 100vw, 766px\" \/><\/a><figcaption class=\"wp-element-caption\"><em>Can You Hear Me?<\/em><\/figcaption><\/figure>\n\n\n\n<figure class=\"wp-block-image size-large\"><a href=\"https:\/\/goethe-gymnasium.berlin\/wp-content\/uploads\/2022\/12\/Weihnachtskonzert-2022-03.jpg\"><img loading=\"lazy\" decoding=\"async\" width=\"1366\" height=\"1024\" data-id=\"10168\" src=\"https:\/\/goethe-gymnasium.berlin\/wp-content\/uploads\/2022\/12\/Weihnachtskonzert-2022-03-1366x1024.jpg\" alt=\"\" class=\"wp-image-10168\" srcset=\"https:\/\/goethe-gymnasium.berlin\/wp-content\/uploads\/2022\/12\/Weihnachtskonzert-2022-03-1366x1024.jpg 1366w, https:\/\/goethe-gymnasium.berlin\/wp-content\/uploads\/2022\/12\/Weihnachtskonzert-2022-03-300x225.jpg 300w, https:\/\/goethe-gymnasium.berlin\/wp-content\/uploads\/2022\/12\/Weihnachtskonzert-2022-03-768x576.jpg 768w, https:\/\/goethe-gymnasium.berlin\/wp-content\/uploads\/2022\/12\/Weihnachtskonzert-2022-03-125x94.jpg 125w, https:\/\/goethe-gymnasium.berlin\/wp-content\/uploads\/2022\/12\/Weihnachtskonzert-2022-03-200x150.jpg 200w, https:\/\/goethe-gymnasium.berlin\/wp-content\/uploads\/2022\/12\/Weihnachtskonzert-2022-03-80x60.jpg 80w, https:\/\/goethe-gymnasium.berlin\/wp-content\/uploads\/2022\/12\/Weihnachtskonzert-2022-03-1024x768.jpg 1024w, https:\/\/goethe-gymnasium.berlin\/wp-content\/uploads\/2022\/12\/Weihnachtskonzert-2022-03.jpg 1462w\" sizes=\"auto, (max-width: 1366px) 100vw, 1366px\" \/><\/a><figcaption class=\"wp-element-caption\"><em>Schlussakkord<\/em><\/figcaption><\/figure>\n<\/figure>\n\n\n\n<p><\/p>\n\n\n\n<p>Besonders das Lied \u201e<em>Can you hear me<\/em>\u201d hat viele Zuh\u00f6rerinnen \u00a0und \u00a0Zuh\u00f6rer ber\u00fchrt. Auch mich hat es in besonderer Weise angesprochen. \u00a0Das \u201eZuh\u00f6ren\u201c und das \u201eGeh\u00f6rtwerden\u201c \u00a0w\u00fcnschen wir uns wohl alle, doch kommt es in dieser Zeit in Gesellschaft und Politik, aber auch in der Schule und privat immer wieder zu kurz. Vielleicht kann dieser Liedtitel eine Art Leitgedanke f\u00fcr das Jahr 2023 in unserer Schulgemeinschaft werden.<\/p>\n\n\n\n<p><em>Wer die Chorbeitr\u00e4ge, u. a. das von Herrn Freese angesprochene Lied, noch einmal nacherleben m\u00f6chte, schaue bitte in die folgenden Videos:<\/em><\/p>\n\n\n\n<figure class=\"wp-block-embed aligncenter is-type-video is-provider-vimeo wp-block-embed-vimeo wp-embed-aspect-16-9 wp-has-aspect-ratio\"><div class=\"wp-block-embed__wrapper\">\n<iframe loading=\"lazy\" hcb-fetch-image-from=\"https:\/\/vimeo.com\/785032248\" title=\"Musica Dei\" src=\"https:\/\/player.vimeo.com\/video\/785032248?h=00e58e4aac&amp;dnt=1&amp;app_id=122963\" width=\"780\" height=\"439\" frameborder=\"0\" allow=\"autoplay; fullscreen; picture-in-picture\" allowfullscreen><\/iframe>\n<\/div><figcaption class=\"wp-element-caption\"><center><em>Musica Dei &#8211; Chor unter der Leitung von Frau Wendler<\/em><\/center><\/figcaption><\/figure>\n\n\n\n<figure class=\"wp-block-embed aligncenter is-type-video is-provider-vimeo wp-block-embed-vimeo wp-embed-aspect-16-9 wp-has-aspect-ratio\"><div class=\"wp-block-embed__wrapper\">\n<iframe loading=\"lazy\" hcb-fetch-image-from=\"https:\/\/vimeo.com\/785037376\" title=\"Calypso Gloria\" src=\"https:\/\/player.vimeo.com\/video\/785037376?h=4340402b75&amp;dnt=1&amp;app_id=122963\" width=\"780\" height=\"439\" frameborder=\"0\" allow=\"autoplay; fullscreen; picture-in-picture\" allowfullscreen><\/iframe>\n<\/div><figcaption class=\"wp-element-caption\"><center><em>Calypso Gloria &#8211; Chor und Instrumentalisten unter der Leitung von Frau Strecker<\/em><\/center><\/figcaption><\/figure>\n\n\n\n<figure class=\"wp-block-embed aligncenter is-type-video is-provider-vimeo wp-block-embed-vimeo wp-embed-aspect-16-9 wp-has-aspect-ratio\"><div class=\"wp-block-embed__wrapper\">\n<iframe loading=\"lazy\" hcb-fetch-image-from=\"https:\/\/vimeo.com\/785039153\" title=\"Swingin Christmas Tree\" src=\"https:\/\/player.vimeo.com\/video\/785039153?h=d221214bf1&amp;dnt=1&amp;app_id=122963\" width=\"780\" height=\"439\" frameborder=\"0\" allow=\"autoplay; fullscreen; picture-in-picture\" allowfullscreen><\/iframe>\n<\/div><figcaption class=\"wp-element-caption\"><center><em>Swingin Christmas Tree &#8211; Chor unter der Leitung von Frau Wendler<\/em><\/center><\/figcaption><\/figure>\n\n\n\n<figure class=\"wp-block-embed aligncenter is-type-video is-provider-vimeo wp-block-embed-vimeo wp-embed-aspect-16-9 wp-has-aspect-ratio\"><div class=\"wp-block-embed__wrapper\">\n<iframe loading=\"lazy\" hcb-fetch-image-from=\"https:\/\/vimeo.com\/785040967\" title=\"Can you hear me\" src=\"https:\/\/player.vimeo.com\/video\/785040967?h=693d1b1829&amp;dnt=1&amp;app_id=122963\" width=\"780\" height=\"439\" frameborder=\"0\" allow=\"autoplay; fullscreen; picture-in-picture\" allowfullscreen><\/iframe>\n<\/div><figcaption class=\"wp-element-caption\"><center><em>Can You Hear Me &#8211; Chor unter der Leitung von Frau Wendler<\/em><\/center><\/figcaption><\/figure>\n\n\n\n<figure class=\"wp-block-embed aligncenter is-type-video is-provider-vimeo wp-block-embed-vimeo wp-embed-aspect-16-9 wp-has-aspect-ratio\"><div class=\"wp-block-embed__wrapper\">\n<iframe loading=\"lazy\" hcb-fetch-image-from=\"https:\/\/vimeo.com\/785044938\" title=\"No&amp;euml;l, No&amp;euml;l\" src=\"https:\/\/player.vimeo.com\/video\/785044938?h=87b4e238eb&amp;dnt=1&amp;app_id=122963\" width=\"780\" height=\"439\" frameborder=\"0\" allow=\"autoplay; fullscreen; picture-in-picture\" allowfullscreen><\/iframe>\n<\/div><figcaption class=\"wp-element-caption\"><center><em>No\u00ebl, No\u00ebl &#8211; Chor unter der Leitung von Frau Strecker<\/em><\/center><\/figcaption><\/figure>\n\n\n\n<figure class=\"wp-block-embed aligncenter is-type-video is-provider-vimeo wp-block-embed-vimeo wp-embed-aspect-16-9 wp-has-aspect-ratio\"><div class=\"wp-block-embed__wrapper\">\n<iframe loading=\"lazy\" hcb-fetch-image-from=\"https:\/\/vimeo.com\/785046323\" title=\"Reich mir zum Abschied noch einmal die H&amp;auml;nde\" src=\"https:\/\/player.vimeo.com\/video\/785046323?h=62b1713128&amp;dnt=1&amp;app_id=122963\" width=\"780\" height=\"439\" frameborder=\"0\" allow=\"autoplay; fullscreen; picture-in-picture\" allowfullscreen><\/iframe>\n<\/div><figcaption class=\"wp-element-caption\"><center><em>Reich mir zum Abschied noch einmal die H\u00e4nde &#8211; Chor unter der Leitung von Frau Wendler<\/em><\/center><\/figcaption><\/figure>\n\n\n\n<p class=\"has-text-align-right\"><em>Text: J\u00f6rg Freese, Schulleiter (Schuljahr 2022\/23)<br>Fotos: Linda Kn\u00f6fel, Nele Roos (Klasse 9b)<br> Videoschnitt: Frau Wendler<\/em><\/p>\n","protected":false},"excerpt":{"rendered":"<p>Am 17. und 19. Dezember 2022 endete die musikalische Saison 2022 am Goethe-Gymnasium mit einem glanzvollem Schlussakkord. <a class=\"more-link\" href=\"https:\/\/goethe-gymnasium.berlin\/index.php\/2022\/12\/29\/schlussakkord\/\">Weiterlesen &#8230;<\/a><\/p>\n","protected":false},"author":4,"featured_media":10167,"comment_status":"closed","ping_status":"closed","sticky":false,"template":"","format":"standard","meta":{"footnotes":""},"categories":[15,4,12],"tags":[102,109],"class_list":["post-10166","post","type-post","status-publish","format-standard","has-post-thumbnail","hentry","category-musik","category-schulleben","category-veranstaltungen","tag-konzert","tag-weihnachtskonzert"],"yoast_head":"<!-- This site is optimized with the Yoast SEO plugin v27.4 - https:\/\/yoast.com\/product\/yoast-seo-wordpress\/ -->\n<title>Schlussakkord - Goethe-Gymnasium Berlin-Wilmersdorf<\/title>\n<meta name=\"description\" content=\"Goethe-Gymnasium Berlin-Wilmersdorf\" \/>\n<meta name=\"robots\" content=\"index, follow, max-snippet:-1, max-image-preview:large, max-video-preview:-1\" \/>\n<link rel=\"canonical\" href=\"https:\/\/goethe-gymnasium.berlin\/index.php\/2022\/12\/29\/schlussakkord\/\" \/>\n<meta property=\"og:locale\" content=\"de_DE\" \/>\n<meta property=\"og:type\" content=\"article\" \/>\n<meta property=\"og:title\" content=\"Schlussakkord - Goethe-Gymnasium Berlin-Wilmersdorf\" \/>\n<meta property=\"og:description\" content=\"Goethe-Gymnasium Berlin-Wilmersdorf\" \/>\n<meta property=\"og:url\" content=\"https:\/\/goethe-gymnasium.berlin\/index.php\/2022\/12\/29\/schlussakkord\/\" \/>\n<meta property=\"og:site_name\" content=\"Goethe-Gymnasium Berlin-Wilmersdorf\" \/>\n<meta property=\"article:publisher\" content=\"https:\/\/www.facebook.com\/pages\/Goethe-Gymnasium\/109376575754402\" \/>\n<meta property=\"article:published_time\" content=\"2022-12-29T20:32:43+00:00\" \/>\n<meta property=\"article:modified_time\" content=\"2022-12-29T21:38:35+00:00\" \/>\n<meta property=\"og:image\" content=\"https:\/\/goethe-gymnasium.berlin\/wp-content\/uploads\/2022\/12\/Weihnachtskonzert-2022.png\" \/>\n\t<meta property=\"og:image:width\" content=\"794\" \/>\n\t<meta property=\"og:image:height\" content=\"1123\" \/>\n\t<meta property=\"og:image:type\" content=\"image\/png\" \/>\n<meta name=\"author\" content=\"BWeber\" \/>\n<meta name=\"twitter:card\" content=\"summary_large_image\" \/>\n<meta name=\"twitter:label1\" content=\"Verfasst von\" \/>\n\t<meta name=\"twitter:data1\" content=\"BWeber\" \/>\n\t<meta name=\"twitter:label2\" content=\"Gesch\u00e4tzte Lesezeit\" \/>\n\t<meta name=\"twitter:data2\" content=\"3\u00a0Minuten\" \/>\n<script type=\"application\/ld+json\" class=\"yoast-schema-graph\">{\"@context\":\"https:\\\/\\\/schema.org\",\"@graph\":[{\"@type\":\"Article\",\"@id\":\"https:\\\/\\\/goethe-gymnasium.berlin\\\/index.php\\\/2022\\\/12\\\/29\\\/schlussakkord\\\/#article\",\"isPartOf\":{\"@id\":\"https:\\\/\\\/goethe-gymnasium.berlin\\\/index.php\\\/2022\\\/12\\\/29\\\/schlussakkord\\\/\"},\"author\":{\"name\":\"BWeber\",\"@id\":\"https:\\\/\\\/goethe-gymnasium.berlin\\\/#\\\/schema\\\/person\\\/657649ee416ae4c87decf9eca214731b\"},\"headline\":\"Schlussakkord\",\"datePublished\":\"2022-12-29T20:32:43+00:00\",\"dateModified\":\"2022-12-29T21:38:35+00:00\",\"mainEntityOfPage\":{\"@id\":\"https:\\\/\\\/goethe-gymnasium.berlin\\\/index.php\\\/2022\\\/12\\\/29\\\/schlussakkord\\\/\"},\"wordCount\":287,\"publisher\":{\"@id\":\"https:\\\/\\\/goethe-gymnasium.berlin\\\/#organization\"},\"image\":{\"@id\":\"https:\\\/\\\/goethe-gymnasium.berlin\\\/index.php\\\/2022\\\/12\\\/29\\\/schlussakkord\\\/#primaryimage\"},\"thumbnailUrl\":\"https:\\\/\\\/goethe-gymnasium.berlin\\\/wp-content\\\/uploads\\\/2022\\\/12\\\/Weihnachtskonzert-2022.png\",\"keywords\":[\"Konzert\",\"Weihnachtskonzert\"],\"articleSection\":[\"Musik\",\"Schulleben\",\"Veranstaltungen\"],\"inLanguage\":\"de\"},{\"@type\":\"WebPage\",\"@id\":\"https:\\\/\\\/goethe-gymnasium.berlin\\\/index.php\\\/2022\\\/12\\\/29\\\/schlussakkord\\\/\",\"url\":\"https:\\\/\\\/goethe-gymnasium.berlin\\\/index.php\\\/2022\\\/12\\\/29\\\/schlussakkord\\\/\",\"name\":\"Schlussakkord - Goethe-Gymnasium Berlin-Wilmersdorf\",\"isPartOf\":{\"@id\":\"https:\\\/\\\/goethe-gymnasium.berlin\\\/#website\"},\"primaryImageOfPage\":{\"@id\":\"https:\\\/\\\/goethe-gymnasium.berlin\\\/index.php\\\/2022\\\/12\\\/29\\\/schlussakkord\\\/#primaryimage\"},\"image\":{\"@id\":\"https:\\\/\\\/goethe-gymnasium.berlin\\\/index.php\\\/2022\\\/12\\\/29\\\/schlussakkord\\\/#primaryimage\"},\"thumbnailUrl\":\"https:\\\/\\\/goethe-gymnasium.berlin\\\/wp-content\\\/uploads\\\/2022\\\/12\\\/Weihnachtskonzert-2022.png\",\"datePublished\":\"2022-12-29T20:32:43+00:00\",\"dateModified\":\"2022-12-29T21:38:35+00:00\",\"description\":\"Goethe-Gymnasium Berlin-Wilmersdorf\",\"breadcrumb\":{\"@id\":\"https:\\\/\\\/goethe-gymnasium.berlin\\\/index.php\\\/2022\\\/12\\\/29\\\/schlussakkord\\\/#breadcrumb\"},\"inLanguage\":\"de\",\"potentialAction\":[{\"@type\":\"ReadAction\",\"target\":[\"https:\\\/\\\/goethe-gymnasium.berlin\\\/index.php\\\/2022\\\/12\\\/29\\\/schlussakkord\\\/\"]}]},{\"@type\":\"ImageObject\",\"inLanguage\":\"de\",\"@id\":\"https:\\\/\\\/goethe-gymnasium.berlin\\\/index.php\\\/2022\\\/12\\\/29\\\/schlussakkord\\\/#primaryimage\",\"url\":\"https:\\\/\\\/goethe-gymnasium.berlin\\\/wp-content\\\/uploads\\\/2022\\\/12\\\/Weihnachtskonzert-2022.png\",\"contentUrl\":\"https:\\\/\\\/goethe-gymnasium.berlin\\\/wp-content\\\/uploads\\\/2022\\\/12\\\/Weihnachtskonzert-2022.png\",\"width\":794,\"height\":1123},{\"@type\":\"BreadcrumbList\",\"@id\":\"https:\\\/\\\/goethe-gymnasium.berlin\\\/index.php\\\/2022\\\/12\\\/29\\\/schlussakkord\\\/#breadcrumb\",\"itemListElement\":[{\"@type\":\"ListItem\",\"position\":1,\"name\":\"Startseite\",\"item\":\"https:\\\/\\\/goethe-gymnasium.berlin\\\/\"},{\"@type\":\"ListItem\",\"position\":2,\"name\":\"Schlussakkord\"}]},{\"@type\":\"WebSite\",\"@id\":\"https:\\\/\\\/goethe-gymnasium.berlin\\\/#website\",\"url\":\"https:\\\/\\\/goethe-gymnasium.berlin\\\/\",\"name\":\"Goethe-Gymnasium Berlin-Wilmersdorf\",\"description\":\"\",\"publisher\":{\"@id\":\"https:\\\/\\\/goethe-gymnasium.berlin\\\/#organization\"},\"potentialAction\":[{\"@type\":\"SearchAction\",\"target\":{\"@type\":\"EntryPoint\",\"urlTemplate\":\"https:\\\/\\\/goethe-gymnasium.berlin\\\/?s={search_term_string}\"},\"query-input\":{\"@type\":\"PropertyValueSpecification\",\"valueRequired\":true,\"valueName\":\"search_term_string\"}}],\"inLanguage\":\"de\"},{\"@type\":\"Organization\",\"@id\":\"https:\\\/\\\/goethe-gymnasium.berlin\\\/#organization\",\"name\":\"Goethe-Gymnasium Berlin-Wilmersdorf\",\"url\":\"https:\\\/\\\/goethe-gymnasium.berlin\\\/\",\"logo\":{\"@type\":\"ImageObject\",\"inLanguage\":\"de\",\"@id\":\"https:\\\/\\\/goethe-gymnasium.berlin\\\/#\\\/schema\\\/logo\\\/image\\\/\",\"url\":\"https:\\\/\\\/goethe-gymnasium.berlin\\\/wp-content\\\/uploads\\\/2018\\\/04\\\/goethe-logo_hoch.png\",\"contentUrl\":\"https:\\\/\\\/goethe-gymnasium.berlin\\\/wp-content\\\/uploads\\\/2018\\\/04\\\/goethe-logo_hoch.png\",\"width\":755,\"height\":514,\"caption\":\"Goethe-Gymnasium Berlin-Wilmersdorf\"},\"image\":{\"@id\":\"https:\\\/\\\/goethe-gymnasium.berlin\\\/#\\\/schema\\\/logo\\\/image\\\/\"},\"sameAs\":[\"https:\\\/\\\/www.facebook.com\\\/pages\\\/Goethe-Gymnasium\\\/109376575754402\",\"https:\\\/\\\/www.youtube.com\\\/channel\\\/UCMKuMVF9h_YkS3zmEp7SnzQ\"]},{\"@type\":\"Person\",\"@id\":\"https:\\\/\\\/goethe-gymnasium.berlin\\\/#\\\/schema\\\/person\\\/657649ee416ae4c87decf9eca214731b\",\"name\":\"BWeber\",\"image\":{\"@type\":\"ImageObject\",\"inLanguage\":\"de\",\"@id\":\"https:\\\/\\\/secure.gravatar.com\\\/avatar\\\/02bebd62837a35b7591c929f78cee097518003bae0426a33e45c214fc8bd37fb?s=96&d=mm&r=g\",\"url\":\"https:\\\/\\\/secure.gravatar.com\\\/avatar\\\/02bebd62837a35b7591c929f78cee097518003bae0426a33e45c214fc8bd37fb?s=96&d=mm&r=g\",\"contentUrl\":\"https:\\\/\\\/secure.gravatar.com\\\/avatar\\\/02bebd62837a35b7591c929f78cee097518003bae0426a33e45c214fc8bd37fb?s=96&d=mm&r=g\",\"caption\":\"BWeber\"},\"url\":\"https:\\\/\\\/goethe-gymnasium.berlin\\\/index.php\\\/author\\\/bweber\\\/\"}]}<\/script>\n<!-- \/ Yoast SEO plugin. -->","yoast_head_json":{"title":"Schlussakkord - Goethe-Gymnasium Berlin-Wilmersdorf","description":"Goethe-Gymnasium Berlin-Wilmersdorf","robots":{"index":"index","follow":"follow","max-snippet":"max-snippet:-1","max-image-preview":"max-image-preview:large","max-video-preview":"max-video-preview:-1"},"canonical":"https:\/\/goethe-gymnasium.berlin\/index.php\/2022\/12\/29\/schlussakkord\/","og_locale":"de_DE","og_type":"article","og_title":"Schlussakkord - Goethe-Gymnasium Berlin-Wilmersdorf","og_description":"Goethe-Gymnasium Berlin-Wilmersdorf","og_url":"https:\/\/goethe-gymnasium.berlin\/index.php\/2022\/12\/29\/schlussakkord\/","og_site_name":"Goethe-Gymnasium Berlin-Wilmersdorf","article_publisher":"https:\/\/www.facebook.com\/pages\/Goethe-Gymnasium\/109376575754402","article_published_time":"2022-12-29T20:32:43+00:00","article_modified_time":"2022-12-29T21:38:35+00:00","og_image":[{"width":794,"height":1123,"url":"https:\/\/goethe-gymnasium.berlin\/wp-content\/uploads\/2022\/12\/Weihnachtskonzert-2022.png","type":"image\/png"}],"author":"BWeber","twitter_card":"summary_large_image","twitter_misc":{"Verfasst von":"BWeber","Gesch\u00e4tzte Lesezeit":"3\u00a0Minuten"},"schema":{"@context":"https:\/\/schema.org","@graph":[{"@type":"Article","@id":"https:\/\/goethe-gymnasium.berlin\/index.php\/2022\/12\/29\/schlussakkord\/#article","isPartOf":{"@id":"https:\/\/goethe-gymnasium.berlin\/index.php\/2022\/12\/29\/schlussakkord\/"},"author":{"name":"BWeber","@id":"https:\/\/goethe-gymnasium.berlin\/#\/schema\/person\/657649ee416ae4c87decf9eca214731b"},"headline":"Schlussakkord","datePublished":"2022-12-29T20:32:43+00:00","dateModified":"2022-12-29T21:38:35+00:00","mainEntityOfPage":{"@id":"https:\/\/goethe-gymnasium.berlin\/index.php\/2022\/12\/29\/schlussakkord\/"},"wordCount":287,"publisher":{"@id":"https:\/\/goethe-gymnasium.berlin\/#organization"},"image":{"@id":"https:\/\/goethe-gymnasium.berlin\/index.php\/2022\/12\/29\/schlussakkord\/#primaryimage"},"thumbnailUrl":"https:\/\/goethe-gymnasium.berlin\/wp-content\/uploads\/2022\/12\/Weihnachtskonzert-2022.png","keywords":["Konzert","Weihnachtskonzert"],"articleSection":["Musik","Schulleben","Veranstaltungen"],"inLanguage":"de"},{"@type":"WebPage","@id":"https:\/\/goethe-gymnasium.berlin\/index.php\/2022\/12\/29\/schlussakkord\/","url":"https:\/\/goethe-gymnasium.berlin\/index.php\/2022\/12\/29\/schlussakkord\/","name":"Schlussakkord - Goethe-Gymnasium Berlin-Wilmersdorf","isPartOf":{"@id":"https:\/\/goethe-gymnasium.berlin\/#website"},"primaryImageOfPage":{"@id":"https:\/\/goethe-gymnasium.berlin\/index.php\/2022\/12\/29\/schlussakkord\/#primaryimage"},"image":{"@id":"https:\/\/goethe-gymnasium.berlin\/index.php\/2022\/12\/29\/schlussakkord\/#primaryimage"},"thumbnailUrl":"https:\/\/goethe-gymnasium.berlin\/wp-content\/uploads\/2022\/12\/Weihnachtskonzert-2022.png","datePublished":"2022-12-29T20:32:43+00:00","dateModified":"2022-12-29T21:38:35+00:00","description":"Goethe-Gymnasium Berlin-Wilmersdorf","breadcrumb":{"@id":"https:\/\/goethe-gymnasium.berlin\/index.php\/2022\/12\/29\/schlussakkord\/#breadcrumb"},"inLanguage":"de","potentialAction":[{"@type":"ReadAction","target":["https:\/\/goethe-gymnasium.berlin\/index.php\/2022\/12\/29\/schlussakkord\/"]}]},{"@type":"ImageObject","inLanguage":"de","@id":"https:\/\/goethe-gymnasium.berlin\/index.php\/2022\/12\/29\/schlussakkord\/#primaryimage","url":"https:\/\/goethe-gymnasium.berlin\/wp-content\/uploads\/2022\/12\/Weihnachtskonzert-2022.png","contentUrl":"https:\/\/goethe-gymnasium.berlin\/wp-content\/uploads\/2022\/12\/Weihnachtskonzert-2022.png","width":794,"height":1123},{"@type":"BreadcrumbList","@id":"https:\/\/goethe-gymnasium.berlin\/index.php\/2022\/12\/29\/schlussakkord\/#breadcrumb","itemListElement":[{"@type":"ListItem","position":1,"name":"Startseite","item":"https:\/\/goethe-gymnasium.berlin\/"},{"@type":"ListItem","position":2,"name":"Schlussakkord"}]},{"@type":"WebSite","@id":"https:\/\/goethe-gymnasium.berlin\/#website","url":"https:\/\/goethe-gymnasium.berlin\/","name":"Goethe-Gymnasium Berlin-Wilmersdorf","description":"","publisher":{"@id":"https:\/\/goethe-gymnasium.berlin\/#organization"},"potentialAction":[{"@type":"SearchAction","target":{"@type":"EntryPoint","urlTemplate":"https:\/\/goethe-gymnasium.berlin\/?s={search_term_string}"},"query-input":{"@type":"PropertyValueSpecification","valueRequired":true,"valueName":"search_term_string"}}],"inLanguage":"de"},{"@type":"Organization","@id":"https:\/\/goethe-gymnasium.berlin\/#organization","name":"Goethe-Gymnasium Berlin-Wilmersdorf","url":"https:\/\/goethe-gymnasium.berlin\/","logo":{"@type":"ImageObject","inLanguage":"de","@id":"https:\/\/goethe-gymnasium.berlin\/#\/schema\/logo\/image\/","url":"https:\/\/goethe-gymnasium.berlin\/wp-content\/uploads\/2018\/04\/goethe-logo_hoch.png","contentUrl":"https:\/\/goethe-gymnasium.berlin\/wp-content\/uploads\/2018\/04\/goethe-logo_hoch.png","width":755,"height":514,"caption":"Goethe-Gymnasium Berlin-Wilmersdorf"},"image":{"@id":"https:\/\/goethe-gymnasium.berlin\/#\/schema\/logo\/image\/"},"sameAs":["https:\/\/www.facebook.com\/pages\/Goethe-Gymnasium\/109376575754402","https:\/\/www.youtube.com\/channel\/UCMKuMVF9h_YkS3zmEp7SnzQ"]},{"@type":"Person","@id":"https:\/\/goethe-gymnasium.berlin\/#\/schema\/person\/657649ee416ae4c87decf9eca214731b","name":"BWeber","image":{"@type":"ImageObject","inLanguage":"de","@id":"https:\/\/secure.gravatar.com\/avatar\/02bebd62837a35b7591c929f78cee097518003bae0426a33e45c214fc8bd37fb?s=96&d=mm&r=g","url":"https:\/\/secure.gravatar.com\/avatar\/02bebd62837a35b7591c929f78cee097518003bae0426a33e45c214fc8bd37fb?s=96&d=mm&r=g","contentUrl":"https:\/\/secure.gravatar.com\/avatar\/02bebd62837a35b7591c929f78cee097518003bae0426a33e45c214fc8bd37fb?s=96&d=mm&r=g","caption":"BWeber"},"url":"https:\/\/goethe-gymnasium.berlin\/index.php\/author\/bweber\/"}]}},"_links":{"self":[{"href":"https:\/\/goethe-gymnasium.berlin\/index.php\/wp-json\/wp\/v2\/posts\/10166","targetHints":{"allow":["GET"]}}],"collection":[{"href":"https:\/\/goethe-gymnasium.berlin\/index.php\/wp-json\/wp\/v2\/posts"}],"about":[{"href":"https:\/\/goethe-gymnasium.berlin\/index.php\/wp-json\/wp\/v2\/types\/post"}],"author":[{"embeddable":true,"href":"https:\/\/goethe-gymnasium.berlin\/index.php\/wp-json\/wp\/v2\/users\/4"}],"replies":[{"embeddable":true,"href":"https:\/\/goethe-gymnasium.berlin\/index.php\/wp-json\/wp\/v2\/comments?post=10166"}],"version-history":[{"count":5,"href":"https:\/\/goethe-gymnasium.berlin\/index.php\/wp-json\/wp\/v2\/posts\/10166\/revisions"}],"predecessor-version":[{"id":10192,"href":"https:\/\/goethe-gymnasium.berlin\/index.php\/wp-json\/wp\/v2\/posts\/10166\/revisions\/10192"}],"wp:featuredmedia":[{"embeddable":true,"href":"https:\/\/goethe-gymnasium.berlin\/index.php\/wp-json\/wp\/v2\/media\/10167"}],"wp:attachment":[{"href":"https:\/\/goethe-gymnasium.berlin\/index.php\/wp-json\/wp\/v2\/media?parent=10166"}],"wp:term":[{"taxonomy":"category","embeddable":true,"href":"https:\/\/goethe-gymnasium.berlin\/index.php\/wp-json\/wp\/v2\/categories?post=10166"},{"taxonomy":"post_tag","embeddable":true,"href":"https:\/\/goethe-gymnasium.berlin\/index.php\/wp-json\/wp\/v2\/tags?post=10166"}],"curies":[{"name":"wp","href":"https:\/\/api.w.org\/{rel}","templated":true}]}}